{"id":1890,"date":"2022-01-10T11:16:52","date_gmt":"2022-01-10T10:16:52","guid":{"rendered":"https:\/\/agora.xtec.cat\/ceip-ernest-lluch\/?p=1890"},"modified":"2022-01-10T10:19:02","modified_gmt":"2022-01-10T09:19:02","slug":"actualitzacio-gestio-dels-casos-de-covid-19-als-centres-educatius","status":"publish","type":"post","link":"https:\/\/agora.xtec.cat\/ceip-ernest-lluch\/general\/actualitzacio-gestio-dels-casos-de-covid-19-als-centres-educatius\/","title":{"rendered":"ACTUALITZACI\u00d3 GESTI\u00d3 DELS CASOS DE COVID-19 ALS CENTRES EDUCATIUS"},"content":{"rendered":"<p>Benvolgudes fam\u00edlies,<\/p>\n<p>El Departament d&#8217;Educaci\u00f3 ens ha fet arribar el document de\u00a0<u>Gesti\u00f3 de casos de covid-19 als centres educatius\u00a0<\/u>actualitzat a 9 de gener.\u00a0Els canvis respecte del protocol vigent el primer trimestre s\u00f3n els seg\u00fcents:<\/p>\n<p>-Qualsevol s\u00edmptoma incl\u00f2s en el protocol de gesti\u00f3 de casos \u00e9s compatible amb covid-19 (febre o febr\u00edcula, tos, dificultat per respirar, mal de coll, refredat nasal, cansament, dolors musculars, mal de cap, mal de panxa, v\u00f2mits, diarrea, p\u00e8rdua d&#8217;olfacte o gust).\u00a0P<strong>er tant, davant d&#8217;un s\u00edmptoma de nova aparici\u00f3, encara que es presenti de forma a\u00efllada, caldr\u00e0 que la persona afectada es quedi a casa, es posi en contacte amb el metge i, si \u00e9s el cas, es sotmeti a una prova diagn\u00f2stica i no vagi al centre educatiu fins que tingui un resultat negatiu.<\/strong><\/p>\n<p>Les persones que presentin simptomatologia compatible amb la COVID-19 i hagin tingut una infecci\u00f3 confirmada per SARS-CoV-2 els 90 dies previs a l&#8217;aparici\u00f3 de la simptomatologia no s&#8217;han de considerar casos sospitos de nou, tret que hi hagi prou indicis cl\u00ednics que alertin d&#8217;una possible reinfecci\u00f3.<\/p>\n<p>&#8211;<strong>Els infants o adults que es trobin en a\u00efllament perqu\u00e8 han estat positius de covid-19 no poden anar al centre escolar fins que no finalitzi el periode de 7 dies si han estat asimptom\u00e0tics i de 10 dies si han presentat s\u00edmptomes sempre que haing estat les darreres 72 hores sense s\u00edmptomes.<\/strong><\/p>\n<p>-Amb relaci\u00f3 a la gesti\u00f3 dels contactes estrets, es consideren\u00a0<strong>immunitzades\u00a0<\/strong>les persones que han rebut la pauta de vacunaci\u00f3 completa (14 dies despr\u00e9s d&#8217;haver rebut la darrera dosi) i\/o les persones que han passat la malaltia (amb prova diagn\u00f2stica que ho confirmi) en els darrers 90 dies (3 mesos).\u00a0<strong>Les persones immunitzades queden exemptes de fer quarantena, si b\u00e9 han de reduir la seva interacci\u00f3 social i estar amatents a l&#8217;aparici\u00f3 de qualsevol dels s\u00edmptomes esmentats.<\/strong> Si n&#8217;apareix algun, cal que es quedin a casa i que contactin per tel\u00e8fon, a trav\u00e9s de l Meva Salut amb el seu ABS.<\/p>\n<p>-Davant d&#8217;un cas positiu en un grup estable, es realitzaran tests d&#8217;ant\u00edgens a la resta de components d&#8217;aquell grup estable.\u00a0<strong>L&#8217;alumne\/a tindr\u00e0 dret a un test gratu\u00eft fet a la farm\u00e0cia el mateix dia o l&#8217;endem\u00e0 que us informem del contagi al seu grup.\u00a0<\/strong>Els alumnes d&#8217;Ed.Prim\u00e0ria es dirigiran a la farm\u00e0cia amb la fam\u00edlia i als alumnes d&#8217;Educaci\u00f3 Infantil se&#8217;ls far\u00e0 la prova en un punt centralitzat que indicar\u00e0 l&#8217;ABS d&#8217;Abrera.<\/p>\n<p>-Els alumnes d&#8217;Educaci\u00f3 Infantil i Prim\u00e0ria <strong>nom\u00e9s\u00a0hauran de fer una quarantena de 7 dies quan es detectin dins del seu grup 5 o m\u00e9s contagis en el periode d&#8217;una setmana.<\/strong> No caldr\u00e0 que s&#8217;a\u00efllin els alumnes immunitzats (hagin passat la COVID-19 en els darrers tres m\u00e9sos o portin la pauta completa).<\/p>\n<p>-Davant de la comunicaci\u00f3 d&#8217;un cas positiu i, tenint en compte els canvis de protocol adoptats,<strong> l&#8217;escola us ho comunicar\u00e0 exclusivament via dinantia.<\/strong><\/p>\n<p>Restant a la vostra disposici\u00f3 davant qualsevol dubte i\/o inquietud.<\/p>\n<p>Cordialment,<\/p>\n<p>L&#8217;ESCOLA<\/p>\n","protected":false},"excerpt":{"rendered":"<p>Benvolgudes fam\u00edlies, El Departament d&#8217;Educaci\u00f3 ens ha fet arribar el document de\u00a0Gesti\u00f3 de casos de covid-19 als centres educatius\u00a0actualitzat a 9 de gener.\u00a0Els canvis respecte del protocol vigent el primer trimestre s\u00f3n els seg\u00fcents: -Qualsevol s\u00edmptoma incl\u00f2s en el protocol de gesti\u00f3 de casos \u00e9s compatible amb covid-19 (febre o febr\u00edcula, tos, dificultat per respirar, [&hellip;]<\/p>\n","protected":false},"author":1,"featured_media":0,"comment_status":"open","ping_status":"closed","sticky":false,"template":"","format":"standard","meta":{"_bbp_topic_count":0,"_bbp_reply_count":0,"_bbp_total_topic_count":0,"_bbp_total_reply_count":0,"_bbp_voice_count":0,"_bbp_anonymous_reply_count":0,"_bbp_topic_count_hidden":0,"_bbp_reply_count_hidden":0,"_bbp_forum_subforum_count":0,"site-sidebar-layout":"default","site-content-layout":"","ast-site-content-layout":"","site-content-style":"default","site-sidebar-style":"default","ast-global-header-display":"","ast-banner-title-visibility":"","ast-main-header-display":"","ast-hfb-above-header-display":"","ast-hfb-below-header-display":"","ast-hfb-mobile-header-display":"","site-post-title":"","ast-breadcrumbs-content":"","ast-featured-img":"","footer-sml-layout":"","theme-transparent-header-meta":"","adv-header-id-meta":"","stick-header-meta":"","header-above-stick-meta":"","header-main-stick-meta":"","header-below-stick-meta":"","astra-migrate-meta-layouts":"default","ast-page-background-enabled":"default","ast-page-background-meta":{"desktop":{"background-color":"var(--ast-global-color-4)","background-image":"","background-repeat":"repeat","background-position":"center center","background-size":"auto","background-attachment":"scroll","background-type":"","background-media":"","overlay-type":"","overlay-color":"","overlay-opacity":"","overlay-gradient":""},"tablet":{"background-color":"","background-image":"","background-repeat":"repeat","background-position":"center center","background-size":"auto","background-attachment":"scroll","background-type":"","background-media":"","overlay-type":"","overlay-color":"","overlay-opacity":"","overlay-gradient":""},"mobile":{"background-color":"","background-image":"","background-repeat":"repeat","background-position":"center center","background-size":"auto","background-attachment":"scroll","background-type":"","background-media":"","overlay-type":"","overlay-color":"","overlay-opacity":"","overlay-gradient":""}},"ast-content-background-meta":{"desktop":{"background-color":"var(--ast-global-color-5)","background-image":"","background-repeat":"repeat","background-position":"center center","background-size":"auto","background-attachment":"scroll","background-type":"","background-media":"","overlay-type":"","overlay-color":"","overlay-opacity":"","overlay-gradient":""},"tablet":{"background-color":"var(--ast-global-color-5)","background-image":"","background-repeat":"repeat","background-position":"center center","background-size":"auto","background-attachment":"scroll","background-type":"","background-media":"","overlay-type":"","overlay-color":"","overlay-opacity":"","overlay-gradient":""},"mobile":{"background-color":"var(--ast-global-color-5)","background-image":"","background-repeat":"repeat","background-position":"center center","background-size":"auto","background-attachment":"scroll","background-type":"","background-media":"","overlay-type":"","overlay-color":"","overlay-opacity":"","overlay-gradient":""}},"footnotes":""},"categories":[10,12,13,14,15,7,5,2,1,3,8,9,4],"tags":[],"class_list":["post-1890","post","type-post","status-publish","format-standard","hentry","category-1r","category-3r","category-4t","category-5e","category-6e","category-afa","category-primaria","category-ed-infantil","category-general","category-p3","category-p4","category-p5","category-portada"],"post_mailing_queue_ids":[],"_links":{"self":[{"href":"https:\/\/agora.xtec.cat\/ceip-ernest-lluch\/wp-json\/wp\/v2\/posts\/1890","targetHints":{"allow":["GET"]}}],"collection":[{"href":"https:\/\/agora.xtec.cat\/ceip-ernest-lluch\/wp-json\/wp\/v2\/posts"}],"about":[{"href":"https:\/\/agora.xtec.cat\/ceip-ernest-lluch\/wp-json\/wp\/v2\/types\/post"}],"author":[{"embeddable":true,"href":"https:\/\/agora.xtec.cat\/ceip-ernest-lluch\/wp-json\/wp\/v2\/users\/1"}],"replies":[{"embeddable":true,"href":"https:\/\/agora.xtec.cat\/ceip-ernest-lluch\/wp-json\/wp\/v2\/comments?post=1890"}],"version-history":[{"count":1,"href":"https:\/\/agora.xtec.cat\/ceip-ernest-lluch\/wp-json\/wp\/v2\/posts\/1890\/revisions"}],"predecessor-version":[{"id":1891,"href":"https:\/\/agora.xtec.cat\/ceip-ernest-lluch\/wp-json\/wp\/v2\/posts\/1890\/revisions\/1891"}],"wp:attachment":[{"href":"https:\/\/agora.xtec.cat\/ceip-ernest-lluch\/wp-json\/wp\/v2\/media?parent=1890"}],"wp:term":[{"taxonomy":"category","embeddable":true,"href":"https:\/\/agora.xtec.cat\/ceip-ernest-lluch\/wp-json\/wp\/v2\/categories?post=1890"},{"taxonomy":"post_tag","embeddable":true,"href":"https:\/\/agora.xtec.cat\/ceip-ernest-lluch\/wp-json\/wp\/v2\/tags?post=1890"}],"curies":[{"name":"wp","href":"https:\/\/api.w.org\/{rel}","templated":true}]}}