{"id":1711,"date":"2021-04-12T10:33:32","date_gmt":"2021-04-12T08:33:32","guid":{"rendered":"http:\/\/agora.xtec.cat\/ceip-ernest-lluch\/?p=1711"},"modified":"2021-04-12T10:33:32","modified_gmt":"2021-04-12T08:33:32","slug":"informacio-colonies-el-collell","status":"publish","type":"post","link":"https:\/\/agora.xtec.cat\/ceip-ernest-lluch\/primaria\/informacio-colonies-el-collell\/","title":{"rendered":"INFORMACI\u00d3 COL\u00d2NIES EL COLLELL"},"content":{"rendered":"<p>Ja queda ben poc per les col\u00f2nies de 6\u00e8. Segur que ens esperen uns dies plens de diversi\u00f3 on acomiadarem el curs i l&#8217;escola de la millor manera possible: junts i amb alegria! En aquesta p\u00e0gina trobareu tota la informaci\u00f3\u00a0disponible i la documentaci\u00f3 que a l&#8217;escola farem arribar als alumnes:<\/p>\n<p><strong><span style=\"color: #3366ff;\">Planning de les col\u00f2nies.<\/span><\/strong><\/p>\n<p><a href=\"https:\/\/elcollell.wixsite.com\/intraweb\/activitats-aventura\" target=\"_blank\" rel=\"noopener noreferrer\"><strong><span style=\"color: #3366ff;\">Informaci\u00f3 de les activitats.<\/span><\/strong><\/a><\/p>\n<p><a href=\"https:\/\/85b1262a-c89e-4334-a44c-79c3231a5b35.filesusr.com\/ugd\/39b34e_27681b0a66b744d8a4b082a1fffe8d55.pdf\" target=\"_blank\" rel=\"noopener noreferrer\"><strong><span style=\"color: #3366ff;\">Protocol prevenci\u00f3 Covid19.<\/span><\/strong><\/a><\/p>\n<p><strong><span style=\"color: #3366ff;\"><a style=\"color: #3366ff;\" href=\"https:\/\/drive.google.com\/file\/d\/1nUQqWdBX9pNw9l7hLp3qfUdOit-AmACs\/view?usp=sharing\" target=\"_blank\" rel=\"noopener noreferrer\">Full de permisos i al\u00b7l\u00e8rgies.<\/a>\u00a0<\/span><\/strong><span style=\"color: #3366ff;\"><span style=\"color: #000000;\">Els alumnes en rebran una c\u00f2pia que ens haureu de dur\u00a0emplenada\u00a0i firmada.<\/span><\/span><\/p>\n<p><strong><span style=\"color: #3366ff;\"><a href=\"https:\/\/drive.google.com\/file\/d\/1GNQ-Y5tHIy010l8YEziotUl6eYSOEVnP\/view?usp=sharing\" target=\"_blank\" rel=\"noopener noreferrer\">Qu\u00e8 ens hem d&#8217;endur?<\/a>\u00a0<\/span><\/strong><span style=\"color: #3366ff;\"><span style=\"color: #000000;\">Aqu\u00ed trobareu la llista del material que cal portar i el que NO es pot dur. Els alumnes en rebran una c\u00f2pia.<\/span><\/span><\/p>\n<p><strong><span style=\"color: #3366ff;\"><a style=\"color: #3366ff;\" href=\"https:\/\/drive.google.com\/file\/d\/1cGxmzDeWWVFEjoCOl_7LofS942D42Kvs\/view?usp=sharing\" target=\"_blank\" rel=\"noopener noreferrer\">Com fer\u00a0la motxilla?<\/a>\u00a0<\/span><\/strong><span style=\"color: #3366ff;\"><span style=\"color: #000000;\">Alguns trucs per ajudar-vos a fer la motxilla\u00a0 \ud83d\ude09\u00a0<\/span><\/span><\/p>\n<p style=\"text-align: left;\"><strong><span style=\"color: #ff6600;\">HORARIS: <\/span><\/strong><\/p>\n<ul>\n<li style=\"text-align: left;\"><span style=\"color: #000000;\">SORTIDA: Ens trobarem a l&#8217;escola a les 8:50h, com de costum; els alumnes entraran al centre i marxarem a les 9:30h amb l&#8217;autocar. Per tal de garantir les mesures sanit\u00e0ries vigents i evitar aglomeracions a fora, us demanem que us acomiadeu dels nens abans que entrin a l&#8217;escola.<\/span><\/li>\n<li style=\"text-align: left;\">ARRIBADA: Davant l&#8217;escola al voltant de les <strong>17:10 h<\/strong>, el dia 12 de maig.<\/li>\n<\/ul>\n<p style=\"text-align: center;\"><strong><span style=\"color: #ff0000;\">RECORDEU:<\/span>\u00a0<\/strong>Caldr\u00e0 que ens deixeu la <strong>tarja sanit\u00e0ria<\/strong> dels vostres fills\/es els dies que anem de col\u00f2nies. Us demanem que ens la feu arribar <strong>abans<\/strong> de la sortida.<\/p>\n<p><strong>WEB DEL COLLELL:\u00a0<span style=\"color: #3366ff;\"><a style=\"color: #3366ff;\" href=\"https:\/\/www.elcollell.cat\/casa-de-colonies.html\" target=\"_blank\" rel=\"noopener noreferrer\">https:\/\/www.elcollell.cat\/casa-de-colonies.html<\/a><\/span><\/strong><\/p>\n<p><strong>DIRECCI\u00d3 DE LA CASA:<\/strong>\u00a0Crta. Santuari Sta. Maria del Collell s\/n,17831 Sant Miquel de Campmajor, Girona, Espanya<\/p>\n<p><iframe loading=\"lazy\" style=\"border: 0;\" src=\"https:\/\/www.google.com\/maps\/embed?pb=!1m18!1m12!1m3!1d6342.921063466784!2d2.6556528258830525!3d42.15135684408246!2m3!1f0!2f0!3f0!3m2!1i1024!2i768!4f13.1!3m3!1m2!1s0x12bac65f5082e0f9%3A0xf5a32965a44473e2!2sCasa+de+col%C3%B2nies+El+Collell!5e1!3m2!1sca!2ses!4v1555929098977!5m2!1sca!2ses\" width=\"600\" height=\"450\" frameborder=\"0\" allowfullscreen=\"allowfullscreen\"><\/iframe><\/p>\n","protected":false},"excerpt":{"rendered":"<p>Ja queda ben poc per les col\u00f2nies de 6\u00e8. Segur que ens esperen uns dies plens de diversi\u00f3 on acomiadarem el curs i l&#8217;escola de la millor manera possible: junts i amb alegria! En aquesta p\u00e0gina trobareu tota la informaci\u00f3\u00a0disponible i la documentaci\u00f3 que a l&#8217;escola farem arribar als alumnes: Planning de les col\u00f2nies. Informaci\u00f3 [&hellip;]<\/p>\n","protected":false},"author":1,"featured_media":0,"comment_status":"open","ping_status":"closed","sticky":false,"template":"","format":"standard","meta":{"_bbp_topic_count":0,"_bbp_reply_count":0,"_bbp_total_topic_count":0,"_bbp_total_reply_count":0,"_bbp_voice_count":0,"_bbp_anonymous_reply_count":0,"_bbp_topic_count_hidden":0,"_bbp_reply_count_hidden":0,"_bbp_forum_subforum_count":0,"site-sidebar-layout":"default","site-content-layout":"","ast-site-content-layout":"","site-content-style":"default","site-sidebar-style":"default","ast-global-header-display":"","ast-banner-title-visibility":"","ast-main-header-display":"","ast-hfb-above-header-display":"","ast-hfb-below-header-display":"","ast-hfb-mobile-header-display":"","site-post-title":"","ast-breadcrumbs-content":"","ast-featured-img":"","footer-sml-layout":"","theme-transparent-header-meta":"","adv-header-id-meta":"","stick-header-meta":"","header-above-stick-meta":"","header-main-stick-meta":"","header-below-stick-meta":"","astra-migrate-meta-layouts":"default","ast-page-background-enabled":"default","ast-page-background-meta":{"desktop":{"background-color":"var(--ast-global-color-4)","background-image":"","background-repeat":"repeat","background-position":"center center","background-size":"auto","background-attachment":"scroll","background-type":"","background-media":"","overlay-type":"","overlay-color":"","overlay-opacity":"","overlay-gradient":""},"tablet":{"background-color":"","background-image":"","background-repeat":"repeat","background-position":"center center","background-size":"auto","background-attachment":"scroll","background-type":"","background-media":"","overlay-type":"","overlay-color":"","overlay-opacity":"","overlay-gradient":""},"mobile":{"background-color":"","background-image":"","background-repeat":"repeat","background-position":"center center","background-size":"auto","background-attachment":"scroll","background-type":"","background-media":"","overlay-type":"","overlay-color":"","overlay-opacity":"","overlay-gradient":""}},"ast-content-background-meta":{"desktop":{"background-color":"var(--ast-global-color-5)","background-image":"","background-repeat":"repeat","background-position":"center center","background-size":"auto","background-attachment":"scroll","background-type":"","background-media":"","overlay-type":"","overlay-color":"","overlay-opacity":"","overlay-gradient":""},"tablet":{"background-color":"var(--ast-global-color-5)","background-image":"","background-repeat":"repeat","background-position":"center center","background-size":"auto","background-attachment":"scroll","background-type":"","background-media":"","overlay-type":"","overlay-color":"","overlay-opacity":"","overlay-gradient":""},"mobile":{"background-color":"var(--ast-global-color-5)","background-image":"","background-repeat":"repeat","background-position":"center center","background-size":"auto","background-attachment":"scroll","background-type":"","background-media":"","overlay-type":"","overlay-color":"","overlay-opacity":"","overlay-gradient":""}},"footnotes":""},"categories":[15,5],"tags":[],"class_list":["post-1711","post","type-post","status-publish","format-standard","hentry","category-6e","category-primaria"],"post_mailing_queue_ids":[],"_links":{"self":[{"href":"https:\/\/agora.xtec.cat\/ceip-ernest-lluch\/wp-json\/wp\/v2\/posts\/1711","targetHints":{"allow":["GET"]}}],"collection":[{"href":"https:\/\/agora.xtec.cat\/ceip-ernest-lluch\/wp-json\/wp\/v2\/posts"}],"about":[{"href":"https:\/\/agora.xtec.cat\/ceip-ernest-lluch\/wp-json\/wp\/v2\/types\/post"}],"author":[{"embeddable":true,"href":"https:\/\/agora.xtec.cat\/ceip-ernest-lluch\/wp-json\/wp\/v2\/users\/1"}],"replies":[{"embeddable":true,"href":"https:\/\/agora.xtec.cat\/ceip-ernest-lluch\/wp-json\/wp\/v2\/comments?post=1711"}],"version-history":[{"count":1,"href":"https:\/\/agora.xtec.cat\/ceip-ernest-lluch\/wp-json\/wp\/v2\/posts\/1711\/revisions"}],"predecessor-version":[{"id":1712,"href":"https:\/\/agora.xtec.cat\/ceip-ernest-lluch\/wp-json\/wp\/v2\/posts\/1711\/revisions\/1712"}],"wp:attachment":[{"href":"https:\/\/agora.xtec.cat\/ceip-ernest-lluch\/wp-json\/wp\/v2\/media?parent=1711"}],"wp:term":[{"taxonomy":"category","embeddable":true,"href":"https:\/\/agora.xtec.cat\/ceip-ernest-lluch\/wp-json\/wp\/v2\/categories?post=1711"},{"taxonomy":"post_tag","embeddable":true,"href":"https:\/\/agora.xtec.cat\/ceip-ernest-lluch\/wp-json\/wp\/v2\/tags?post=1711"}],"curies":[{"name":"wp","href":"https:\/\/api.w.org\/{rel}","templated":true}]}}