{"id":1706,"date":"2021-04-02T09:04:56","date_gmt":"2021-04-02T07:04:56","guid":{"rendered":"http:\/\/agora.xtec.cat\/ceip-ernest-lluch\/?p=1706"},"modified":"2021-03-26T16:09:42","modified_gmt":"2021-03-26T15:09:42","slug":"2-dabril-dia-internacional-de-lautisme","status":"publish","type":"post","link":"https:\/\/agora.xtec.cat\/ceip-ernest-lluch\/general\/2-dabril-dia-internacional-de-lautisme\/","title":{"rendered":"2 d&#8217;ABRIL: DIA INTERNACIONAL DE L&#8217;AUTISME"},"content":{"rendered":"<p>El\u00a0Dia Internacional de Conscienciaci\u00f3 de l\u2019Autisme t\u00e9 com a objectiu fomentar una societat inclusiva que cuidi a tots els seus membres i garantir que totes les persones amb autisme puguin portar una vida plena i gratificant.<\/p>\n<p>L\u2019autisme \u00e9s una discapacitat permanent del desenvolupament que es manifesta en els tres primers anys i es deriva d\u2019un trastorn neurol\u00f2gic que afecta el funcionament del cervell, independentment del g\u00e8nere, la ra\u00e7a o la condici\u00f3 social i econ\u00f2mica.<\/p>\n<p>Es caracteritza per defici\u00e8ncies en la interacci\u00f3 social, problemes en la comunicaci\u00f3 verbal i no verbal i patrons de comportament, interessos i activitats restringits i repetitius.<\/p>\n<p>L\u2019estigmatitzaci\u00f3 i la discriminaci\u00f3 associades a la diversitat en l\u2019\u00e0mbit neurol\u00f2gic segueixen sent els principals obstacles pel diagn\u00f2stic i el tractament. Es tracta d\u2019una q\u00fcesti\u00f3 que han d\u2019abordar els encarregats de l\u2019adopci\u00f3 de pol\u00edtiques p\u00fabliques.<\/p>\n<div>\n<p class=\"post-subtitle \">Per la Conscienciaci\u00f3 sobre l\u2019Autisme i per commemorar el Dia Mundial,\u00a0<strong>betev\u00e9<\/strong> s\u2019hi va bolcar amb el documental \u201cSENTIR\u201d l&#8217;any 2018.<\/p>\n<\/div>\n<p id=\"gt-res-content\">\u00c9s un documental vivencial que entrella\u00e7a quatre hist\u00f2ries de quatre testimonis diferents. Explicat en primera persona, mostra com experimenta el m\u00f3n una persona amb TEA. Sense intermediaris, ni experts, ni entrevistes, (Sentir) mostra la part m\u00e9s sensorial d\u2019una persona amb autisme. Acariciar un cavall, admirar una obra d\u2019art contemporani o explorar a fons la xarxa de metro de Barcelona es converteixen en accions vitals per connectar amb l\u2019entorn.<\/p>\n<p>Com diu un dels protagonistes del documental, (Sentir) \u00e9s estar a un altre lloc. Ens transportem al seu lloc per entendre com interaccionen amb els altres en funci\u00f3 d\u2019all\u00f2 que senten. (Sentir) \u00e9s un exercici d\u2019introspecci\u00f3. (Sentir) \u00e9s mirar endins. Sense jutjar, sense filtres.<\/p>\n<p><iframe loading=\"lazy\" src=\"https:\/\/www.youtube.com\/embed\/cCKK-iPeGq4\" width=\"560\" height=\"315\" frameborder=\"0\"><\/iframe><\/p>\n<p>Tamb\u00e9 us deixem l&#8217;enlla\u00e7 a un <a href=\"https:\/\/youtu.be\/qw3TLmsvHSU\">documental<\/a> guanyador d&#8217;un Oscar basat en la vida del Owen.<\/p>\n","protected":false},"excerpt":{"rendered":"<p>El\u00a0Dia Internacional de Conscienciaci\u00f3 de l\u2019Autisme t\u00e9 com a objectiu fomentar una societat inclusiva que cuidi a tots els seus membres i garantir que totes les persones amb autisme puguin portar una vida plena i gratificant. L\u2019autisme \u00e9s una discapacitat permanent del desenvolupament que es manifesta en els tres primers anys i es deriva d\u2019un [&hellip;]<\/p>\n","protected":false},"author":1,"featured_media":0,"comment_status":"open","ping_status":"closed","sticky":false,"template":"","format":"standard","meta":{"_bbp_topic_count":0,"_bbp_reply_count":0,"_bbp_total_topic_count":0,"_bbp_total_reply_count":0,"_bbp_voice_count":0,"_bbp_anonymous_reply_count":0,"_bbp_topic_count_hidden":0,"_bbp_reply_count_hidden":0,"_bbp_forum_subforum_count":0,"site-sidebar-layout":"default","site-content-layout":"","ast-site-content-layout":"","site-content-style":"default","site-sidebar-style":"default","ast-global-header-display":"","ast-banner-title-visibility":"","ast-main-header-display":"","ast-hfb-above-header-display":"","ast-hfb-below-header-display":"","ast-hfb-mobile-header-display":"","site-post-title":"","ast-breadcrumbs-content":"","ast-featured-img":"","footer-sml-layout":"","theme-transparent-header-meta":"","adv-header-id-meta":"","stick-header-meta":"","header-above-stick-meta":"","header-main-stick-meta":"","header-below-stick-meta":"","astra-migrate-meta-layouts":"default","ast-page-background-enabled":"default","ast-page-background-meta":{"desktop":{"background-color":"var(--ast-global-color-4)","background-image":"","background-repeat":"repeat","background-position":"center center","background-size":"auto","background-attachment":"scroll","background-type":"","background-media":"","overlay-type":"","overlay-color":"","overlay-opacity":"","overlay-gradient":""},"tablet":{"background-color":"","background-image":"","background-repeat":"repeat","background-position":"center center","background-size":"auto","background-attachment":"scroll","background-type":"","background-media":"","overlay-type":"","overlay-color":"","overlay-opacity":"","overlay-gradient":""},"mobile":{"background-color":"","background-image":"","background-repeat":"repeat","background-position":"center center","background-size":"auto","background-attachment":"scroll","background-type":"","background-media":"","overlay-type":"","overlay-color":"","overlay-opacity":"","overlay-gradient":""}},"ast-content-background-meta":{"desktop":{"background-color":"var(--ast-global-color-5)","background-image":"","background-repeat":"repeat","background-position":"center center","background-size":"auto","background-attachment":"scroll","background-type":"","background-media":"","overlay-type":"","overlay-color":"","overlay-opacity":"","overlay-gradient":""},"tablet":{"background-color":"var(--ast-global-color-5)","background-image":"","background-repeat":"repeat","background-position":"center center","background-size":"auto","background-attachment":"scroll","background-type":"","background-media":"","overlay-type":"","overlay-color":"","overlay-opacity":"","overlay-gradient":""},"mobile":{"background-color":"var(--ast-global-color-5)","background-image":"","background-repeat":"repeat","background-position":"center center","background-size":"auto","background-attachment":"scroll","background-type":"","background-media":"","overlay-type":"","overlay-color":"","overlay-opacity":"","overlay-gradient":""}},"footnotes":""},"categories":[10,11,12,13,14,15,7,5,2,1,3,8,9,4],"tags":[],"class_list":["post-1706","post","type-post","status-publish","format-standard","hentry","category-1r","category-2n","category-3r","category-4t","category-5e","category-6e","category-afa","category-primaria","category-ed-infantil","category-general","category-p3","category-p4","category-p5","category-portada"],"post_mailing_queue_ids":[],"_links":{"self":[{"href":"https:\/\/agora.xtec.cat\/ceip-ernest-lluch\/wp-json\/wp\/v2\/posts\/1706","targetHints":{"allow":["GET"]}}],"collection":[{"href":"https:\/\/agora.xtec.cat\/ceip-ernest-lluch\/wp-json\/wp\/v2\/posts"}],"about":[{"href":"https:\/\/agora.xtec.cat\/ceip-ernest-lluch\/wp-json\/wp\/v2\/types\/post"}],"author":[{"embeddable":true,"href":"https:\/\/agora.xtec.cat\/ceip-ernest-lluch\/wp-json\/wp\/v2\/users\/1"}],"replies":[{"embeddable":true,"href":"https:\/\/agora.xtec.cat\/ceip-ernest-lluch\/wp-json\/wp\/v2\/comments?post=1706"}],"version-history":[{"count":1,"href":"https:\/\/agora.xtec.cat\/ceip-ernest-lluch\/wp-json\/wp\/v2\/posts\/1706\/revisions"}],"predecessor-version":[{"id":1707,"href":"https:\/\/agora.xtec.cat\/ceip-ernest-lluch\/wp-json\/wp\/v2\/posts\/1706\/revisions\/1707"}],"wp:attachment":[{"href":"https:\/\/agora.xtec.cat\/ceip-ernest-lluch\/wp-json\/wp\/v2\/media?parent=1706"}],"wp:term":[{"taxonomy":"category","embeddable":true,"href":"https:\/\/agora.xtec.cat\/ceip-ernest-lluch\/wp-json\/wp\/v2\/categories?post=1706"},{"taxonomy":"post_tag","embeddable":true,"href":"https:\/\/agora.xtec.cat\/ceip-ernest-lluch\/wp-json\/wp\/v2\/tags?post=1706"}],"curies":[{"name":"wp","href":"https:\/\/api.w.org\/{rel}","templated":true}]}}