{"id":1658,"date":"2021-02-16T08:32:12","date_gmt":"2021-02-16T07:32:12","guid":{"rendered":"http:\/\/agora.xtec.cat\/ceip-ernest-lluch\/?p=1658"},"modified":"2021-02-09T15:53:24","modified_gmt":"2021-02-09T14:53:24","slug":"jornades-portes-obertes-virtuals","status":"publish","type":"post","link":"https:\/\/agora.xtec.cat\/ceip-ernest-lluch\/ed-infantil\/jornades-portes-obertes-virtuals\/","title":{"rendered":"JORNADES PORTES OBERTES VIRTUALS"},"content":{"rendered":"<p>Aquest any la jornada de portes obertes tindr\u00e0 un format virtual a trav\u00e9s de 4 trobades virtuals per Google Meet i que tindr\u00e0 un aforament limitat a 15 fam\u00edlies com a m\u00e0xim per tal de poder-vos atendre correctament i resoldre els possibles dubtes. Paral.lelament anirem penjant al web i a les xarxes socials @elluchabrera documentaci\u00f3 visual per qu\u00e8 us pugueu endinsar en el dia a dia a l&#8217;escola.<\/p>\n<p>Hem acordat aquest format amb la resta d\u2019escoles d&#8217;Abrera ateses les circumst\u00e0ncies actuals derivades de la pand\u00e8mia:<\/p>\n<ul>\n<li>Tenim un pla d\u2019organitzaci\u00f3 que no permet fer trobades presencials al centre i no estem deixant entrar a les fam\u00edlies a no ser que sigui essencial.<\/li>\n<li>No es pot garantir un servei de desinfecci\u00f3 cada cop que es fes una visita.<\/li>\n<li>Volem garantir les m\u00e0ximes mesures de seguretat enfront de la Covid.<\/li>\n<li style=\"list-style-type: none;\">\n<ul>\n<li style=\"list-style-type: none;\"><\/li>\n<\/ul>\n<\/li>\n<\/ul>\n<p>En el cas de l&#8217;Escola Ernest Lluch les dates de les <strong>portes obertes virtuals<\/strong> s\u00f3n les seg\u00fcents:<\/p>\n<ul>\n<li>Dimecres, 3 de mar\u00e7 a les 15.10h<\/li>\n<li>Dijous, 4 de mar\u00e7 a les 11h<\/li>\n<li>Dimarts, 9 de mar\u00e7 a les 15.10h<\/li>\n<li>Divendres, 12 de mar\u00e7 a les 10h<\/li>\n<\/ul>\n<p>Per tal de fer la inscripci\u00f3 a les portes obertes virtuals, cal que envieu un correu a l&#8217;escola (a8059822@xtec.cat), truqueu a l&#8217;escola (937701213) o ompliu el seg\u00fcent <strong><a href=\"https:\/\/forms.gle\/6KSgjP9ZmEud77Fp9\">formulari<\/a>.<\/strong><\/p>\n<p style=\"text-align: center;\"><a href=\"https:\/\/agora.xtec.cat\/ceip-ernest-lluch\/wp-content\/uploads\/usu939\/2021\/02\/PANCARTAPORTESOBERTES.png\"><img loading=\"lazy\" decoding=\"async\" class=\"wp-image-1659 aligncenter\" src=\"https:\/\/agora.xtec.cat\/ceip-ernest-lluch\/wp-content\/uploads\/usu939\/2021\/02\/PANCARTAPORTESOBERTES-300x300.png\" alt=\"\" width=\"416\" height=\"416\" srcset=\"https:\/\/agora.xtec.cat\/ceip-ernest-lluch\/wp-content\/uploads\/usu939\/2021\/02\/PANCARTAPORTESOBERTES-300x300.png 300w, https:\/\/agora.xtec.cat\/ceip-ernest-lluch\/wp-content\/uploads\/usu939\/2021\/02\/PANCARTAPORTESOBERTES-150x150.png 150w, https:\/\/agora.xtec.cat\/ceip-ernest-lluch\/wp-content\/uploads\/usu939\/2021\/02\/PANCARTAPORTESOBERTES-768x768.png 768w, https:\/\/agora.xtec.cat\/ceip-ernest-lluch\/wp-content\/uploads\/usu939\/2021\/02\/PANCARTAPORTESOBERTES-1024x1024.png 1024w\" sizes=\"auto, (max-width: 416px) 100vw, 416px\" \/><\/a><\/p>\n","protected":false},"excerpt":{"rendered":"<p>Aquest any la jornada de portes obertes tindr\u00e0 un format virtual a trav\u00e9s de 4 trobades virtuals per Google Meet i que tindr\u00e0 un aforament limitat a 15 fam\u00edlies com a m\u00e0xim per tal de poder-vos atendre correctament i resoldre els possibles dubtes. Paral.lelament anirem penjant al web i a les xarxes socials @elluchabrera documentaci\u00f3 [&hellip;]<\/p>\n","protected":false},"author":1,"featured_media":0,"comment_status":"open","ping_status":"closed","sticky":false,"template":"","format":"standard","meta":{"_bbp_topic_count":0,"_bbp_reply_count":0,"_bbp_total_topic_count":0,"_bbp_total_reply_count":0,"_bbp_voice_count":0,"_bbp_anonymous_reply_count":0,"_bbp_topic_count_hidden":0,"_bbp_reply_count_hidden":0,"_bbp_forum_subforum_count":0,"site-sidebar-layout":"default","site-content-layout":"","ast-site-content-layout":"","site-content-style":"default","site-sidebar-style":"default","ast-global-header-display":"","ast-banner-title-visibility":"","ast-main-header-display":"","ast-hfb-above-header-display":"","ast-hfb-below-header-display":"","ast-hfb-mobile-header-display":"","site-post-title":"","ast-breadcrumbs-content":"","ast-featured-img":"","footer-sml-layout":"","theme-transparent-header-meta":"","adv-header-id-meta":"","stick-header-meta":"","header-above-stick-meta":"","header-main-stick-meta":"","header-below-stick-meta":"","astra-migrate-meta-layouts":"default","ast-page-background-enabled":"default","ast-page-background-meta":{"desktop":{"background-color":"var(--ast-global-color-4)","background-image":"","background-repeat":"repeat","background-position":"center center","background-size":"auto","background-attachment":"scroll","background-type":"","background-media":"","overlay-type":"","overlay-color":"","overlay-opacity":"","overlay-gradient":""},"tablet":{"background-color":"","background-image":"","background-repeat":"repeat","background-position":"center center","background-size":"auto","background-attachment":"scroll","background-type":"","background-media":"","overlay-type":"","overlay-color":"","overlay-opacity":"","overlay-gradient":""},"mobile":{"background-color":"","background-image":"","background-repeat":"repeat","background-position":"center center","background-size":"auto","background-attachment":"scroll","background-type":"","background-media":"","overlay-type":"","overlay-color":"","overlay-opacity":"","overlay-gradient":""}},"ast-content-background-meta":{"desktop":{"background-color":"var(--ast-global-color-5)","background-image":"","background-repeat":"repeat","background-position":"center center","background-size":"auto","background-attachment":"scroll","background-type":"","background-media":"","overlay-type":"","overlay-color":"","overlay-opacity":"","overlay-gradient":""},"tablet":{"background-color":"var(--ast-global-color-5)","background-image":"","background-repeat":"repeat","background-position":"center center","background-size":"auto","background-attachment":"scroll","background-type":"","background-media":"","overlay-type":"","overlay-color":"","overlay-opacity":"","overlay-gradient":""},"mobile":{"background-color":"var(--ast-global-color-5)","background-image":"","background-repeat":"repeat","background-position":"center center","background-size":"auto","background-attachment":"scroll","background-type":"","background-media":"","overlay-type":"","overlay-color":"","overlay-opacity":"","overlay-gradient":""}},"footnotes":""},"categories":[7,5,2,4,62],"tags":[],"class_list":["post-1658","post","type-post","status-publish","format-standard","hentry","category-afa","category-primaria","category-ed-infantil","category-portada","category-preinscripcio2526"],"post_mailing_queue_ids":[],"_links":{"self":[{"href":"https:\/\/agora.xtec.cat\/ceip-ernest-lluch\/wp-json\/wp\/v2\/posts\/1658","targetHints":{"allow":["GET"]}}],"collection":[{"href":"https:\/\/agora.xtec.cat\/ceip-ernest-lluch\/wp-json\/wp\/v2\/posts"}],"about":[{"href":"https:\/\/agora.xtec.cat\/ceip-ernest-lluch\/wp-json\/wp\/v2\/types\/post"}],"author":[{"embeddable":true,"href":"https:\/\/agora.xtec.cat\/ceip-ernest-lluch\/wp-json\/wp\/v2\/users\/1"}],"replies":[{"embeddable":true,"href":"https:\/\/agora.xtec.cat\/ceip-ernest-lluch\/wp-json\/wp\/v2\/comments?post=1658"}],"version-history":[{"count":3,"href":"https:\/\/agora.xtec.cat\/ceip-ernest-lluch\/wp-json\/wp\/v2\/posts\/1658\/revisions"}],"predecessor-version":[{"id":1662,"href":"https:\/\/agora.xtec.cat\/ceip-ernest-lluch\/wp-json\/wp\/v2\/posts\/1658\/revisions\/1662"}],"wp:attachment":[{"href":"https:\/\/agora.xtec.cat\/ceip-ernest-lluch\/wp-json\/wp\/v2\/media?parent=1658"}],"wp:term":[{"taxonomy":"category","embeddable":true,"href":"https:\/\/agora.xtec.cat\/ceip-ernest-lluch\/wp-json\/wp\/v2\/categories?post=1658"},{"taxonomy":"post_tag","embeddable":true,"href":"https:\/\/agora.xtec.cat\/ceip-ernest-lluch\/wp-json\/wp\/v2\/tags?post=1658"}],"curies":[{"name":"wp","href":"https:\/\/api.w.org\/{rel}","templated":true}]}}