{"id":1608,"date":"2021-01-18T12:47:06","date_gmt":"2021-01-18T11:47:06","guid":{"rendered":"http:\/\/agora.xtec.cat\/ceip-ernest-lluch\/?p=1608"},"modified":"2021-01-18T12:55:41","modified_gmt":"2021-01-18T11:55:41","slug":"confinament-de-grups-classe","status":"publish","type":"post","link":"https:\/\/agora.xtec.cat\/ceip-ernest-lluch\/general\/confinament-de-grups-classe\/","title":{"rendered":"CONFINAMENT DE GRUPS-CLASSE"},"content":{"rendered":"<p>Benvolgudes fam\u00edlies,<\/p>\n<p>Iniciem el 2n trimestre amb un context sanitari complicat. La primera setmana de retorn a l&#8217;escola la vam finalitzar amb un total de 4 casos positius que ens han obligat a confinar els grups de P3A, 3rB i 5\u00e8A. Aquests grups han comen\u00e7at el confinament i les videotrobades amb els mestres segons el pla establert.<\/p>\n<p><a href=\"https:\/\/agora.xtec.cat\/ceip-ernest-lluch\/wp-content\/uploads\/usu939\/2021\/01\/IMG-20210115-WA0005.jpg\"><img loading=\"lazy\" decoding=\"async\" class=\"aligncenter wp-image-1609\" src=\"https:\/\/agora.xtec.cat\/ceip-ernest-lluch\/wp-content\/uploads\/usu939\/2021\/01\/IMG-20210115-WA0005-1024x768.jpg\" alt=\"\" width=\"408\" height=\"306\" srcset=\"https:\/\/agora.xtec.cat\/ceip-ernest-lluch\/wp-content\/uploads\/usu939\/2021\/01\/IMG-20210115-WA0005.jpg 1024w, https:\/\/agora.xtec.cat\/ceip-ernest-lluch\/wp-content\/uploads\/usu939\/2021\/01\/IMG-20210115-WA0005-300x225.jpg 300w, https:\/\/agora.xtec.cat\/ceip-ernest-lluch\/wp-content\/uploads\/usu939\/2021\/01\/IMG-20210115-WA0005-768x576.jpg 768w, https:\/\/agora.xtec.cat\/ceip-ernest-lluch\/wp-content\/uploads\/usu939\/2021\/01\/IMG-20210115-WA0005-200x150.jpg 200w\" sizes=\"auto, (max-width: 408px) 100vw, 408px\" \/><\/a><\/p>\n<p>En tot moment, l&#8217;escola actua en coordinaci\u00f3 amb les autoritats sanit\u00e0ries i d&#8217;acord amb les seves directrius tal i com estableixen els protocols del Departament de Salut i d&#8217;Educaci\u00f3.\u00a0 En aquest sentit, s\u00f3n l&#8217;ABS Abrera i el servei epidemiol\u00f2gic, si escau, els encarregats d&#8217;estudiar cada cas i determinar les actuacions i la Direcci\u00f3 est\u00e0 en contacte permanent amb ells per tal d&#8217;aplicar les directrius rebudes tant pel que fa a les PCR com als confinaments de grup.<\/p>\n<p>Per tal d&#8217;identificar els casos de forma m\u00e9s r\u00e0pida i iniciar les actuacions necess\u00e0ries de forma immediata, si detecteu un cas positiu fora de l&#8217;horari lectiu, envieu un dinantia a l&#8217;Administrador o un correu a l&#8217;escola.<\/p>\n<p>Tamb\u00e9 us demanem m\u00e0xima rigurositat en complir les quarentenes i, davant de qualsevol s\u00edmptoma i\/o contacte amb positius per COVID-19 i\/o possibles positius que estan a l&#8217;espera de resultats, no porteu al vostre fill\/a a l&#8217;escola i, si \u00e9s necessari, truqueu a l&#8217;ABS Abrera.<\/p>\n<p>Agra\u00efm la vostra col.laboraci\u00f3. Aquests dies estan sent molt complicats, cuideu-vos!<\/p>\n","protected":false},"excerpt":{"rendered":"<p>Benvolgudes fam\u00edlies, Iniciem el 2n trimestre amb un context sanitari complicat. La primera setmana de retorn a l&#8217;escola la vam finalitzar amb un total de 4 casos positius que ens han obligat a confinar els grups de P3A, 3rB i 5\u00e8A. Aquests grups han comen\u00e7at el confinament i les videotrobades amb els mestres segons el [&hellip;]<\/p>\n","protected":false},"author":1,"featured_media":1043,"comment_status":"open","ping_status":"closed","sticky":false,"template":"","format":"standard","meta":{"_bbp_topic_count":0,"_bbp_reply_count":0,"_bbp_total_topic_count":0,"_bbp_total_reply_count":0,"_bbp_voice_count":0,"_bbp_anonymous_reply_count":0,"_bbp_topic_count_hidden":0,"_bbp_reply_count_hidden":0,"_bbp_forum_subforum_count":0,"site-sidebar-layout":"default","site-content-layout":"","ast-site-content-layout":"","site-content-style":"default","site-sidebar-style":"default","ast-global-header-display":"","ast-banner-title-visibility":"","ast-main-header-display":"","ast-hfb-above-header-display":"","ast-hfb-below-header-display":"","ast-hfb-mobile-header-display":"","site-post-title":"","ast-breadcrumbs-content":"","ast-featured-img":"","footer-sml-layout":"","theme-transparent-header-meta":"","adv-header-id-meta":"","stick-header-meta":"","header-above-stick-meta":"","header-main-stick-meta":"","header-below-stick-meta":"","astra-migrate-meta-layouts":"default","ast-page-background-enabled":"default","ast-page-background-meta":{"desktop":{"background-color":"var(--ast-global-color-4)","background-image":"","background-repeat":"repeat","background-position":"center center","background-size":"auto","background-attachment":"scroll","background-type":"","background-media":"","overlay-type":"","overlay-color":"","overlay-opacity":"","overlay-gradient":""},"tablet":{"background-color":"","background-image":"","background-repeat":"repeat","background-position":"center center","background-size":"auto","background-attachment":"scroll","background-type":"","background-media":"","overlay-type":"","overlay-color":"","overlay-opacity":"","overlay-gradient":""},"mobile":{"background-color":"","background-image":"","background-repeat":"repeat","background-position":"center center","background-size":"auto","background-attachment":"scroll","background-type":"","background-media":"","overlay-type":"","overlay-color":"","overlay-opacity":"","overlay-gradient":""}},"ast-content-background-meta":{"desktop":{"background-color":"var(--ast-global-color-5)","background-image":"","background-repeat":"repeat","background-position":"center center","background-size":"auto","background-attachment":"scroll","background-type":"","background-media":"","overlay-type":"","overlay-color":"","overlay-opacity":"","overlay-gradient":""},"tablet":{"background-color":"var(--ast-global-color-5)","background-image":"","background-repeat":"repeat","background-position":"center center","background-size":"auto","background-attachment":"scroll","background-type":"","background-media":"","overlay-type":"","overlay-color":"","overlay-opacity":"","overlay-gradient":""},"mobile":{"background-color":"var(--ast-global-color-5)","background-image":"","background-repeat":"repeat","background-position":"center center","background-size":"auto","background-attachment":"scroll","background-type":"","background-media":"","overlay-type":"","overlay-color":"","overlay-opacity":"","overlay-gradient":""}},"footnotes":""},"categories":[10,11,12,13,14,15,7,5,2,1,3,8,9,4],"tags":[],"class_list":["post-1608","post","type-post","status-publish","format-standard","has-post-thumbnail","hentry","category-1r","category-2n","category-3r","category-4t","category-5e","category-6e","category-afa","category-primaria","category-ed-infantil","category-general","category-p3","category-p4","category-p5","category-portada"],"post_mailing_queue_ids":[],"_links":{"self":[{"href":"https:\/\/agora.xtec.cat\/ceip-ernest-lluch\/wp-json\/wp\/v2\/posts\/1608","targetHints":{"allow":["GET"]}}],"collection":[{"href":"https:\/\/agora.xtec.cat\/ceip-ernest-lluch\/wp-json\/wp\/v2\/posts"}],"about":[{"href":"https:\/\/agora.xtec.cat\/ceip-ernest-lluch\/wp-json\/wp\/v2\/types\/post"}],"author":[{"embeddable":true,"href":"https:\/\/agora.xtec.cat\/ceip-ernest-lluch\/wp-json\/wp\/v2\/users\/1"}],"replies":[{"embeddable":true,"href":"https:\/\/agora.xtec.cat\/ceip-ernest-lluch\/wp-json\/wp\/v2\/comments?post=1608"}],"version-history":[{"count":1,"href":"https:\/\/agora.xtec.cat\/ceip-ernest-lluch\/wp-json\/wp\/v2\/posts\/1608\/revisions"}],"predecessor-version":[{"id":1610,"href":"https:\/\/agora.xtec.cat\/ceip-ernest-lluch\/wp-json\/wp\/v2\/posts\/1608\/revisions\/1610"}],"wp:featuredmedia":[{"embeddable":true,"href":"https:\/\/agora.xtec.cat\/ceip-ernest-lluch\/wp-json\/wp\/v2\/media\/1043"}],"wp:attachment":[{"href":"https:\/\/agora.xtec.cat\/ceip-ernest-lluch\/wp-json\/wp\/v2\/media?parent=1608"}],"wp:term":[{"taxonomy":"category","embeddable":true,"href":"https:\/\/agora.xtec.cat\/ceip-ernest-lluch\/wp-json\/wp\/v2\/categories?post=1608"},{"taxonomy":"post_tag","embeddable":true,"href":"https:\/\/agora.xtec.cat\/ceip-ernest-lluch\/wp-json\/wp\/v2\/tags?post=1608"}],"curies":[{"name":"wp","href":"https:\/\/api.w.org\/{rel}","templated":true}]}}