{"id":1602,"date":"2021-01-10T11:18:23","date_gmt":"2021-01-10T10:18:23","guid":{"rendered":"http:\/\/agora.xtec.cat\/ceip-ernest-lluch\/?p=1602"},"modified":"2021-01-09T20:19:15","modified_gmt":"2021-01-09T19:19:15","slug":"inici-2n-trimestre","status":"publish","type":"post","link":"https:\/\/agora.xtec.cat\/ceip-ernest-lluch\/general\/inici-2n-trimestre\/","title":{"rendered":"INICI 2n TRIMESTRE"},"content":{"rendered":"<p>Benvolgudes fam\u00edlies,<\/p>\n<p>Esperem que estigueu tots b\u00e9 i que hagueu gaudit d&#8217;ua bona entrada d&#8217;any. Ens posem en contacte amb vosaltres per tal de comunicar-vos una s\u00e8rie d&#8217;informacions i recordatoris relatius a l&#8217;inici del 2n trimestre el<strong> dilluns, 11 de gener.<\/strong><\/p>\n<p><b><u>-Certificats de despla\u00e7ament:\u00a0<\/u><\/b>Dins de les mesures vigents de la Generalitat de Catalunya hi ha el confinament municipal per a tots els dies de la setmana fins, actualment, el 17 de gener. Aix\u00ed doncs, us recordem que totes les fam\u00edlies que us desplaceu des de fora d&#8217;Abrera haureu de dur el certificat de despla\u00e7ament que podeu generar a trav\u00e9s de ConfinApp.<\/p>\n<p><b><u>-Ventilaci\u00f3:\u00a0<\/u><\/b>La ventilaci\u00f3 de les aules \u00e9s important per la regeneraci\u00f3 de l&#8217;aire com a mesura de prevenci\u00f3. Tenint en compte les baixes temperatures previstes per a les properes setmanes, us recordem de la import\u00e0ncia de dur roba d&#8217;\u00e0bric en diferents capes que facilitin l&#8217;ajust de la temperatura de cada un dels alumnes.<\/p>\n<p><b><u>-Cribatges massius al personal de l&#8217;escola:<\/u><\/b>\u00a0El Departament de Salut i Educaci\u00f3 van anunciar la realitzaci\u00f3 d&#8217;automostres PCR a tots els professionals dels centres educatius. En el nostre cas, l&#8217;automostra volunt\u00e0ria es far\u00e0 el proper dilluns, 11 de gener.<\/p>\n<p><b><u>-Comunicaci\u00f3 PCR i casos positus:\u00a0<\/u><\/b>Us demanem, tal i com ja heu fet durant el 1r trimestre, que en el cas que estigueu pendents d&#8217;una PCR, estigueu confinats, &#8230;. ho comuniqueu a l&#8217;escola per tal de fer un seguiment i registrar-ho al Tra\u00e7acovid. Tamb\u00e9 us recordem que, en el cas que un convivent estigui pendent de PCR, heu estat contacte amb un positiu i\/o es presenti possible simptomatologia compatible amb el COVID-19, ens aviseu i no porteu al vostre fill\/a a l&#8217;escola i seguiu les recomanacions que es van donar a inici de curs i al llarg del 1r trimestre.<\/p>\n<p><b><u>-Entrades i sortides:\u00a0<\/u><\/b>A partir de dilluns reprenem l&#8217;activitat lectiva i \u00e9s molt important mantenir de forma estricta la distribuci\u00f3 i horari de les entrades i sortides per tal d&#8217;evitar aglomeracions als diferents accessos. Tamb\u00e9 us recordem que nom\u00e9s pot accedir al recinte de la comunitat de petits i mitjans un adult a recollir a cada alumne\/a.<\/p>\n<p><b><u>-Mascaretes:\u00a0<\/u><\/b>Us recordem que l&#8217;\u00fas de la mascareta \u00e9s obligatori en els alumnes d&#8217;Ed.Prim\u00e0ria i que \u00e9s molt important que sempre portin una mascareta de recanvi per si se&#8217;ls trenca, embruta,&#8230; al llarg del dia.<\/p>\n<p>Esperem que acabeu de gaudir del diumentge amb molta prud\u00e8ncia i que dilluns ens puguem retrobar a les aules per iniciar un nou trimestre. Continuarem treballant i posarem tots els esfor\u00e7os possibles per continuar fent de l&#8217;escola un espai el m\u00e0xim segur i compartir-lo el dia a dia amb l&#8217;alumnat.<\/p>\n<p>Cordialment,<\/p>\n<p>L&#8217;escola<\/p>\n","protected":false},"excerpt":{"rendered":"<p>Benvolgudes fam\u00edlies, Esperem que estigueu tots b\u00e9 i que hagueu gaudit d&#8217;ua bona entrada d&#8217;any. Ens posem en contacte amb vosaltres per tal de comunicar-vos una s\u00e8rie d&#8217;informacions i recordatoris relatius a l&#8217;inici del 2n trimestre el dilluns, 11 de gener. -Certificats de despla\u00e7ament:\u00a0Dins de les mesures vigents de la Generalitat de Catalunya hi ha [&hellip;]<\/p>\n","protected":false},"author":1,"featured_media":0,"comment_status":"open","ping_status":"closed","sticky":false,"template":"","format":"standard","meta":{"_bbp_topic_count":0,"_bbp_reply_count":0,"_bbp_total_topic_count":0,"_bbp_total_reply_count":0,"_bbp_voice_count":0,"_bbp_anonymous_reply_count":0,"_bbp_topic_count_hidden":0,"_bbp_reply_count_hidden":0,"_bbp_forum_subforum_count":0,"site-sidebar-layout":"default","site-content-layout":"","ast-site-content-layout":"","site-content-style":"default","site-sidebar-style":"default","ast-global-header-display":"","ast-banner-title-visibility":"","ast-main-header-display":"","ast-hfb-above-header-display":"","ast-hfb-below-header-display":"","ast-hfb-mobile-header-display":"","site-post-title":"","ast-breadcrumbs-content":"","ast-featured-img":"","footer-sml-layout":"","theme-transparent-header-meta":"","adv-header-id-meta":"","stick-header-meta":"","header-above-stick-meta":"","header-main-stick-meta":"","header-below-stick-meta":"","astra-migrate-meta-layouts":"default","ast-page-background-enabled":"default","ast-page-background-meta":{"desktop":{"background-color":"var(--ast-global-color-4)","background-image":"","background-repeat":"repeat","background-position":"center center","background-size":"auto","background-attachment":"scroll","background-type":"","background-media":"","overlay-type":"","overlay-color":"","overlay-opacity":"","overlay-gradient":""},"tablet":{"background-color":"","background-image":"","background-repeat":"repeat","background-position":"center center","background-size":"auto","background-attachment":"scroll","background-type":"","background-media":"","overlay-type":"","overlay-color":"","overlay-opacity":"","overlay-gradient":""},"mobile":{"background-color":"","background-image":"","background-repeat":"repeat","background-position":"center center","background-size":"auto","background-attachment":"scroll","background-type":"","background-media":"","overlay-type":"","overlay-color":"","overlay-opacity":"","overlay-gradient":""}},"ast-content-background-meta":{"desktop":{"background-color":"var(--ast-global-color-5)","background-image":"","background-repeat":"repeat","background-position":"center center","background-size":"auto","background-attachment":"scroll","background-type":"","background-media":"","overlay-type":"","overlay-color":"","overlay-opacity":"","overlay-gradient":""},"tablet":{"background-color":"var(--ast-global-color-5)","background-image":"","background-repeat":"repeat","background-position":"center center","background-size":"auto","background-attachment":"scroll","background-type":"","background-media":"","overlay-type":"","overlay-color":"","overlay-opacity":"","overlay-gradient":""},"mobile":{"background-color":"var(--ast-global-color-5)","background-image":"","background-repeat":"repeat","background-position":"center center","background-size":"auto","background-attachment":"scroll","background-type":"","background-media":"","overlay-type":"","overlay-color":"","overlay-opacity":"","overlay-gradient":""}},"footnotes":""},"categories":[7,5,2,1,4],"tags":[],"class_list":["post-1602","post","type-post","status-publish","format-standard","hentry","category-afa","category-primaria","category-ed-infantil","category-general","category-portada"],"post_mailing_queue_ids":[],"_links":{"self":[{"href":"https:\/\/agora.xtec.cat\/ceip-ernest-lluch\/wp-json\/wp\/v2\/posts\/1602","targetHints":{"allow":["GET"]}}],"collection":[{"href":"https:\/\/agora.xtec.cat\/ceip-ernest-lluch\/wp-json\/wp\/v2\/posts"}],"about":[{"href":"https:\/\/agora.xtec.cat\/ceip-ernest-lluch\/wp-json\/wp\/v2\/types\/post"}],"author":[{"embeddable":true,"href":"https:\/\/agora.xtec.cat\/ceip-ernest-lluch\/wp-json\/wp\/v2\/users\/1"}],"replies":[{"embeddable":true,"href":"https:\/\/agora.xtec.cat\/ceip-ernest-lluch\/wp-json\/wp\/v2\/comments?post=1602"}],"version-history":[{"count":1,"href":"https:\/\/agora.xtec.cat\/ceip-ernest-lluch\/wp-json\/wp\/v2\/posts\/1602\/revisions"}],"predecessor-version":[{"id":1603,"href":"https:\/\/agora.xtec.cat\/ceip-ernest-lluch\/wp-json\/wp\/v2\/posts\/1602\/revisions\/1603"}],"wp:attachment":[{"href":"https:\/\/agora.xtec.cat\/ceip-ernest-lluch\/wp-json\/wp\/v2\/media?parent=1602"}],"wp:term":[{"taxonomy":"category","embeddable":true,"href":"https:\/\/agora.xtec.cat\/ceip-ernest-lluch\/wp-json\/wp\/v2\/categories?post=1602"},{"taxonomy":"post_tag","embeddable":true,"href":"https:\/\/agora.xtec.cat\/ceip-ernest-lluch\/wp-json\/wp\/v2\/tags?post=1602"}],"curies":[{"name":"wp","href":"https:\/\/api.w.org\/{rel}","templated":true}]}}