{"id":1548,"date":"2020-11-24T22:03:51","date_gmt":"2020-11-24T21:03:51","guid":{"rendered":"http:\/\/agora.xtec.cat\/ceip-ernest-lluch\/?p=1548"},"modified":"2020-11-24T17:05:42","modified_gmt":"2020-11-24T16:05:42","slug":"confinament-de-3ra-i-3rb","status":"publish","type":"post","link":"https:\/\/agora.xtec.cat\/ceip-ernest-lluch\/general\/confinament-de-3ra-i-3rb\/","title":{"rendered":"CONFINAMENT DE 3rA i 3rB"},"content":{"rendered":"<p style=\"text-align: justify; line-height: 150%; margin: 0cm 0cm 15.0pt 0cm;\"><span style=\"font-size: 11.0pt; line-height: 150%; font-family: 'Arial','sans-serif';\">Benvolgudes fam\u00edlies,<\/span><\/p>\n<p style=\"text-align: justify; line-height: 150%; margin: 0cm 0cm 15.0pt 0cm;\"><span style=\"font-size: 11.0pt; line-height: 150%; font-family: 'Arial','sans-serif';\">Us comuniquem que s\u2019ha detectat un cas positiu al grup de 3rA i 3rB i tots els membres d\u2019aquests 2 grups i els seus tutors quedaran confinats en quarantena (a\u00efllament domiciliari) fins al 1 de desembre incl\u00f2s, per indicaci\u00f3 del Departament de salut. Les fam\u00edlies del grup ja han estat informades i per transpar\u00e8ncia hem volgut tamb\u00e9 comunicar-vos-ho a la resta de la comunitat. S\u00f3n moments complexos que ens generen certes pors, neguits i inseguretats, per\u00f2 tot el claustre de l\u2019escola tenim confian\u00e7a en la tasca que s\u2019est\u00e0 fent i les mesures que s\u2019han dut a terme. Cal serenitat i sentit de comunitat educativa per afrontar aquestes situacions junts.<\/span><\/p>\n<p style=\"text-align: justify; line-height: 150%; margin: 0cm 0cm 15.0pt 0cm;\"><span style=\"font-size: 11.0pt; line-height: 150%; font-family: 'Arial','sans-serif';\">Gr\u00e0cies per la comprensi\u00f3, col\u00b7laboraci\u00f3 i confian\u00e7a.<\/span><\/p>\n<p style=\"text-align: justify; line-height: 150%; margin: 0cm 0cm 15.0pt 0cm;\"><span style=\"font-size: 11.0pt; line-height: 150%; font-family: 'Arial','sans-serif';\">Cordialment.<\/span><\/p>\n<p style=\"text-align: justify; line-height: 150%; margin: 0cm 0cm 15.0pt 0cm;\"><span style=\"font-size: 11.0pt; line-height: 150%; font-family: 'Arial','sans-serif';\">L\u2019escola<\/span><\/p>\n","protected":false},"excerpt":{"rendered":"<p>Benvolgudes fam\u00edlies, Us comuniquem que s\u2019ha detectat un cas positiu al grup de 3rA i 3rB i tots els membres d\u2019aquests 2 grups i els seus tutors quedaran confinats en quarantena (a\u00efllament domiciliari) fins al 1 de desembre incl\u00f2s, per indicaci\u00f3 del Departament de salut. Les fam\u00edlies del grup ja han estat informades i per [&hellip;]<\/p>\n","protected":false},"author":1,"featured_media":0,"comment_status":"open","ping_status":"closed","sticky":false,"template":"","format":"standard","meta":{"_bbp_topic_count":0,"_bbp_reply_count":0,"_bbp_total_topic_count":0,"_bbp_total_reply_count":0,"_bbp_voice_count":0,"_bbp_anonymous_reply_count":0,"_bbp_topic_count_hidden":0,"_bbp_reply_count_hidden":0,"_bbp_forum_subforum_count":0,"site-sidebar-layout":"default","site-content-layout":"","ast-site-content-layout":"","site-content-style":"default","site-sidebar-style":"default","ast-global-header-display":"","ast-banner-title-visibility":"","ast-main-header-display":"","ast-hfb-above-header-display":"","ast-hfb-below-header-display":"","ast-hfb-mobile-header-display":"","site-post-title":"","ast-breadcrumbs-content":"","ast-featured-img":"","footer-sml-layout":"","theme-transparent-header-meta":"","adv-header-id-meta":"","stick-header-meta":"","header-above-stick-meta":"","header-main-stick-meta":"","header-below-stick-meta":"","astra-migrate-meta-layouts":"default","ast-page-background-enabled":"default","ast-page-background-meta":{"desktop":{"background-color":"var(--ast-global-color-4)","background-image":"","background-repeat":"repeat","background-position":"center center","background-size":"auto","background-attachment":"scroll","background-type":"","background-media":"","overlay-type":"","overlay-color":"","overlay-opacity":"","overlay-gradient":""},"tablet":{"background-color":"","background-image":"","background-repeat":"repeat","background-position":"center center","background-size":"auto","background-attachment":"scroll","background-type":"","background-media":"","overlay-type":"","overlay-color":"","overlay-opacity":"","overlay-gradient":""},"mobile":{"background-color":"","background-image":"","background-repeat":"repeat","background-position":"center center","background-size":"auto","background-attachment":"scroll","background-type":"","background-media":"","overlay-type":"","overlay-color":"","overlay-opacity":"","overlay-gradient":""}},"ast-content-background-meta":{"desktop":{"background-color":"var(--ast-global-color-5)","background-image":"","background-repeat":"repeat","background-position":"center center","background-size":"auto","background-attachment":"scroll","background-type":"","background-media":"","overlay-type":"","overlay-color":"","overlay-opacity":"","overlay-gradient":""},"tablet":{"background-color":"var(--ast-global-color-5)","background-image":"","background-repeat":"repeat","background-position":"center center","background-size":"auto","background-attachment":"scroll","background-type":"","background-media":"","overlay-type":"","overlay-color":"","overlay-opacity":"","overlay-gradient":""},"mobile":{"background-color":"var(--ast-global-color-5)","background-image":"","background-repeat":"repeat","background-position":"center center","background-size":"auto","background-attachment":"scroll","background-type":"","background-media":"","overlay-type":"","overlay-color":"","overlay-opacity":"","overlay-gradient":""}},"footnotes":""},"categories":[5,1,4],"tags":[],"class_list":["post-1548","post","type-post","status-publish","format-standard","hentry","category-primaria","category-general","category-portada"],"post_mailing_queue_ids":[],"_links":{"self":[{"href":"https:\/\/agora.xtec.cat\/ceip-ernest-lluch\/wp-json\/wp\/v2\/posts\/1548","targetHints":{"allow":["GET"]}}],"collection":[{"href":"https:\/\/agora.xtec.cat\/ceip-ernest-lluch\/wp-json\/wp\/v2\/posts"}],"about":[{"href":"https:\/\/agora.xtec.cat\/ceip-ernest-lluch\/wp-json\/wp\/v2\/types\/post"}],"author":[{"embeddable":true,"href":"https:\/\/agora.xtec.cat\/ceip-ernest-lluch\/wp-json\/wp\/v2\/users\/1"}],"replies":[{"embeddable":true,"href":"https:\/\/agora.xtec.cat\/ceip-ernest-lluch\/wp-json\/wp\/v2\/comments?post=1548"}],"version-history":[{"count":1,"href":"https:\/\/agora.xtec.cat\/ceip-ernest-lluch\/wp-json\/wp\/v2\/posts\/1548\/revisions"}],"predecessor-version":[{"id":1549,"href":"https:\/\/agora.xtec.cat\/ceip-ernest-lluch\/wp-json\/wp\/v2\/posts\/1548\/revisions\/1549"}],"wp:attachment":[{"href":"https:\/\/agora.xtec.cat\/ceip-ernest-lluch\/wp-json\/wp\/v2\/media?parent=1548"}],"wp:term":[{"taxonomy":"category","embeddable":true,"href":"https:\/\/agora.xtec.cat\/ceip-ernest-lluch\/wp-json\/wp\/v2\/categories?post=1548"},{"taxonomy":"post_tag","embeddable":true,"href":"https:\/\/agora.xtec.cat\/ceip-ernest-lluch\/wp-json\/wp\/v2\/tags?post=1548"}],"curies":[{"name":"wp","href":"https:\/\/api.w.org\/{rel}","templated":true}]}}