{"id":1535,"date":"2020-11-16T22:01:34","date_gmt":"2020-11-16T21:01:34","guid":{"rendered":"http:\/\/agora.xtec.cat\/ceip-ernest-lluch\/?p=1535"},"modified":"2020-11-16T18:02:47","modified_gmt":"2020-11-16T17:02:47","slug":"confinament-dun-grup-de-lescola","status":"publish","type":"post","link":"https:\/\/agora.xtec.cat\/ceip-ernest-lluch\/general\/confinament-dun-grup-de-lescola\/","title":{"rendered":"CONFINAMENT D&#8217;UN GRUP DE L&#8217;ESCOLA"},"content":{"rendered":"<p style=\"text-align: justify; line-height: 150%; margin: 0cm 0cm 15.0pt 0cm;\"><span style=\"font-size: 11.0pt; line-height: 150%; font-family: 'Arial','sans-serif';\">Benvolgudes fam\u00edlies,<\/span><\/p>\n<p style=\"text-align: justify; line-height: 150%; margin: 0cm 0cm 15.0pt 0cm;\"><span style=\"font-size: 11.0pt; line-height: 150%; font-family: 'Arial','sans-serif';\">Us comuniquem que s\u2019ha detectat un cas positiu al grup de 4B i tots els membres d\u2019aquest grup i les seves tutores quedaran confinats en quarantena (a\u00efllament domiciliari) fins al 24 de novembre incl\u00f2s, per indicaci\u00f3 del Departament de salut. Les fam\u00edlies del grup ja han estat informades i per transpar\u00e8ncia hem volgut tamb\u00e9 comunicar-vos-ho a la resta de la comunitat. S\u00f3n moments complexos que ens generen certes pors, neguits i inseguretats, per\u00f2 tot el claustre de l\u2019escola tenim confian\u00e7a en la tasca que s\u2019est\u00e0 fent i les mesures que s\u2019han dut a terme. Cal serenitat i sentit de comunitat educativa per afrontar aquestes situacions junts.<\/span><\/p>\n<p style=\"text-align: justify; line-height: 150%; margin: 0cm 0cm 15.0pt 0cm;\"><span style=\"font-size: 11.0pt; line-height: 150%; font-family: 'Arial','sans-serif';\">Gr\u00e0cies per la comprensi\u00f3, col\u00b7laboraci\u00f3 i confian\u00e7a.<\/span><\/p>\n<p style=\"text-align: justify; line-height: 150%; margin: 0cm 0cm 15.0pt 0cm;\"><span style=\"font-size: 11.0pt; line-height: 150%; font-family: 'Arial','sans-serif';\">Cordialment.<\/span><\/p>\n<p style=\"text-align: justify; line-height: 150%; margin: 0cm 0cm 15.0pt 0cm;\"><span style=\"font-size: 11.0pt; line-height: 150%; font-family: 'Arial','sans-serif';\">L\u2019escola<\/span><\/p>\n","protected":false},"excerpt":{"rendered":"<p>Benvolgudes fam\u00edlies, Us comuniquem que s\u2019ha detectat un cas positiu al grup de 4B i tots els membres d\u2019aquest grup i les seves tutores quedaran confinats en quarantena (a\u00efllament domiciliari) fins al 24 de novembre incl\u00f2s, per indicaci\u00f3 del Departament de salut. Les fam\u00edlies del grup ja han estat informades i per transpar\u00e8ncia hem volgut [&hellip;]<\/p>\n","protected":false},"author":1,"featured_media":0,"comment_status":"open","ping_status":"closed","sticky":false,"template":"","format":"standard","meta":{"_bbp_topic_count":0,"_bbp_reply_count":0,"_bbp_total_topic_count":0,"_bbp_total_reply_count":0,"_bbp_voice_count":0,"_bbp_anonymous_reply_count":0,"_bbp_topic_count_hidden":0,"_bbp_reply_count_hidden":0,"_bbp_forum_subforum_count":0,"site-sidebar-layout":"default","site-content-layout":"","ast-site-content-layout":"","site-content-style":"default","site-sidebar-style":"default","ast-global-header-display":"","ast-banner-title-visibility":"","ast-main-header-display":"","ast-hfb-above-header-display":"","ast-hfb-below-header-display":"","ast-hfb-mobile-header-display":"","site-post-title":"","ast-breadcrumbs-content":"","ast-featured-img":"","footer-sml-layout":"","theme-transparent-header-meta":"","adv-header-id-meta":"","stick-header-meta":"","header-above-stick-meta":"","header-main-stick-meta":"","header-below-stick-meta":"","astra-migrate-meta-layouts":"default","ast-page-background-enabled":"default","ast-page-background-meta":{"desktop":{"background-color":"var(--ast-global-color-4)","background-image":"","background-repeat":"repeat","background-position":"center center","background-size":"auto","background-attachment":"scroll","background-type":"","background-media":"","overlay-type":"","overlay-color":"","overlay-opacity":"","overlay-gradient":""},"tablet":{"background-color":"","background-image":"","background-repeat":"repeat","background-position":"center center","background-size":"auto","background-attachment":"scroll","background-type":"","background-media":"","overlay-type":"","overlay-color":"","overlay-opacity":"","overlay-gradient":""},"mobile":{"background-color":"","background-image":"","background-repeat":"repeat","background-position":"center center","background-size":"auto","background-attachment":"scroll","background-type":"","background-media":"","overlay-type":"","overlay-color":"","overlay-opacity":"","overlay-gradient":""}},"ast-content-background-meta":{"desktop":{"background-color":"var(--ast-global-color-5)","background-image":"","background-repeat":"repeat","background-position":"center center","background-size":"auto","background-attachment":"scroll","background-type":"","background-media":"","overlay-type":"","overlay-color":"","overlay-opacity":"","overlay-gradient":""},"tablet":{"background-color":"var(--ast-global-color-5)","background-image":"","background-repeat":"repeat","background-position":"center center","background-size":"auto","background-attachment":"scroll","background-type":"","background-media":"","overlay-type":"","overlay-color":"","overlay-opacity":"","overlay-gradient":""},"mobile":{"background-color":"var(--ast-global-color-5)","background-image":"","background-repeat":"repeat","background-position":"center center","background-size":"auto","background-attachment":"scroll","background-type":"","background-media":"","overlay-type":"","overlay-color":"","overlay-opacity":"","overlay-gradient":""}},"footnotes":""},"categories":[7,5,2,1,4],"tags":[],"class_list":["post-1535","post","type-post","status-publish","format-standard","hentry","category-afa","category-primaria","category-ed-infantil","category-general","category-portada"],"post_mailing_queue_ids":[],"_links":{"self":[{"href":"https:\/\/agora.xtec.cat\/ceip-ernest-lluch\/wp-json\/wp\/v2\/posts\/1535","targetHints":{"allow":["GET"]}}],"collection":[{"href":"https:\/\/agora.xtec.cat\/ceip-ernest-lluch\/wp-json\/wp\/v2\/posts"}],"about":[{"href":"https:\/\/agora.xtec.cat\/ceip-ernest-lluch\/wp-json\/wp\/v2\/types\/post"}],"author":[{"embeddable":true,"href":"https:\/\/agora.xtec.cat\/ceip-ernest-lluch\/wp-json\/wp\/v2\/users\/1"}],"replies":[{"embeddable":true,"href":"https:\/\/agora.xtec.cat\/ceip-ernest-lluch\/wp-json\/wp\/v2\/comments?post=1535"}],"version-history":[{"count":1,"href":"https:\/\/agora.xtec.cat\/ceip-ernest-lluch\/wp-json\/wp\/v2\/posts\/1535\/revisions"}],"predecessor-version":[{"id":1536,"href":"https:\/\/agora.xtec.cat\/ceip-ernest-lluch\/wp-json\/wp\/v2\/posts\/1535\/revisions\/1536"}],"wp:attachment":[{"href":"https:\/\/agora.xtec.cat\/ceip-ernest-lluch\/wp-json\/wp\/v2\/media?parent=1535"}],"wp:term":[{"taxonomy":"category","embeddable":true,"href":"https:\/\/agora.xtec.cat\/ceip-ernest-lluch\/wp-json\/wp\/v2\/categories?post=1535"},{"taxonomy":"post_tag","embeddable":true,"href":"https:\/\/agora.xtec.cat\/ceip-ernest-lluch\/wp-json\/wp\/v2\/tags?post=1535"}],"curies":[{"name":"wp","href":"https:\/\/api.w.org\/{rel}","templated":true}]}}