{"id":1437,"date":"2020-07-21T09:38:16","date_gmt":"2020-07-21T07:38:16","guid":{"rendered":"http:\/\/agora.xtec.cat\/ceip-ernest-lluch\/?p=1437"},"modified":"2020-07-24T11:11:34","modified_gmt":"2020-07-24T09:11:34","slug":"calendari-escolar-curs-2020-21","status":"publish","type":"post","link":"https:\/\/agora.xtec.cat\/ceip-ernest-lluch\/general\/calendari-escolar-curs-2020-21\/","title":{"rendered":"CALENDARI ESCOLAR CURS 2020\/21 I ENTRADES I SORTIDES ESGLAONADES"},"content":{"rendered":"<p><iframe loading=\"lazy\" src=\"\/\/www.slideshare.net\/slideshow\/embed_code\/key\/lV5d6X6yuoED5k\" width=\"595\" height=\"485\" frameborder=\"0\" marginwidth=\"0\" marginheight=\"0\" scrolling=\"no\" style=\"border:1px solid #CCC; border-width:1px; margin-bottom:5px; max-width: 100%;\" allowfullscreen> <\/iframe> <\/p>\n<div style=\"margin-bottom:5px\"> <strong> <a href=\"\/\/www.slideshare.net\/a8059822\/calendari-curs2021\" title=\"Calendari curs2021\" target=\"_blank\" rel=\"noopener noreferrer\">Calendari curs2021<\/a> <\/strong> from <strong><a href=\"https:\/\/www.slideshare.net\/a8059822\" target=\"_blank\" rel=\"noopener noreferrer\">Ernest Lluch<\/a><\/strong> <\/div>\n<div>\n<p>El proper curs les classes comen\u00e7aran el <strong>dilluns, 14 de setembre.<\/strong><\/p>\n<p>L\u2019horari d\u2019entrada i de sortida ser\u00e0 esglaonat i per diferents accessos de l\u2019escola. Aquesta proposta ha estat aprovada pel Consell Escolar del 20 de juliol.<\/p>\n<table width=\"628\">\n<tbody>\n<tr>\n<td width=\"110\"><strong>Acc\u00e9s<\/strong><\/td>\n<td width=\"101\"><strong>Grup<\/strong><\/td>\n<td width=\"105\"><strong>Horari entrada mat\u00ed<\/strong><\/td>\n<td width=\"104\"><strong>Horari sortida mat\u00ed<\/strong><\/td>\n<td width=\"105\"><strong>Horari entrada tarda<\/strong><\/td>\n<td width=\"104\"><strong>Horari sortida tarda<\/strong><\/td>\n<\/tr>\n<tr>\n<td rowspan=\"3\" width=\"110\">Acc\u00e9s Ed.Infantil<\/td>\n<td width=\"101\">P4A<\/td>\n<td width=\"105\">8:50h-9h<\/td>\n<td width=\"104\">12:20h-12:30h<\/td>\n<td width=\"105\">14:50h-15h<\/td>\n<td width=\"104\">16:20h-16:30h<\/td>\n<\/tr>\n<tr>\n<td width=\"101\">P3A<\/td>\n<td width=\"105\">9h-9:10h<\/td>\n<td width=\"104\">12:30h-12:40h<\/td>\n<td width=\"105\">15h-15:10h<\/td>\n<td width=\"104\">16:30h-16:40h<\/td>\n<\/tr>\n<tr>\n<td width=\"101\">P3B<\/td>\n<td width=\"105\">9:10h-9:20h<\/td>\n<td width=\"104\">12:40h-12:50h<\/td>\n<td width=\"105\">15:10h-15:20h<\/td>\n<td width=\"104\">16:40h-16:50h<\/td>\n<\/tr>\n<tr>\n<td rowspan=\"3\" width=\"110\">C\/Antoni Gaudi<\/td>\n<td width=\"101\">P4B<\/td>\n<td width=\"105\">8:50h-9h<\/td>\n<td width=\"104\">12:20h-12:30h<\/td>\n<td width=\"105\">14:50h-15h<\/td>\n<td width=\"104\">16:20h-16:30h<\/td>\n<\/tr>\n<tr>\n<td width=\"101\">P5A<\/td>\n<td width=\"105\">9h-9:10h<\/td>\n<td width=\"104\">12:30h-12:40h<\/td>\n<td width=\"105\">15h-15:10h<\/td>\n<td width=\"104\">16:30h-16:40h<\/td>\n<\/tr>\n<tr>\n<td width=\"101\">P5B<\/td>\n<td width=\"105\">9:10h-9:20h<\/td>\n<td width=\"104\">12:40h-12:50h<\/td>\n<td width=\"105\">15:10h-15:20h<\/td>\n<td width=\"104\">16:40h-16:50h<\/td>\n<\/tr>\n<tr>\n<td rowspan=\"3\" width=\"110\">Acc\u00e9s Ed.Principal<\/td>\n<td width=\"101\">6\u00e8<\/td>\n<td width=\"105\">8:50h-9h<\/td>\n<td width=\"104\">12:20h-12:30h<\/td>\n<td width=\"105\">14:50h-15h<\/td>\n<td width=\"104\">16:20h-16:30h<\/td>\n<\/tr>\n<tr>\n<td width=\"101\">5\u00e8<\/td>\n<td width=\"105\">9h-9:10h<\/td>\n<td width=\"104\">12:30h-12:40h<\/td>\n<td width=\"105\">15h-15:10h<\/td>\n<td width=\"104\">16:30h-16:40h<\/td>\n<\/tr>\n<tr>\n<td width=\"101\">4t<\/td>\n<td width=\"105\">9:10h-9:20h<\/td>\n<td width=\"104\">12:40h-12:50h<\/td>\n<td width=\"105\">15:10h-15:20h<\/td>\n<td width=\"104\">16:40h-16:50h<\/td>\n<\/tr>\n<tr>\n<td rowspan=\"3\" width=\"110\">C\/Antonio Machado<\/td>\n<td width=\"101\">3r<\/td>\n<td width=\"105\">8:50h-9h<\/td>\n<td width=\"104\">12:20h-12:30h<\/td>\n<td width=\"105\">14:50h-15h<\/td>\n<td width=\"104\">16:20h-16:30h<\/td>\n<\/tr>\n<tr>\n<td width=\"101\">2n<\/td>\n<td width=\"105\">9h-9:10h<\/td>\n<td width=\"104\">12:30h-12:40h<\/td>\n<td width=\"105\">15h-15:10h<\/td>\n<td width=\"104\">16:30h-16:40h<\/td>\n<\/tr>\n<tr>\n<td width=\"101\">1r<\/td>\n<td width=\"105\">9:10h-9:20h<\/td>\n<td width=\"104\">12:40h-12:50h<\/td>\n<td width=\"105\">15:10h-15:20h<\/td>\n<td width=\"104\">16:40h-16:50h<\/td>\n<\/tr>\n<\/tbody>\n<\/table>\n<p>&nbsp;<\/p>\n<\/div>\n","protected":false},"excerpt":{"rendered":"<p>Calendari curs2021 from Ernest Lluch El proper curs les classes comen\u00e7aran el dilluns, 14 de setembre. L\u2019horari d\u2019entrada i de sortida ser\u00e0 esglaonat i per diferents accessos de l\u2019escola. Aquesta proposta ha estat aprovada pel Consell Escolar del 20 de juliol. Acc\u00e9s Grup Horari entrada mat\u00ed Horari sortida mat\u00ed Horari entrada tarda Horari sortida tarda [&hellip;]<\/p>\n","protected":false},"author":1,"featured_media":0,"comment_status":"open","ping_status":"closed","sticky":false,"template":"","format":"standard","meta":{"_bbp_topic_count":0,"_bbp_reply_count":0,"_bbp_total_topic_count":0,"_bbp_total_reply_count":0,"_bbp_voice_count":0,"_bbp_anonymous_reply_count":0,"_bbp_topic_count_hidden":0,"_bbp_reply_count_hidden":0,"_bbp_forum_subforum_count":0,"site-sidebar-layout":"default","site-content-layout":"","ast-site-content-layout":"","site-content-style":"default","site-sidebar-style":"default","ast-global-header-display":"","ast-banner-title-visibility":"","ast-main-header-display":"","ast-hfb-above-header-display":"","ast-hfb-below-header-display":"","ast-hfb-mobile-header-display":"","site-post-title":"","ast-breadcrumbs-content":"","ast-featured-img":"","footer-sml-layout":"","theme-transparent-header-meta":"","adv-header-id-meta":"","stick-header-meta":"","header-above-stick-meta":"","header-main-stick-meta":"","header-below-stick-meta":"","astra-migrate-meta-layouts":"default","ast-page-background-enabled":"default","ast-page-background-meta":{"desktop":{"background-color":"var(--ast-global-color-4)","background-image":"","background-repeat":"repeat","background-position":"center center","background-size":"auto","background-attachment":"scroll","background-type":"","background-media":"","overlay-type":"","overlay-color":"","overlay-opacity":"","overlay-gradient":""},"tablet":{"background-color":"","background-image":"","background-repeat":"repeat","background-position":"center center","background-size":"auto","background-attachment":"scroll","background-type":"","background-media":"","overlay-type":"","overlay-color":"","overlay-opacity":"","overlay-gradient":""},"mobile":{"background-color":"","background-image":"","background-repeat":"repeat","background-position":"center center","background-size":"auto","background-attachment":"scroll","background-type":"","background-media":"","overlay-type":"","overlay-color":"","overlay-opacity":"","overlay-gradient":""}},"ast-content-background-meta":{"desktop":{"background-color":"var(--ast-global-color-5)","background-image":"","background-repeat":"repeat","background-position":"center center","background-size":"auto","background-attachment":"scroll","background-type":"","background-media":"","overlay-type":"","overlay-color":"","overlay-opacity":"","overlay-gradient":""},"tablet":{"background-color":"var(--ast-global-color-5)","background-image":"","background-repeat":"repeat","background-position":"center center","background-size":"auto","background-attachment":"scroll","background-type":"","background-media":"","overlay-type":"","overlay-color":"","overlay-opacity":"","overlay-gradient":""},"mobile":{"background-color":"var(--ast-global-color-5)","background-image":"","background-repeat":"repeat","background-position":"center center","background-size":"auto","background-attachment":"scroll","background-type":"","background-media":"","overlay-type":"","overlay-color":"","overlay-opacity":"","overlay-gradient":""}},"footnotes":""},"categories":[10,11,12,13,14,15,7,5,2,1,3,8,9,4],"tags":[],"class_list":["post-1437","post","type-post","status-publish","format-standard","hentry","category-1r","category-2n","category-3r","category-4t","category-5e","category-6e","category-afa","category-primaria","category-ed-infantil","category-general","category-p3","category-p4","category-p5","category-portada"],"post_mailing_queue_ids":[],"_links":{"self":[{"href":"https:\/\/agora.xtec.cat\/ceip-ernest-lluch\/wp-json\/wp\/v2\/posts\/1437","targetHints":{"allow":["GET"]}}],"collection":[{"href":"https:\/\/agora.xtec.cat\/ceip-ernest-lluch\/wp-json\/wp\/v2\/posts"}],"about":[{"href":"https:\/\/agora.xtec.cat\/ceip-ernest-lluch\/wp-json\/wp\/v2\/types\/post"}],"author":[{"embeddable":true,"href":"https:\/\/agora.xtec.cat\/ceip-ernest-lluch\/wp-json\/wp\/v2\/users\/1"}],"replies":[{"embeddable":true,"href":"https:\/\/agora.xtec.cat\/ceip-ernest-lluch\/wp-json\/wp\/v2\/comments?post=1437"}],"version-history":[{"count":3,"href":"https:\/\/agora.xtec.cat\/ceip-ernest-lluch\/wp-json\/wp\/v2\/posts\/1437\/revisions"}],"predecessor-version":[{"id":1440,"href":"https:\/\/agora.xtec.cat\/ceip-ernest-lluch\/wp-json\/wp\/v2\/posts\/1437\/revisions\/1440"}],"wp:attachment":[{"href":"https:\/\/agora.xtec.cat\/ceip-ernest-lluch\/wp-json\/wp\/v2\/media?parent=1437"}],"wp:term":[{"taxonomy":"category","embeddable":true,"href":"https:\/\/agora.xtec.cat\/ceip-ernest-lluch\/wp-json\/wp\/v2\/categories?post=1437"},{"taxonomy":"post_tag","embeddable":true,"href":"https:\/\/agora.xtec.cat\/ceip-ernest-lluch\/wp-json\/wp\/v2\/tags?post=1437"}],"curies":[{"name":"wp","href":"https:\/\/api.w.org\/{rel}","templated":true}]}}