{"id":1427,"date":"2020-07-08T09:09:53","date_gmt":"2020-07-08T07:09:53","guid":{"rendered":"http:\/\/agora.xtec.cat\/ceip-ernest-lluch\/?p=1427"},"modified":"2020-07-08T09:18:28","modified_gmt":"2020-07-08T07:18:28","slug":"llistat-dadmesos-i-formalitzacio-matricula","status":"publish","type":"post","link":"https:\/\/agora.xtec.cat\/ceip-ernest-lluch\/general\/llistat-dadmesos-i-formalitzacio-matricula\/","title":{"rendered":"LLISTAT D&#8217;ADMESOS, LLISTA D&#8217;ESPERA I FORMALITZACI\u00d3 MATR\u00cdCULA"},"content":{"rendered":"<p>Ja s&#8217;ha publicat el llistat d&#8217;alumnes admesos i la llista d&#8217;espera que ser\u00e0 vigent fins setembre.<\/p>\n<p><strong>LLISTAT D&#8217;ALUMNES ADMESOS<\/strong><\/p>\n<p><iframe loading=\"lazy\" src=\"\/\/www.slideshare.net\/slideshow\/embed_code\/key\/IQX8jn6J7nAPMg\" width=\"668\" height=\"714\" frameborder=\"0\"> <\/iframe><\/p>\n<div style=\"margin-bottom: 5px;\"><strong> <a title=\"Llistatadmesos2021\" href=\"\/\/www.slideshare.net\/a8059822\/llistatadmesos2021\" target=\"_blank\" rel=\"noopener noreferrer\">Llistatadmesos2021<\/a> <\/strong> from <strong><a href=\"https:\/\/www.slideshare.net\/a8059822\" target=\"_blank\" rel=\"noopener noreferrer\">Ernest Lluch<\/a><\/strong><\/div>\n<p>&nbsp;<\/p>\n<p>Recordeu que&#8230;.<strong>.\u00c9S IMPRESCINDIBLE FORMALITZAR LA MATR\u00cdCULA<\/strong> en el centre que ha estat adjudicat ja que, en cas de no fer-ho, es perdrien tots els drets de la pla\u00e7a adjudicada!<\/p>\n<p>&nbsp;<\/p>\n<p><span style=\"text-decoration: underline;\"><strong>RECOLLIDA DE DOCUMENTACI\u00d3<\/strong><\/span><\/p>\n<p>8, 9 i 10 de juliol de 8:30h a 13h.7<\/p>\n<p>&nbsp;<\/p>\n<p><span style=\"text-decoration: underline;\"><strong>ENTREVISTA PERSONAL DE MATRICULACI\u00d3<\/strong><\/span><\/p>\n<p>Del 13 al 17 de juliol de 9h a 13h amb cita pr\u00e8via.<\/p>\n<p>&nbsp;<\/p>\n<p><strong>LLISTA D&#8217;ESPERA<\/strong><\/p>\n<p><iframe loading=\"lazy\" src=\"\/\/www.slideshare.net\/slideshow\/embed_code\/key\/xjPcKZLGD4DlYg\" width=\"668\" height=\"714\" frameborder=\"0\" marginwidth=\"0\" marginheight=\"0\" scrolling=\"no\" style=\"border:1px solid #CCC; border-width:1px; margin-bottom:5px; max-width: 100%;\" allowfullscreen> <\/iframe> <\/p>\n<div style=\"margin-bottom:5px\"> <strong> <a href=\"\/\/www.slideshare.net\/a8059822\/llistaespera2021\" title=\"Llistaespera2021\" target=\"_blank\" rel=\"noopener noreferrer\">Llistaespera2021<\/a> <\/strong> from <strong><a href=\"https:\/\/www.slideshare.net\/a8059822\" target=\"_blank\" rel=\"noopener noreferrer\">Ernest Lluch<\/a><\/strong> <\/div>\n<p>&nbsp;<\/p>\n","protected":false},"excerpt":{"rendered":"<p>Ja s&#8217;ha publicat el llistat d&#8217;alumnes admesos i la llista d&#8217;espera que ser\u00e0 vigent fins setembre. LLISTAT D&#8217;ALUMNES ADMESOS Llistatadmesos2021 from Ernest Lluch &nbsp; Recordeu que&#8230;..\u00c9S IMPRESCINDIBLE FORMALITZAR LA MATR\u00cdCULA en el centre que ha estat adjudicat ja que, en cas de no fer-ho, es perdrien tots els drets de la pla\u00e7a adjudicada! &nbsp; RECOLLIDA [&hellip;]<\/p>\n","protected":false},"author":1,"featured_media":0,"comment_status":"open","ping_status":"closed","sticky":false,"template":"","format":"standard","meta":{"_bbp_topic_count":0,"_bbp_reply_count":0,"_bbp_total_topic_count":0,"_bbp_total_reply_count":0,"_bbp_voice_count":0,"_bbp_anonymous_reply_count":0,"_bbp_topic_count_hidden":0,"_bbp_reply_count_hidden":0,"_bbp_forum_subforum_count":0,"site-sidebar-layout":"default","site-content-layout":"","ast-site-content-layout":"","site-content-style":"default","site-sidebar-style":"default","ast-global-header-display":"","ast-banner-title-visibility":"","ast-main-header-display":"","ast-hfb-above-header-display":"","ast-hfb-below-header-display":"","ast-hfb-mobile-header-display":"","site-post-title":"","ast-breadcrumbs-content":"","ast-featured-img":"","footer-sml-layout":"","theme-transparent-header-meta":"","adv-header-id-meta":"","stick-header-meta":"","header-above-stick-meta":"","header-main-stick-meta":"","header-below-stick-meta":"","astra-migrate-meta-layouts":"default","ast-page-background-enabled":"default","ast-page-background-meta":{"desktop":{"background-color":"var(--ast-global-color-4)","background-image":"","background-repeat":"repeat","background-position":"center center","background-size":"auto","background-attachment":"scroll","background-type":"","background-media":"","overlay-type":"","overlay-color":"","overlay-opacity":"","overlay-gradient":""},"tablet":{"background-color":"","background-image":"","background-repeat":"repeat","background-position":"center center","background-size":"auto","background-attachment":"scroll","background-type":"","background-media":"","overlay-type":"","overlay-color":"","overlay-opacity":"","overlay-gradient":""},"mobile":{"background-color":"","background-image":"","background-repeat":"repeat","background-position":"center center","background-size":"auto","background-attachment":"scroll","background-type":"","background-media":"","overlay-type":"","overlay-color":"","overlay-opacity":"","overlay-gradient":""}},"ast-content-background-meta":{"desktop":{"background-color":"var(--ast-global-color-5)","background-image":"","background-repeat":"repeat","background-position":"center center","background-size":"auto","background-attachment":"scroll","background-type":"","background-media":"","overlay-type":"","overlay-color":"","overlay-opacity":"","overlay-gradient":""},"tablet":{"background-color":"var(--ast-global-color-5)","background-image":"","background-repeat":"repeat","background-position":"center center","background-size":"auto","background-attachment":"scroll","background-type":"","background-media":"","overlay-type":"","overlay-color":"","overlay-opacity":"","overlay-gradient":""},"mobile":{"background-color":"var(--ast-global-color-5)","background-image":"","background-repeat":"repeat","background-position":"center center","background-size":"auto","background-attachment":"scroll","background-type":"","background-media":"","overlay-type":"","overlay-color":"","overlay-opacity":"","overlay-gradient":""}},"footnotes":""},"categories":[1,4,62],"tags":[],"class_list":["post-1427","post","type-post","status-publish","format-standard","hentry","category-general","category-portada","category-preinscripcio2526"],"post_mailing_queue_ids":[],"_links":{"self":[{"href":"https:\/\/agora.xtec.cat\/ceip-ernest-lluch\/wp-json\/wp\/v2\/posts\/1427","targetHints":{"allow":["GET"]}}],"collection":[{"href":"https:\/\/agora.xtec.cat\/ceip-ernest-lluch\/wp-json\/wp\/v2\/posts"}],"about":[{"href":"https:\/\/agora.xtec.cat\/ceip-ernest-lluch\/wp-json\/wp\/v2\/types\/post"}],"author":[{"embeddable":true,"href":"https:\/\/agora.xtec.cat\/ceip-ernest-lluch\/wp-json\/wp\/v2\/users\/1"}],"replies":[{"embeddable":true,"href":"https:\/\/agora.xtec.cat\/ceip-ernest-lluch\/wp-json\/wp\/v2\/comments?post=1427"}],"version-history":[{"count":2,"href":"https:\/\/agora.xtec.cat\/ceip-ernest-lluch\/wp-json\/wp\/v2\/posts\/1427\/revisions"}],"predecessor-version":[{"id":1436,"href":"https:\/\/agora.xtec.cat\/ceip-ernest-lluch\/wp-json\/wp\/v2\/posts\/1427\/revisions\/1436"}],"wp:attachment":[{"href":"https:\/\/agora.xtec.cat\/ceip-ernest-lluch\/wp-json\/wp\/v2\/media?parent=1427"}],"wp:term":[{"taxonomy":"category","embeddable":true,"href":"https:\/\/agora.xtec.cat\/ceip-ernest-lluch\/wp-json\/wp\/v2\/categories?post=1427"},{"taxonomy":"post_tag","embeddable":true,"href":"https:\/\/agora.xtec.cat\/ceip-ernest-lluch\/wp-json\/wp\/v2\/tags?post=1427"}],"curies":[{"name":"wp","href":"https:\/\/api.w.org\/{rel}","templated":true}]}}