{"id":1380,"date":"2020-05-28T23:28:41","date_gmt":"2020-05-28T21:28:41","guid":{"rendered":"http:\/\/agora.xtec.cat\/ceip-ernest-lluch\/?p=1380"},"modified":"2020-05-28T12:35:59","modified_gmt":"2020-05-28T10:35:59","slug":"il%c2%b7lusions-optiques","status":"publish","type":"post","link":"https:\/\/agora.xtec.cat\/ceip-ernest-lluch\/general\/il%c2%b7lusions-optiques\/","title":{"rendered":"IL\u00b7LUSIONS \u00d2PTIQUES"},"content":{"rendered":"<p>Avui us llencem un nou repte, en aquest cas&#8230;..il\u00b7lusions \u00f2ptiques! Les il\u00b7lusions \u00f2ptiques s\u00f3n efectes sobre el sentit de la vista caracteritzats per la percepci\u00f3 visual d&#8217;imatges que s\u00f3n falses o err\u00f2nies. Falses si no existeix realment el que el cervell veu o err\u00f2nies si el cervell interpreta equ\u00edvocadament la informaci\u00f3 visual. Tot i aix\u00ed&#8230;.pot arribar a ser molt divertit! De fet, a Barcelona hi ha el museu de les il.lusions i realment \u00e9s super divertit!!!<\/p>\n<p>Aix\u00ed doncs, us demanem que ens feu arribar al correu de l&#8217;escola fotografies d&#8217;il.lusions \u00f2ptiques i omplirem la xarxa amb el hashtagh #illusionselluch<\/p>\n<p style=\"text-align: center;\"><a href=\"https:\/\/agora.xtec.cat\/ceip-ernest-lluch\/wp-content\/uploads\/usu939\/2020\/05\/IMG_20200528_122929.jpg\"><img loading=\"lazy\" decoding=\"async\" class=\"aligncenter size-medium wp-image-1381\" src=\"https:\/\/agora.xtec.cat\/ceip-ernest-lluch\/wp-content\/uploads\/usu939\/2020\/05\/IMG_20200528_122929-261x300.jpg\" alt=\"\" width=\"261\" height=\"300\" srcset=\"https:\/\/agora.xtec.cat\/ceip-ernest-lluch\/wp-content\/uploads\/usu939\/2020\/05\/IMG_20200528_122929-261x300.jpg 261w, https:\/\/agora.xtec.cat\/ceip-ernest-lluch\/wp-content\/uploads\/usu939\/2020\/05\/IMG_20200528_122929.jpg 720w\" sizes=\"auto, (max-width: 261px) 100vw, 261px\" \/><\/a><\/p>\n","protected":false},"excerpt":{"rendered":"<p>Avui us llencem un nou repte, en aquest cas&#8230;..il\u00b7lusions \u00f2ptiques! Les il\u00b7lusions \u00f2ptiques s\u00f3n efectes sobre el sentit de la vista caracteritzats per la percepci\u00f3 visual d&#8217;imatges que s\u00f3n falses o err\u00f2nies. Falses si no existeix realment el que el cervell veu o err\u00f2nies si el cervell interpreta equ\u00edvocadament la informaci\u00f3 visual. Tot i aix\u00ed&#8230;.pot [&hellip;]<\/p>\n","protected":false},"author":1,"featured_media":0,"comment_status":"open","ping_status":"closed","sticky":false,"template":"","format":"standard","meta":{"_bbp_topic_count":0,"_bbp_reply_count":0,"_bbp_total_topic_count":0,"_bbp_total_reply_count":0,"_bbp_voice_count":0,"_bbp_anonymous_reply_count":0,"_bbp_topic_count_hidden":0,"_bbp_reply_count_hidden":0,"_bbp_forum_subforum_count":0,"site-sidebar-layout":"default","site-content-layout":"","ast-site-content-layout":"","site-content-style":"default","site-sidebar-style":"default","ast-global-header-display":"","ast-banner-title-visibility":"","ast-main-header-display":"","ast-hfb-above-header-display":"","ast-hfb-below-header-display":"","ast-hfb-mobile-header-display":"","site-post-title":"","ast-breadcrumbs-content":"","ast-featured-img":"","footer-sml-layout":"","theme-transparent-header-meta":"","adv-header-id-meta":"","stick-header-meta":"","header-above-stick-meta":"","header-main-stick-meta":"","header-below-stick-meta":"","astra-migrate-meta-layouts":"default","ast-page-background-enabled":"default","ast-page-background-meta":{"desktop":{"background-color":"var(--ast-global-color-4)","background-image":"","background-repeat":"repeat","background-position":"center center","background-size":"auto","background-attachment":"scroll","background-type":"","background-media":"","overlay-type":"","overlay-color":"","overlay-opacity":"","overlay-gradient":""},"tablet":{"background-color":"","background-image":"","background-repeat":"repeat","background-position":"center center","background-size":"auto","background-attachment":"scroll","background-type":"","background-media":"","overlay-type":"","overlay-color":"","overlay-opacity":"","overlay-gradient":""},"mobile":{"background-color":"","background-image":"","background-repeat":"repeat","background-position":"center center","background-size":"auto","background-attachment":"scroll","background-type":"","background-media":"","overlay-type":"","overlay-color":"","overlay-opacity":"","overlay-gradient":""}},"ast-content-background-meta":{"desktop":{"background-color":"var(--ast-global-color-5)","background-image":"","background-repeat":"repeat","background-position":"center center","background-size":"auto","background-attachment":"scroll","background-type":"","background-media":"","overlay-type":"","overlay-color":"","overlay-opacity":"","overlay-gradient":""},"tablet":{"background-color":"var(--ast-global-color-5)","background-image":"","background-repeat":"repeat","background-position":"center center","background-size":"auto","background-attachment":"scroll","background-type":"","background-media":"","overlay-type":"","overlay-color":"","overlay-opacity":"","overlay-gradient":""},"mobile":{"background-color":"var(--ast-global-color-5)","background-image":"","background-repeat":"repeat","background-position":"center center","background-size":"auto","background-attachment":"scroll","background-type":"","background-media":"","overlay-type":"","overlay-color":"","overlay-opacity":"","overlay-gradient":""}},"footnotes":""},"categories":[7,5,2,1,4],"tags":[],"class_list":["post-1380","post","type-post","status-publish","format-standard","hentry","category-afa","category-primaria","category-ed-infantil","category-general","category-portada"],"post_mailing_queue_ids":[],"_links":{"self":[{"href":"https:\/\/agora.xtec.cat\/ceip-ernest-lluch\/wp-json\/wp\/v2\/posts\/1380","targetHints":{"allow":["GET"]}}],"collection":[{"href":"https:\/\/agora.xtec.cat\/ceip-ernest-lluch\/wp-json\/wp\/v2\/posts"}],"about":[{"href":"https:\/\/agora.xtec.cat\/ceip-ernest-lluch\/wp-json\/wp\/v2\/types\/post"}],"author":[{"embeddable":true,"href":"https:\/\/agora.xtec.cat\/ceip-ernest-lluch\/wp-json\/wp\/v2\/users\/1"}],"replies":[{"embeddable":true,"href":"https:\/\/agora.xtec.cat\/ceip-ernest-lluch\/wp-json\/wp\/v2\/comments?post=1380"}],"version-history":[{"count":1,"href":"https:\/\/agora.xtec.cat\/ceip-ernest-lluch\/wp-json\/wp\/v2\/posts\/1380\/revisions"}],"predecessor-version":[{"id":1382,"href":"https:\/\/agora.xtec.cat\/ceip-ernest-lluch\/wp-json\/wp\/v2\/posts\/1380\/revisions\/1382"}],"wp:attachment":[{"href":"https:\/\/agora.xtec.cat\/ceip-ernest-lluch\/wp-json\/wp\/v2\/media?parent=1380"}],"wp:term":[{"taxonomy":"category","embeddable":true,"href":"https:\/\/agora.xtec.cat\/ceip-ernest-lluch\/wp-json\/wp\/v2\/categories?post=1380"},{"taxonomy":"post_tag","embeddable":true,"href":"https:\/\/agora.xtec.cat\/ceip-ernest-lluch\/wp-json\/wp\/v2\/tags?post=1380"}],"curies":[{"name":"wp","href":"https:\/\/api.w.org\/{rel}","templated":true}]}}