{"id":1369,"date":"2020-05-23T19:35:08","date_gmt":"2020-05-23T17:35:08","guid":{"rendered":"http:\/\/agora.xtec.cat\/ceip-ernest-lluch\/?p=1369"},"modified":"2020-05-23T19:37:29","modified_gmt":"2020-05-23T17:37:29","slug":"obertura-parcial-de-les-escoles-dabrera","status":"publish","type":"post","link":"https:\/\/agora.xtec.cat\/ceip-ernest-lluch\/general\/obertura-parcial-de-les-escoles-dabrera\/","title":{"rendered":"OBERTURA PARCIAL DE LES ESCOLES D&#8217;ABRERA"},"content":{"rendered":"<p>Benvolgudes fam\u00edlies,<\/p>\n<p>Les escoles d&#8217;Infantil i Prim\u00e0ria d&#8217;Abrera us volem exposar la informaci\u00f3 que dimecres va fer p\u00fablica el Conseller d&#8217;Educaci\u00f3 de la Generalitat de Catalunya en roda de premsa. Per\u00f2 abans, cal tenir en compte tres <strong>premises<\/strong>:<\/p>\n<p>1-La possible obertura parcial de centre nom\u00e9s es pot produir si la nostra poblaci\u00f3 entra en<strong> FASE 2<\/strong> de desescalada. <span style=\"text-decoration: underline;\"><strong>Aix\u00f2 no pot passar abans del 8 de juny.<\/strong><\/span><\/p>\n<p>2-Les direccions dels centres estem rebent unes instruccions m\u00e9s precises que s&#8217;acabaran de concretar la propera setmana. Podria ser que hi hagu\u00e9s algun canvi respecte el que va dir el Conseller.<\/p>\n<p>3<strong>-El curs 2019-2020 s&#8217;acabar\u00e0 de forma telem\u00e0tica.<\/strong> Les accions que s&#8217;expliquen a continuaci\u00f3 no suposen una tornada a la doc\u00e8ncia presencial.<\/p>\n<p>&nbsp;<\/p>\n<p><span style=\"text-decoration: underline;\"><strong>Les escoles d&#8217;Ed.Infantil i Prim\u00e0ria est\u00e0 previst que s&#8217;obrin per les seg\u00fcents activitats (l&#8217;assist\u00e8ncia de l&#8217;alumnat ser\u00e0 totalment volunt\u00e0ria):<\/strong><\/span><\/p>\n<p><strong>1-Alumnes de 6\u00e8 de Prim\u00e0ria:<\/strong> Acci\u00f3 educativa presencial volunt\u00e0ria, en grups de m\u00e0xim 13 alumnes, amb l&#8217;objectiu de donar suport al tancament de l&#8217;etapa i l&#8217;acompanyament del seu pas a secund\u00e0ria. Al ser voluntari, caldr\u00e0 garantir la continu\u00eftat de la doc\u00e8ncia telem\u00e0tica.<\/p>\n<p><strong>2-Acollida per l&#8217;alumnat d&#8217;Ed.Infantil:<\/strong> Acollida en un espai espec\u00edfic per a aquells infants de P3, P4 i P5 de fam\u00edlies en els quals els dos progenitors hagin de treballar de forma presencial, sense possibilitat de flexibilitzar-lo, en grups d&#8217;un m\u00e0xim de 8 alumnes a P3 i 10 alumnes a P4 i P5, i en horari de 9h a 13h.<\/p>\n<p><strong>3-Tutories personalitzades:<\/strong> Poden ser amb un alumne\/a o tamb\u00e9 amb la fam\u00edlia (nom\u00e9s una persona), de qualsevol nivell. Es tracta d&#8217;una mesura excepcional i s&#8217;haur\u00e0 de programar per un dia i una hora en concret. <strong>No suposa una assist\u00e8ncia di\u00e0ria al centre.<\/strong><\/p>\n<p><strong>4-Tutories en petits grups en els altres nivells:<\/strong> Es far\u00e0 en grups de no m\u00e9s de 13 alumnes, de qualsevol nivell i \u00e9s compatible amb l&#8217;anterior. Es tracta d&#8217;una mesura excepcional i puntual. Es tracta de l&#8217;obertura d&#8217;alguna espai del centre de manera planificada i la programaci\u00f3 del dia i hora de retrobament de l&#8217;alumnat amb el professorat. <strong>No suposa una assist\u00e8ncia di\u00e0ria al centre.<\/strong><\/p>\n<p>&nbsp;<\/p>\n<p><span style=\"text-decoration: underline;\"><strong>Requisits per l&#8217;assist\u00e8ncia:<\/strong><\/span><\/p>\n<ul>\n<li>No tenir s\u00edmptomes compatibles amb la COVID-19.<\/li>\n<li>No haver estat en contacte amb positiu confirmat o simptomatologia compatible en els 14 dies anteriors.<\/li>\n<li>Calendari de vacunes al dia.<\/li>\n<li>Declaraci\u00f3 responsable dels progenitors.<\/li>\n<li>En el cas que l&#8217;infant tingui alguna malaltia cr\u00f2nica o de risc, es valorar\u00e0 la idone\u00eftat de reprendre l&#8217;activitat escolar.<\/li>\n<\/ul>\n<p>&nbsp;<\/p>\n<p><span style=\"text-decoration: underline;\"><strong>Mesures de protecci\u00f3 i prevenci\u00f3:<\/strong><\/span><\/p>\n<p>En el moment d&#8217;iniciar-se l&#8217;obertura ja es concretaran.<\/p>\n<p>&nbsp;<\/p>\n<p>Al llarg de la setmana vinent, ja us anirem fent arribar informaci\u00f3 m\u00e9s concreta i, si \u00e9s el cas, novetats que hi hagi.<\/p>\n<p>&nbsp;<\/p>\n<p>Cordialment,<\/p>\n<p>Les direccions de les escoles d&#8217;Abrera<\/p>\n","protected":false},"excerpt":{"rendered":"<p>Benvolgudes fam\u00edlies, Les escoles d&#8217;Infantil i Prim\u00e0ria d&#8217;Abrera us volem exposar la informaci\u00f3 que dimecres va fer p\u00fablica el Conseller d&#8217;Educaci\u00f3 de la Generalitat de Catalunya en roda de premsa. Per\u00f2 abans, cal tenir en compte tres premises: 1-La possible obertura parcial de centre nom\u00e9s es pot produir si la nostra poblaci\u00f3 entra en FASE [&hellip;]<\/p>\n","protected":false},"author":1,"featured_media":0,"comment_status":"open","ping_status":"closed","sticky":false,"template":"","format":"standard","meta":{"_bbp_topic_count":0,"_bbp_reply_count":0,"_bbp_total_topic_count":0,"_bbp_total_reply_count":0,"_bbp_voice_count":0,"_bbp_anonymous_reply_count":0,"_bbp_topic_count_hidden":0,"_bbp_reply_count_hidden":0,"_bbp_forum_subforum_count":0,"site-sidebar-layout":"default","site-content-layout":"","ast-site-content-layout":"","site-content-style":"default","site-sidebar-style":"default","ast-global-header-display":"","ast-banner-title-visibility":"","ast-main-header-display":"","ast-hfb-above-header-display":"","ast-hfb-below-header-display":"","ast-hfb-mobile-header-display":"","site-post-title":"","ast-breadcrumbs-content":"","ast-featured-img":"","footer-sml-layout":"","theme-transparent-header-meta":"","adv-header-id-meta":"","stick-header-meta":"","header-above-stick-meta":"","header-main-stick-meta":"","header-below-stick-meta":"","astra-migrate-meta-layouts":"default","ast-page-background-enabled":"default","ast-page-background-meta":{"desktop":{"background-color":"var(--ast-global-color-4)","background-image":"","background-repeat":"repeat","background-position":"center center","background-size":"auto","background-attachment":"scroll","background-type":"","background-media":"","overlay-type":"","overlay-color":"","overlay-opacity":"","overlay-gradient":""},"tablet":{"background-color":"","background-image":"","background-repeat":"repeat","background-position":"center center","background-size":"auto","background-attachment":"scroll","background-type":"","background-media":"","overlay-type":"","overlay-color":"","overlay-opacity":"","overlay-gradient":""},"mobile":{"background-color":"","background-image":"","background-repeat":"repeat","background-position":"center center","background-size":"auto","background-attachment":"scroll","background-type":"","background-media":"","overlay-type":"","overlay-color":"","overlay-opacity":"","overlay-gradient":""}},"ast-content-background-meta":{"desktop":{"background-color":"var(--ast-global-color-5)","background-image":"","background-repeat":"repeat","background-position":"center center","background-size":"auto","background-attachment":"scroll","background-type":"","background-media":"","overlay-type":"","overlay-color":"","overlay-opacity":"","overlay-gradient":""},"tablet":{"background-color":"var(--ast-global-color-5)","background-image":"","background-repeat":"repeat","background-position":"center center","background-size":"auto","background-attachment":"scroll","background-type":"","background-media":"","overlay-type":"","overlay-color":"","overlay-opacity":"","overlay-gradient":""},"mobile":{"background-color":"var(--ast-global-color-5)","background-image":"","background-repeat":"repeat","background-position":"center center","background-size":"auto","background-attachment":"scroll","background-type":"","background-media":"","overlay-type":"","overlay-color":"","overlay-opacity":"","overlay-gradient":""}},"footnotes":""},"categories":[10,11,12,13,14,15,7,5,2,1,3,8,9,4],"tags":[],"class_list":["post-1369","post","type-post","status-publish","format-standard","hentry","category-1r","category-2n","category-3r","category-4t","category-5e","category-6e","category-afa","category-primaria","category-ed-infantil","category-general","category-p3","category-p4","category-p5","category-portada"],"post_mailing_queue_ids":[],"_links":{"self":[{"href":"https:\/\/agora.xtec.cat\/ceip-ernest-lluch\/wp-json\/wp\/v2\/posts\/1369","targetHints":{"allow":["GET"]}}],"collection":[{"href":"https:\/\/agora.xtec.cat\/ceip-ernest-lluch\/wp-json\/wp\/v2\/posts"}],"about":[{"href":"https:\/\/agora.xtec.cat\/ceip-ernest-lluch\/wp-json\/wp\/v2\/types\/post"}],"author":[{"embeddable":true,"href":"https:\/\/agora.xtec.cat\/ceip-ernest-lluch\/wp-json\/wp\/v2\/users\/1"}],"replies":[{"embeddable":true,"href":"https:\/\/agora.xtec.cat\/ceip-ernest-lluch\/wp-json\/wp\/v2\/comments?post=1369"}],"version-history":[{"count":2,"href":"https:\/\/agora.xtec.cat\/ceip-ernest-lluch\/wp-json\/wp\/v2\/posts\/1369\/revisions"}],"predecessor-version":[{"id":1371,"href":"https:\/\/agora.xtec.cat\/ceip-ernest-lluch\/wp-json\/wp\/v2\/posts\/1369\/revisions\/1371"}],"wp:attachment":[{"href":"https:\/\/agora.xtec.cat\/ceip-ernest-lluch\/wp-json\/wp\/v2\/media?parent=1369"}],"wp:term":[{"taxonomy":"category","embeddable":true,"href":"https:\/\/agora.xtec.cat\/ceip-ernest-lluch\/wp-json\/wp\/v2\/categories?post=1369"},{"taxonomy":"post_tag","embeddable":true,"href":"https:\/\/agora.xtec.cat\/ceip-ernest-lluch\/wp-json\/wp\/v2\/tags?post=1369"}],"curies":[{"name":"wp","href":"https:\/\/api.w.org\/{rel}","templated":true}]}}