{"id":1315,"date":"2020-05-12T23:22:02","date_gmt":"2020-05-12T21:22:02","guid":{"rendered":"http:\/\/agora.xtec.cat\/ceip-ernest-lluch\/?p=1315"},"modified":"2020-05-13T12:00:40","modified_gmt":"2020-05-13T10:00:40","slug":"lets-create-a-rainbow","status":"publish","type":"post","link":"https:\/\/agora.xtec.cat\/ceip-ernest-lluch\/ed-infantil\/lets-create-a-rainbow\/","title":{"rendered":"LET&#8217;S CREATE A RAINBOW"},"content":{"rendered":"<p>Avui us presentem el seg\u00fcent repte que va relacionat amb els colors.<\/p>\n<p>Hi ha alguns artistes que utilitzen els colors de l&#8217;arc de Sant Mart\u00ed per fer les seves creacions. Per exemple, les artistes australianes Liz Jones o Angela Sikiric treballen a partir de la recollida de brossa, que separada per colors la utilitzen per construir les seves obres.<\/p>\n<p>El repte \u00e9s que construiu el vostre propi arc de Sant Mart\u00ed &#8220;rainbow&#8221; amb diferents objectes que trobeu per casa, siguin o no de rebuig. Poden ser m\u00e9s grans, m\u00e9s petits, pot ser una pe\u00e7a de fruita, un tros de roba, una joguina&#8230;O fins i tot, un dibuix.<\/p>\n<p>Ens els envieu al correu de l&#8217;escola <a href=\"mailto:a8059822@xtec.cat\">a8059822@xtec.cat<\/a> i omplirem les xarxes de colors amb el hashtag #rainbowelluch!! Aquest repte el tindrem actiu fins diumenge al vespre!!!<\/p>\n<p style=\"text-align: center;\"><a href=\"https:\/\/agora.xtec.cat\/ceip-ernest-lluch\/wp-content\/uploads\/usu939\/2020\/05\/trashbow-caps.jpg\"><img loading=\"lazy\" decoding=\"async\" class=\"aligncenter size-medium wp-image-1316\" src=\"https:\/\/agora.xtec.cat\/ceip-ernest-lluch\/wp-content\/uploads\/usu939\/2020\/05\/trashbow-caps-245x300.jpg\" alt=\"\" width=\"245\" height=\"300\" srcset=\"https:\/\/agora.xtec.cat\/ceip-ernest-lluch\/wp-content\/uploads\/usu939\/2020\/05\/trashbow-caps-245x300.jpg 245w, https:\/\/agora.xtec.cat\/ceip-ernest-lluch\/wp-content\/uploads\/usu939\/2020\/05\/trashbow-caps.jpg 468w\" sizes=\"auto, (max-width: 245px) 100vw, 245px\" \/><\/a><\/p>\n","protected":false},"excerpt":{"rendered":"<p>Avui us presentem el seg\u00fcent repte que va relacionat amb els colors. Hi ha alguns artistes que utilitzen els colors de l&#8217;arc de Sant Mart\u00ed per fer les seves creacions. Per exemple, les artistes australianes Liz Jones o Angela Sikiric treballen a partir de la recollida de brossa, que separada per colors la utilitzen per [&hellip;]<\/p>\n","protected":false},"author":1,"featured_media":0,"comment_status":"open","ping_status":"closed","sticky":false,"template":"","format":"standard","meta":{"_bbp_topic_count":0,"_bbp_reply_count":0,"_bbp_total_topic_count":0,"_bbp_total_reply_count":0,"_bbp_voice_count":0,"_bbp_anonymous_reply_count":0,"_bbp_topic_count_hidden":0,"_bbp_reply_count_hidden":0,"_bbp_forum_subforum_count":0,"site-sidebar-layout":"default","site-content-layout":"","ast-site-content-layout":"","site-content-style":"default","site-sidebar-style":"default","ast-global-header-display":"","ast-banner-title-visibility":"","ast-main-header-display":"","ast-hfb-above-header-display":"","ast-hfb-below-header-display":"","ast-hfb-mobile-header-display":"","site-post-title":"","ast-breadcrumbs-content":"","ast-featured-img":"","footer-sml-layout":"","theme-transparent-header-meta":"","adv-header-id-meta":"","stick-header-meta":"","header-above-stick-meta":"","header-main-stick-meta":"","header-below-stick-meta":"","astra-migrate-meta-layouts":"default","ast-page-background-enabled":"default","ast-page-background-meta":{"desktop":{"background-color":"var(--ast-global-color-4)","background-image":"","background-repeat":"repeat","background-position":"center center","background-size":"auto","background-attachment":"scroll","background-type":"","background-media":"","overlay-type":"","overlay-color":"","overlay-opacity":"","overlay-gradient":""},"tablet":{"background-color":"","background-image":"","background-repeat":"repeat","background-position":"center center","background-size":"auto","background-attachment":"scroll","background-type":"","background-media":"","overlay-type":"","overlay-color":"","overlay-opacity":"","overlay-gradient":""},"mobile":{"background-color":"","background-image":"","background-repeat":"repeat","background-position":"center center","background-size":"auto","background-attachment":"scroll","background-type":"","background-media":"","overlay-type":"","overlay-color":"","overlay-opacity":"","overlay-gradient":""}},"ast-content-background-meta":{"desktop":{"background-color":"var(--ast-global-color-5)","background-image":"","background-repeat":"repeat","background-position":"center center","background-size":"auto","background-attachment":"scroll","background-type":"","background-media":"","overlay-type":"","overlay-color":"","overlay-opacity":"","overlay-gradient":""},"tablet":{"background-color":"var(--ast-global-color-5)","background-image":"","background-repeat":"repeat","background-position":"center center","background-size":"auto","background-attachment":"scroll","background-type":"","background-media":"","overlay-type":"","overlay-color":"","overlay-opacity":"","overlay-gradient":""},"mobile":{"background-color":"var(--ast-global-color-5)","background-image":"","background-repeat":"repeat","background-position":"center center","background-size":"auto","background-attachment":"scroll","background-type":"","background-media":"","overlay-type":"","overlay-color":"","overlay-opacity":"","overlay-gradient":""}},"footnotes":""},"categories":[7,5,2,4],"tags":[],"class_list":["post-1315","post","type-post","status-publish","format-standard","hentry","category-afa","category-primaria","category-ed-infantil","category-portada"],"post_mailing_queue_ids":[],"_links":{"self":[{"href":"https:\/\/agora.xtec.cat\/ceip-ernest-lluch\/wp-json\/wp\/v2\/posts\/1315","targetHints":{"allow":["GET"]}}],"collection":[{"href":"https:\/\/agora.xtec.cat\/ceip-ernest-lluch\/wp-json\/wp\/v2\/posts"}],"about":[{"href":"https:\/\/agora.xtec.cat\/ceip-ernest-lluch\/wp-json\/wp\/v2\/types\/post"}],"author":[{"embeddable":true,"href":"https:\/\/agora.xtec.cat\/ceip-ernest-lluch\/wp-json\/wp\/v2\/users\/1"}],"replies":[{"embeddable":true,"href":"https:\/\/agora.xtec.cat\/ceip-ernest-lluch\/wp-json\/wp\/v2\/comments?post=1315"}],"version-history":[{"count":1,"href":"https:\/\/agora.xtec.cat\/ceip-ernest-lluch\/wp-json\/wp\/v2\/posts\/1315\/revisions"}],"predecessor-version":[{"id":1317,"href":"https:\/\/agora.xtec.cat\/ceip-ernest-lluch\/wp-json\/wp\/v2\/posts\/1315\/revisions\/1317"}],"wp:attachment":[{"href":"https:\/\/agora.xtec.cat\/ceip-ernest-lluch\/wp-json\/wp\/v2\/media?parent=1315"}],"wp:term":[{"taxonomy":"category","embeddable":true,"href":"https:\/\/agora.xtec.cat\/ceip-ernest-lluch\/wp-json\/wp\/v2\/categories?post=1315"},{"taxonomy":"post_tag","embeddable":true,"href":"https:\/\/agora.xtec.cat\/ceip-ernest-lluch\/wp-json\/wp\/v2\/tags?post=1315"}],"curies":[{"name":"wp","href":"https:\/\/api.w.org\/{rel}","templated":true}]}}