{"id":1285,"date":"2020-05-13T11:37:10","date_gmt":"2020-05-13T09:37:10","guid":{"rendered":"http:\/\/agora.xtec.cat\/ceip-ernest-lluch\/?p=1285"},"modified":"2020-05-13T16:43:44","modified_gmt":"2020-05-13T14:43:44","slug":"preinscripcio-2020-2021","status":"publish","type":"post","link":"https:\/\/agora.xtec.cat\/ceip-ernest-lluch\/general\/preinscripcio-2020-2021\/","title":{"rendered":"PREINSCRIPCI\u00d3 2020-2021"},"content":{"rendered":"<p>Benvolgudes fam\u00edlies,<\/p>\n<p>Us informem que el Departament d&#8217;Educaci\u00f3 ha comunicat els nous terminis i procediments, amb la incorporaci\u00f3 de totes les mesures de prevenci\u00f3 imprescindibles per fer les gestions de forma segura, tant pel personal implicat com per la ciutadania.<\/p>\n<p>1.Per tal de reduir la pres\u00e8ncia de les fam\u00edlies en els centres educatius, es promou l&#8217;\u00fas de la sol.licitud en suport inform\u00e0tic a la <a href=\"http:\/\/queestudiar.gencat.cat\/ca\/preinscripcio\/\">web<\/a> del Departament i s&#8217;elimina la necessitat de presentar la sol.licituds i la documentaci\u00f3 en paper al centre, i queda substitu\u00efda per l&#8217;enviament del resguard de sol.licitud i la documentaci\u00f3 necess\u00e0ria, escanejada o fotografiada, mitjan\u00e7ant un correu a la b\u00fastia electr\u00f2nica oficial del centre demanat en primera opci\u00f3. <a href=\"mailto:a8059822@xtec.cat\">a8059822@xtec.cat <\/a><strong>El centre contestar\u00e0 el correu justificant la recepci\u00f3 de la sol.licitud per a qu\u00e8 el sol.licitant tingui const\u00e0ncia.<\/strong><\/p>\n<p>&nbsp;<\/p>\n<p>2.De manera excepcional, per als casos en qu\u00e8 els sol.licitants no puguin fer la presentaci\u00f3 telem\u00e0tica, s&#8217;haur\u00e0 de sol.licitar una <strong>cita pr\u00e8via<\/strong> durant uns dies (<strong>del 19 al 22 de maig)<\/strong> i horaris determinats (<strong>de 9h a 13:30h<\/strong>).\u00a0 La cita pr\u00e8via es pot demanar pel formulari de la <a href=\"https:\/\/aplicacions.gestioeducativa.gencat.cat\/pls\/apex\/f?p=CITA_PREVIA:4::::4:P4_TIPUS_CALENDARI,P4_DOMINI:01_Oblig,08059822\">web del Departament,<\/a> del <a href=\"https:\/\/forms.gle\/eHnhuFaLCF8GzkaQA\">formulari del centre<\/a> o trucant al n\u00famero m\u00f2bil <strong>638762912.<\/strong><\/p>\n<p>El centre us confirmar\u00e0 el dia i l&#8217;hora. S&#8217;ha de venir amb mascareta i \u00e9s recomanable l&#8217;\u00fas de guants. Tamb\u00e9 us recomanem que si heu d&#8217;omplir algun document en el centre, porteu el vostre propi bol\u00edgraf.<\/p>\n<p>&nbsp;<\/p>\n<p>3.Les reclamacions a la llista de barem provisional del 2 al 5 de juny es far\u00e0, de manera general, mitjan\u00e7ant un correu electr\u00f2nic a la b\u00fastia oficial del centre i aquest tamb\u00e9 us far\u00e0 un correu de resposta com a justificant de recpeci\u00f3 de la reclamaci\u00f3.<\/p>\n<p>4.El tr\u00e0mit de matr\u00edcula tamb\u00e9 ser\u00e0 a trav\u00e9s de cites pr\u00e8vies.<\/p>\n<p style=\"text-align: center;\"><strong>CALENDARI DE PREINSCRIPCI\u00d3 I MATR\u00cdCULA<\/strong><\/p>\n<ul>\n<li><strong>Per\u00edode de presentaci\u00f3 de sol.licitud de preinscripci\u00f3:<\/strong> del 13 al 22 de maig (telem\u00e0ticament) i del 19 al 22 de maig (presencialment amb cita pr\u00e8via).<\/li>\n<li><strong>Publicaci\u00f3 llistes amb el barem provisional:<\/strong> 29 de maig. TOTS els llistats nom\u00e9s es penjaran a la web del centre.<\/li>\n<li><strong>Reclamacions al barem provisional:<\/strong> del 2 al 5 de juny.<\/li>\n<li><strong>Publicaci\u00f3 llistes barem definitiu<\/strong>: 9 de juny.<\/li>\n<li><strong>Sorteig per n\u00famero de desempat:<\/strong> 9 de juny.<\/li>\n<li><strong>Llistat alumnes admesos i llista d&#8217;espera:<\/strong> 7 de juliol.<\/li>\n<li><strong>Reclamacions a l&#8217;assignaci\u00f3:<\/strong> del 8 al 10 de juliol.<\/li>\n<li><strong>Matr\u00edcula:<\/strong> del 13 al 17 de juliol (caldr\u00e0 cita pr\u00e8via).<\/li>\n<\/ul>\n<p><a href=\"https:\/\/agora.xtec.cat\/ceip-ernest-lluch\/wp-content\/uploads\/usu939\/2020\/05\/preinscripcio.png\"><img loading=\"lazy\" decoding=\"async\" class=\"aligncenter size-medium wp-image-1297\" src=\"https:\/\/agora.xtec.cat\/ceip-ernest-lluch\/wp-content\/uploads\/usu939\/2020\/05\/preinscripcio-300x300.png\" alt=\"\" width=\"300\" height=\"300\" srcset=\"https:\/\/agora.xtec.cat\/ceip-ernest-lluch\/wp-content\/uploads\/usu939\/2020\/05\/preinscripcio-300x300.png 300w, https:\/\/agora.xtec.cat\/ceip-ernest-lluch\/wp-content\/uploads\/usu939\/2020\/05\/preinscripcio-150x150.png 150w, https:\/\/agora.xtec.cat\/ceip-ernest-lluch\/wp-content\/uploads\/usu939\/2020\/05\/preinscripcio-768x768.png 768w, https:\/\/agora.xtec.cat\/ceip-ernest-lluch\/wp-content\/uploads\/usu939\/2020\/05\/preinscripcio-1024x1024.png 1024w, https:\/\/agora.xtec.cat\/ceip-ernest-lluch\/wp-content\/uploads\/usu939\/2020\/05\/preinscripcio.png 1080w\" sizes=\"auto, (max-width: 300px) 100vw, 300px\" \/><\/a><\/p>\n<p>Si alguna fam\u00edlia interessada t\u00e9 alguna inquietud, informaci\u00f3 i\/o dubte&#8230; pot omplir aquest <a href=\"https:\/\/forms.gle\/Hy6w8awuw6Littkh6\">formulari<\/a> i ens posarem en contacte en el m\u00ednim temps possible.<\/p>\n<p>Us deixem una infografia sobre el proc\u00e9s&#8230;<\/p>\n<div style=\"width: 100%;\">\n<div style=\"position: relative; padding-bottom: 56.25%; padding-top: 0; height: 0;\"><iframe loading=\"lazy\" src=\"https:\/\/view.genial.ly\/5eb6d3678c034e0d162d5464\" width=\"1200px\" height=\"675px\" frameborder=\"0\"><\/iframe><\/div>\n<\/div>\n<p>&nbsp;<\/p>\n<p>Salut!<\/p>\n<p>L&#8217;escola<\/p>\n","protected":false},"excerpt":{"rendered":"<p>Benvolgudes fam\u00edlies, Us informem que el Departament d&#8217;Educaci\u00f3 ha comunicat els nous terminis i procediments, amb la incorporaci\u00f3 de totes les mesures de prevenci\u00f3 imprescindibles per fer les gestions de forma segura, tant pel personal implicat com per la ciutadania. 1.Per tal de reduir la pres\u00e8ncia de les fam\u00edlies en els centres educatius, es promou [&hellip;]<\/p>\n","protected":false},"author":1,"featured_media":1043,"comment_status":"open","ping_status":"closed","sticky":false,"template":"","format":"standard","meta":{"_bbp_topic_count":0,"_bbp_reply_count":0,"_bbp_total_topic_count":0,"_bbp_total_reply_count":0,"_bbp_voice_count":0,"_bbp_anonymous_reply_count":0,"_bbp_topic_count_hidden":0,"_bbp_reply_count_hidden":0,"_bbp_forum_subforum_count":0,"site-sidebar-layout":"default","site-content-layout":"","ast-site-content-layout":"","site-content-style":"default","site-sidebar-style":"default","ast-global-header-display":"","ast-banner-title-visibility":"","ast-main-header-display":"","ast-hfb-above-header-display":"","ast-hfb-below-header-display":"","ast-hfb-mobile-header-display":"","site-post-title":"","ast-breadcrumbs-content":"","ast-featured-img":"","footer-sml-layout":"","theme-transparent-header-meta":"","adv-header-id-meta":"","stick-header-meta":"","header-above-stick-meta":"","header-main-stick-meta":"","header-below-stick-meta":"","astra-migrate-meta-layouts":"default","ast-page-background-enabled":"default","ast-page-background-meta":{"desktop":{"background-color":"var(--ast-global-color-4)","background-image":"","background-repeat":"repeat","background-position":"center center","background-size":"auto","background-attachment":"scroll","background-type":"","background-media":"","overlay-type":"","overlay-color":"","overlay-opacity":"","overlay-gradient":""},"tablet":{"background-color":"","background-image":"","background-repeat":"repeat","background-position":"center center","background-size":"auto","background-attachment":"scroll","background-type":"","background-media":"","overlay-type":"","overlay-color":"","overlay-opacity":"","overlay-gradient":""},"mobile":{"background-color":"","background-image":"","background-repeat":"repeat","background-position":"center center","background-size":"auto","background-attachment":"scroll","background-type":"","background-media":"","overlay-type":"","overlay-color":"","overlay-opacity":"","overlay-gradient":""}},"ast-content-background-meta":{"desktop":{"background-color":"var(--ast-global-color-5)","background-image":"","background-repeat":"repeat","background-position":"center center","background-size":"auto","background-attachment":"scroll","background-type":"","background-media":"","overlay-type":"","overlay-color":"","overlay-opacity":"","overlay-gradient":""},"tablet":{"background-color":"var(--ast-global-color-5)","background-image":"","background-repeat":"repeat","background-position":"center center","background-size":"auto","background-attachment":"scroll","background-type":"","background-media":"","overlay-type":"","overlay-color":"","overlay-opacity":"","overlay-gradient":""},"mobile":{"background-color":"var(--ast-global-color-5)","background-image":"","background-repeat":"repeat","background-position":"center center","background-size":"auto","background-attachment":"scroll","background-type":"","background-media":"","overlay-type":"","overlay-color":"","overlay-opacity":"","overlay-gradient":""}},"footnotes":""},"categories":[10,11,12,13,14,15,7,5,2,1,3,8,9,4,62],"tags":[],"class_list":["post-1285","post","type-post","status-publish","format-standard","has-post-thumbnail","hentry","category-1r","category-2n","category-3r","category-4t","category-5e","category-6e","category-afa","category-primaria","category-ed-infantil","category-general","category-p3","category-p4","category-p5","category-portada","category-preinscripcio2526"],"post_mailing_queue_ids":[],"_links":{"self":[{"href":"https:\/\/agora.xtec.cat\/ceip-ernest-lluch\/wp-json\/wp\/v2\/posts\/1285","targetHints":{"allow":["GET"]}}],"collection":[{"href":"https:\/\/agora.xtec.cat\/ceip-ernest-lluch\/wp-json\/wp\/v2\/posts"}],"about":[{"href":"https:\/\/agora.xtec.cat\/ceip-ernest-lluch\/wp-json\/wp\/v2\/types\/post"}],"author":[{"embeddable":true,"href":"https:\/\/agora.xtec.cat\/ceip-ernest-lluch\/wp-json\/wp\/v2\/users\/1"}],"replies":[{"embeddable":true,"href":"https:\/\/agora.xtec.cat\/ceip-ernest-lluch\/wp-json\/wp\/v2\/comments?post=1285"}],"version-history":[{"count":4,"href":"https:\/\/agora.xtec.cat\/ceip-ernest-lluch\/wp-json\/wp\/v2\/posts\/1285\/revisions"}],"predecessor-version":[{"id":1337,"href":"https:\/\/agora.xtec.cat\/ceip-ernest-lluch\/wp-json\/wp\/v2\/posts\/1285\/revisions\/1337"}],"wp:featuredmedia":[{"embeddable":true,"href":"https:\/\/agora.xtec.cat\/ceip-ernest-lluch\/wp-json\/wp\/v2\/media\/1043"}],"wp:attachment":[{"href":"https:\/\/agora.xtec.cat\/ceip-ernest-lluch\/wp-json\/wp\/v2\/media?parent=1285"}],"wp:term":[{"taxonomy":"category","embeddable":true,"href":"https:\/\/agora.xtec.cat\/ceip-ernest-lluch\/wp-json\/wp\/v2\/categories?post=1285"},{"taxonomy":"post_tag","embeddable":true,"href":"https:\/\/agora.xtec.cat\/ceip-ernest-lluch\/wp-json\/wp\/v2\/tags?post=1285"}],"curies":[{"name":"wp","href":"https:\/\/api.w.org\/{rel}","templated":true}]}}