{"id":1223,"date":"2020-04-14T19:32:50","date_gmt":"2020-04-14T17:32:50","guid":{"rendered":"http:\/\/agora.xtec.cat\/ceip-ernest-lluch\/?p=1223"},"modified":"2020-04-14T19:33:28","modified_gmt":"2020-04-14T17:33:28","slug":"audioconte-lerugueta-goluda-explicat-per-la-maribel","status":"publish","type":"post","link":"https:\/\/agora.xtec.cat\/ceip-ernest-lluch\/ed-infantil\/audioconte-lerugueta-goluda-explicat-per-la-maribel\/","title":{"rendered":"AUDIOCONTE: &#8220;L&#8217;Erugueta goluda&#8221; explicat per la Maribel."},"content":{"rendered":"<p>Hola nens, nenes i fam\u00edlies:<\/p>\n<p><a href=\"http:\/\/blocs.xtec.cat\/ceipernestllucheinf\/files\/2020\/04\/b01b940b-c69d-455d-8ca7-71ae8d9986cd.jpg\"><img loading=\"lazy\" decoding=\"async\" class=\"alignnone wp-image-2045\" src=\"http:\/\/blocs.xtec.cat\/ceipernestllucheinf\/files\/2020\/04\/b01b940b-c69d-455d-8ca7-71ae8d9986cd.jpg\" alt=\"\" width=\"291\" height=\"381\" \/><\/a><a href=\"http:\/\/blocs.xtec.cat\/ceipernestllucheinf\/files\/2020\/04\/eruguetaIMG_0677.jpg\"><img loading=\"lazy\" decoding=\"async\" class=\"alignnone wp-image-2048\" src=\"http:\/\/blocs.xtec.cat\/ceipernestllucheinf\/files\/2020\/04\/eruguetaIMG_0677-1024x744.jpg\" alt=\"\" width=\"284\" height=\"206\" \/><\/a><\/p>\n<p>Avui s\u00f3c jo, la Maribel, especialista de psicomotricitat qui us explicar\u00e0 aquest conte tan bonic.<\/p>\n<p>Com esteu, com va el confinament? Nosaltres les mestres estem b\u00e9, amb moltes ganes de tornar a l&#8217;escola i compartir el nostre dia a dia amb vosaltres. Les mestres us trobem molt a faltar i aquesta \u00e9s una altra manera d&#8217;estar una mica m\u00e9s al vostre costat.<br \/>\nAquest conte ens pot ajudar a recordar els dies de la setmana, els nombres i tamb\u00e9 a poder parlar de l&#8217;alimentaci\u00f3 saludable.<br \/>\nUs convidem tamb\u00e9 a investigar sobre el meravell\u00f3s m\u00f3n de les papallones. I qu\u00e8 tal si observem les seves boniques ales, els colors, les formes, la simetria? Us atreviu a crear la vostra papallona i posar-li nom?<br \/>\nUs animem a que ens envieu dibuixos, v\u00eddeos o escrits al mail de nosaltres les mestres o poseu comentaris aqu\u00ed en el bloc.<br \/>\nTotes les mestres de la Comunitat de petits us enviem molts petons voladors!!<br \/>\nFins aviat!!<\/p>\n<p><a href=\"https:\/\/soundcloud.com\/user-65098584\/sets\/contes\">https:\/\/soundcloud.com\/user-65098584\/sets\/contes<\/a><\/p>\n","protected":false},"excerpt":{"rendered":"<p>Hola nens, nenes i fam\u00edlies: Avui s\u00f3c jo, la Maribel, especialista de psicomotricitat qui us explicar\u00e0 aquest conte tan bonic. Com esteu, com va el confinament? Nosaltres les mestres estem b\u00e9, amb moltes ganes de tornar a l&#8217;escola i compartir el nostre dia a dia amb vosaltres. Les mestres us trobem molt a faltar i [&hellip;]<\/p>\n","protected":false},"author":1,"featured_media":1043,"comment_status":"open","ping_status":"closed","sticky":false,"template":"","format":"standard","meta":{"_bbp_topic_count":0,"_bbp_reply_count":0,"_bbp_total_topic_count":0,"_bbp_total_reply_count":0,"_bbp_voice_count":0,"_bbp_anonymous_reply_count":0,"_bbp_topic_count_hidden":0,"_bbp_reply_count_hidden":0,"_bbp_forum_subforum_count":0,"site-sidebar-layout":"default","site-content-layout":"","ast-site-content-layout":"","site-content-style":"default","site-sidebar-style":"default","ast-global-header-display":"","ast-banner-title-visibility":"","ast-main-header-display":"","ast-hfb-above-header-display":"","ast-hfb-below-header-display":"","ast-hfb-mobile-header-display":"","site-post-title":"","ast-breadcrumbs-content":"","ast-featured-img":"","footer-sml-layout":"","theme-transparent-header-meta":"","adv-header-id-meta":"","stick-header-meta":"","header-above-stick-meta":"","header-main-stick-meta":"","header-below-stick-meta":"","astra-migrate-meta-layouts":"default","ast-page-background-enabled":"default","ast-page-background-meta":{"desktop":{"background-color":"var(--ast-global-color-4)","background-image":"","background-repeat":"repeat","background-position":"center center","background-size":"auto","background-attachment":"scroll","background-type":"","background-media":"","overlay-type":"","overlay-color":"","overlay-opacity":"","overlay-gradient":""},"tablet":{"background-color":"","background-image":"","background-repeat":"repeat","background-position":"center center","background-size":"auto","background-attachment":"scroll","background-type":"","background-media":"","overlay-type":"","overlay-color":"","overlay-opacity":"","overlay-gradient":""},"mobile":{"background-color":"","background-image":"","background-repeat":"repeat","background-position":"center center","background-size":"auto","background-attachment":"scroll","background-type":"","background-media":"","overlay-type":"","overlay-color":"","overlay-opacity":"","overlay-gradient":""}},"ast-content-background-meta":{"desktop":{"background-color":"var(--ast-global-color-5)","background-image":"","background-repeat":"repeat","background-position":"center center","background-size":"auto","background-attachment":"scroll","background-type":"","background-media":"","overlay-type":"","overlay-color":"","overlay-opacity":"","overlay-gradient":""},"tablet":{"background-color":"var(--ast-global-color-5)","background-image":"","background-repeat":"repeat","background-position":"center center","background-size":"auto","background-attachment":"scroll","background-type":"","background-media":"","overlay-type":"","overlay-color":"","overlay-opacity":"","overlay-gradient":""},"mobile":{"background-color":"var(--ast-global-color-5)","background-image":"","background-repeat":"repeat","background-position":"center center","background-size":"auto","background-attachment":"scroll","background-type":"","background-media":"","overlay-type":"","overlay-color":"","overlay-opacity":"","overlay-gradient":""}},"footnotes":""},"categories":[2,3,8,9],"tags":[],"class_list":["post-1223","post","type-post","status-publish","format-standard","has-post-thumbnail","hentry","category-ed-infantil","category-p3","category-p4","category-p5"],"post_mailing_queue_ids":[],"_links":{"self":[{"href":"https:\/\/agora.xtec.cat\/ceip-ernest-lluch\/wp-json\/wp\/v2\/posts\/1223","targetHints":{"allow":["GET"]}}],"collection":[{"href":"https:\/\/agora.xtec.cat\/ceip-ernest-lluch\/wp-json\/wp\/v2\/posts"}],"about":[{"href":"https:\/\/agora.xtec.cat\/ceip-ernest-lluch\/wp-json\/wp\/v2\/types\/post"}],"author":[{"embeddable":true,"href":"https:\/\/agora.xtec.cat\/ceip-ernest-lluch\/wp-json\/wp\/v2\/users\/1"}],"replies":[{"embeddable":true,"href":"https:\/\/agora.xtec.cat\/ceip-ernest-lluch\/wp-json\/wp\/v2\/comments?post=1223"}],"version-history":[{"count":1,"href":"https:\/\/agora.xtec.cat\/ceip-ernest-lluch\/wp-json\/wp\/v2\/posts\/1223\/revisions"}],"predecessor-version":[{"id":1225,"href":"https:\/\/agora.xtec.cat\/ceip-ernest-lluch\/wp-json\/wp\/v2\/posts\/1223\/revisions\/1225"}],"wp:featuredmedia":[{"embeddable":true,"href":"https:\/\/agora.xtec.cat\/ceip-ernest-lluch\/wp-json\/wp\/v2\/media\/1043"}],"wp:attachment":[{"href":"https:\/\/agora.xtec.cat\/ceip-ernest-lluch\/wp-json\/wp\/v2\/media?parent=1223"}],"wp:term":[{"taxonomy":"category","embeddable":true,"href":"https:\/\/agora.xtec.cat\/ceip-ernest-lluch\/wp-json\/wp\/v2\/categories?post=1223"},{"taxonomy":"post_tag","embeddable":true,"href":"https:\/\/agora.xtec.cat\/ceip-ernest-lluch\/wp-json\/wp\/v2\/tags?post=1223"}],"curies":[{"name":"wp","href":"https:\/\/api.w.org\/{rel}","templated":true}]}}