{"id":1200,"date":"2020-04-03T18:39:25","date_gmt":"2020-04-03T16:39:25","guid":{"rendered":"http:\/\/agora.xtec.cat\/ceip-ernest-lluch\/?p=1200"},"modified":"2020-04-03T18:39:25","modified_gmt":"2020-04-03T16:39:25","slug":"audioconte-respira-explicat-per-la-mireia","status":"publish","type":"post","link":"https:\/\/agora.xtec.cat\/ceip-ernest-lluch\/ed-infantil\/audioconte-respira-explicat-per-la-mireia\/","title":{"rendered":"AUDIOCONTE: &#8220;Respira&#8221;  explicat per la Mireia"},"content":{"rendered":"<p><a href=\"http:\/\/blocs.xtec.cat\/ceipernestllucheinf\/files\/2020\/04\/9b6dd991-f916-4e23-854a-c2975d82b5af.jpeg\"><img loading=\"lazy\" decoding=\"async\" class=\"aligncenter wp-image-2015\" src=\"http:\/\/blocs.xtec.cat\/ceipernestllucheinf\/files\/2020\/04\/9b6dd991-f916-4e23-854a-c2975d82b5af-300x235.jpeg\" alt=\"\" width=\"524\" height=\"411\" \/><\/a><br \/>\nBon dia fam\u00edlies!<\/p>\n<p>Soc la Mireia, la mestra d&#8217;Atenci\u00f3 a la diversitat i tamb\u00e9, la mestra de la classe dels Gegants i Capgrossos juntament amb la Susana. Us vull dir que totes les mestres us estem trobant molt i molt a faltar, i sapigueu que tenim moltes ganes de saber de vosaltres. Espero que aquesta proposta ens serveixi per sentir-nos una mica m\u00e9s a prop tots aquests dies que estiguem a casa.<\/p>\n<p>Avui m&#8217;agradaria compartir-vos un conte molt bonic, es diu &#8220;Respira&#8221;, i per escoltar-lo, us recomano que busqueu un espai de la casa que us sigui c\u00f2mode per poder-vos moure una mica tot fent postures de ioga.<\/p>\n<p>Les mestres de la comunitat de petits us proposem que ens feu arribar v\u00eddeos o fotografies practicant alguna postura de ioga. Us animeu a participar?<\/p>\n<p><iframe loading=\"lazy\" width=\"560\" height=\"315\" src=\"https:\/\/www.youtube.com\/embed\/nt62jeQCRNE\" frameborder=\"0\" allow=\"accelerometer; autoplay; encrypted-media; gyroscope; picture-in-picture\" allowfullscreen><\/iframe><\/p>\n<p>Una abra\u00e7ada ben gran!<\/p>\n","protected":false},"excerpt":{"rendered":"<p>Bon dia fam\u00edlies! Soc la Mireia, la mestra d&#8217;Atenci\u00f3 a la diversitat i tamb\u00e9, la mestra de la classe dels Gegants i Capgrossos juntament amb la Susana. Us vull dir que totes les mestres us estem trobant molt i molt a faltar, i sapigueu que tenim moltes ganes de saber de vosaltres. Espero que aquesta [&hellip;]<\/p>\n","protected":false},"author":1,"featured_media":1043,"comment_status":"open","ping_status":"closed","sticky":false,"template":"","format":"standard","meta":{"_bbp_topic_count":0,"_bbp_reply_count":0,"_bbp_total_topic_count":0,"_bbp_total_reply_count":0,"_bbp_voice_count":0,"_bbp_anonymous_reply_count":0,"_bbp_topic_count_hidden":0,"_bbp_reply_count_hidden":0,"_bbp_forum_subforum_count":0,"site-sidebar-layout":"default","site-content-layout":"","ast-site-content-layout":"","site-content-style":"default","site-sidebar-style":"default","ast-global-header-display":"","ast-banner-title-visibility":"","ast-main-header-display":"","ast-hfb-above-header-display":"","ast-hfb-below-header-display":"","ast-hfb-mobile-header-display":"","site-post-title":"","ast-breadcrumbs-content":"","ast-featured-img":"","footer-sml-layout":"","theme-transparent-header-meta":"","adv-header-id-meta":"","stick-header-meta":"","header-above-stick-meta":"","header-main-stick-meta":"","header-below-stick-meta":"","astra-migrate-meta-layouts":"default","ast-page-background-enabled":"default","ast-page-background-meta":{"desktop":{"background-color":"var(--ast-global-color-4)","background-image":"","background-repeat":"repeat","background-position":"center center","background-size":"auto","background-attachment":"scroll","background-type":"","background-media":"","overlay-type":"","overlay-color":"","overlay-opacity":"","overlay-gradient":""},"tablet":{"background-color":"","background-image":"","background-repeat":"repeat","background-position":"center center","background-size":"auto","background-attachment":"scroll","background-type":"","background-media":"","overlay-type":"","overlay-color":"","overlay-opacity":"","overlay-gradient":""},"mobile":{"background-color":"","background-image":"","background-repeat":"repeat","background-position":"center center","background-size":"auto","background-attachment":"scroll","background-type":"","background-media":"","overlay-type":"","overlay-color":"","overlay-opacity":"","overlay-gradient":""}},"ast-content-background-meta":{"desktop":{"background-color":"var(--ast-global-color-5)","background-image":"","background-repeat":"repeat","background-position":"center center","background-size":"auto","background-attachment":"scroll","background-type":"","background-media":"","overlay-type":"","overlay-color":"","overlay-opacity":"","overlay-gradient":""},"tablet":{"background-color":"var(--ast-global-color-5)","background-image":"","background-repeat":"repeat","background-position":"center center","background-size":"auto","background-attachment":"scroll","background-type":"","background-media":"","overlay-type":"","overlay-color":"","overlay-opacity":"","overlay-gradient":""},"mobile":{"background-color":"var(--ast-global-color-5)","background-image":"","background-repeat":"repeat","background-position":"center center","background-size":"auto","background-attachment":"scroll","background-type":"","background-media":"","overlay-type":"","overlay-color":"","overlay-opacity":"","overlay-gradient":""}},"footnotes":""},"categories":[2,3,8,9],"tags":[],"class_list":["post-1200","post","type-post","status-publish","format-standard","has-post-thumbnail","hentry","category-ed-infantil","category-p3","category-p4","category-p5"],"post_mailing_queue_ids":[],"_links":{"self":[{"href":"https:\/\/agora.xtec.cat\/ceip-ernest-lluch\/wp-json\/wp\/v2\/posts\/1200","targetHints":{"allow":["GET"]}}],"collection":[{"href":"https:\/\/agora.xtec.cat\/ceip-ernest-lluch\/wp-json\/wp\/v2\/posts"}],"about":[{"href":"https:\/\/agora.xtec.cat\/ceip-ernest-lluch\/wp-json\/wp\/v2\/types\/post"}],"author":[{"embeddable":true,"href":"https:\/\/agora.xtec.cat\/ceip-ernest-lluch\/wp-json\/wp\/v2\/users\/1"}],"replies":[{"embeddable":true,"href":"https:\/\/agora.xtec.cat\/ceip-ernest-lluch\/wp-json\/wp\/v2\/comments?post=1200"}],"version-history":[{"count":1,"href":"https:\/\/agora.xtec.cat\/ceip-ernest-lluch\/wp-json\/wp\/v2\/posts\/1200\/revisions"}],"predecessor-version":[{"id":1201,"href":"https:\/\/agora.xtec.cat\/ceip-ernest-lluch\/wp-json\/wp\/v2\/posts\/1200\/revisions\/1201"}],"wp:featuredmedia":[{"embeddable":true,"href":"https:\/\/agora.xtec.cat\/ceip-ernest-lluch\/wp-json\/wp\/v2\/media\/1043"}],"wp:attachment":[{"href":"https:\/\/agora.xtec.cat\/ceip-ernest-lluch\/wp-json\/wp\/v2\/media?parent=1200"}],"wp:term":[{"taxonomy":"category","embeddable":true,"href":"https:\/\/agora.xtec.cat\/ceip-ernest-lluch\/wp-json\/wp\/v2\/categories?post=1200"},{"taxonomy":"post_tag","embeddable":true,"href":"https:\/\/agora.xtec.cat\/ceip-ernest-lluch\/wp-json\/wp\/v2\/tags?post=1200"}],"curies":[{"name":"wp","href":"https:\/\/api.w.org\/{rel}","templated":true}]}}