{"id":1094,"date":"2020-03-24T18:42:25","date_gmt":"2020-03-24T17:42:25","guid":{"rendered":"http:\/\/agora.xtec.cat\/ceip-ernest-lluch\/?p=1094"},"modified":"2020-03-24T18:42:25","modified_gmt":"2020-03-24T17:42:25","slug":"audiocontes-explicats-per-les-mestres","status":"publish","type":"post","link":"https:\/\/agora.xtec.cat\/ceip-ernest-lluch\/ed-infantil\/audiocontes-explicats-per-les-mestres\/","title":{"rendered":"AUDIOCONTES EXPLICATS PER LES MESTRES"},"content":{"rendered":"<p>Bona tarda fam\u00edlies,<br \/>\ncom esteu? com porteu el confinament? Nosaltres per ara totes prou b\u00e9 per\u00f2 la veritat \u00e9s que us trobem una micona a faltar. <\/p>\n<p>Aquests dies les xarxes van plenes de recursos i llargues llistes per fer amb els infants, aix\u00ed que les mestres de comunitats de petits pensem que d&#8217;idees per fer segur que no en falten! Tamb\u00e9 pensem que ara el m\u00e9s important \u00e9s dedicar temps de qualitat als nostres, menys \u00e9s m\u00e9s&#8230; <\/p>\n<p>Despr\u00e9s d&#8217;algunes reunions virtuals de comunitat, en el que hem estat totes molt d&#8217;acord \u00e9s en la necessitat de sentir-nos a prop&#8230; i hem pensat una manera:<\/p>\n<p>A partir de dem\u00e0 trobareu a aquest, el nostre bloc, 2 o tres contes per setmana explicats per cadascuna de les mestres de la comunitat amb un missatge i salutaci\u00f3 per tots els nens i nenes i tamb\u00e9 pels grans. <\/p>\n<p>Ens agradaria molt rebre les vostres respostes, escoltar les vostres veus i llegir els vostres missatges. Podeu utilitzar el mail de les mestres i tamb\u00e9 deixar comentaris al bloc. Nosaltres tamb\u00e9 us volem sentir a prop. <\/p>\n<p>Escoltar \u00e9s una eina essencial i indispensable per desenvolupar la capacitat de concentraci\u00f3 i atenci\u00f3 i per tant, requisit indissoluble de l&#8217;aprenentatge. En un m\u00f3n en el que la imatge \u00e9s la principal protagonista&#8230; perqu\u00e8 no aprofitem aquests dies lents per potenciar la capacitat d&#8217;escolta? D&#8217;escoltar-nos a nosaltres mateixos, d&#8217;escoltar-nos els uns els altres, d&#8217;escoltar el silenci, d&#8217;escoltar contes&#8230; d&#8217;escoltar des del cor&#8230;<\/p>\n<p>Per anar fent boca us deixem tamb\u00e9 l&#8217;enlla\u00e7 a la p\u00e0gina web de <a href=\"https:\/\/cavallfort.cat\/com-magrada-la-pluja\/\" target=\"_blank\" rel=\"noopener noreferrer\">CAVALL FORT<\/a>.  Un cop a la web seguiu l&#8217;enlla\u00e7 d&#8217;AUDIOCONTES, en trobareu un munt de contes narrats i podreu triar el que m\u00e9s us agradi. Aqu\u00ed us en deixem dos d&#8217;exemples:  <\/p>\n<div class=\"ast-oembed-container \" style=\"height: 100%;\"><iframe loading=\"lazy\" title=\"El Tatano 171: La gallina que volia aprendre a volar by Cavall Fort\" width=\"500\" height=\"400\" scrolling=\"no\" frameborder=\"no\" src=\"https:\/\/w.soundcloud.com\/player\/?visual=true&#038;url=https%3A%2F%2Fapi.soundcloud.com%2Ftracks%2F769433356&#038;show_artwork=true&#038;maxheight=750&#038;maxwidth=500\"><\/iframe><\/div>\n<div class=\"ast-oembed-container \" style=\"height: 100%;\"><iframe loading=\"lazy\" title=\"El Tatano 165: Com m&#039;agrada la pluja! by Cavall Fort\" width=\"500\" height=\"400\" scrolling=\"no\" frameborder=\"no\" src=\"https:\/\/w.soundcloud.com\/player\/?visual=true&#038;url=https%3A%2F%2Fapi.soundcloud.com%2Ftracks%2F674524889&#038;show_artwork=true&#038;maxheight=750&#038;maxwidth=500\"><\/iframe><\/div>\n","protected":false},"excerpt":{"rendered":"<p>Bona tarda fam\u00edlies, com esteu? com porteu el confinament? Nosaltres per ara totes prou b\u00e9 per\u00f2 la veritat \u00e9s que us trobem una micona a faltar. Aquests dies les xarxes van plenes de recursos i llargues llistes per fer amb els infants, aix\u00ed que les mestres de comunitats de petits pensem que d&#8217;idees per fer [&hellip;]<\/p>\n","protected":false},"author":1,"featured_media":0,"comment_status":"open","ping_status":"closed","sticky":false,"template":"","format":"standard","meta":{"_bbp_topic_count":0,"_bbp_reply_count":0,"_bbp_total_topic_count":0,"_bbp_total_reply_count":0,"_bbp_voice_count":0,"_bbp_anonymous_reply_count":0,"_bbp_topic_count_hidden":0,"_bbp_reply_count_hidden":0,"_bbp_forum_subforum_count":0,"site-sidebar-layout":"default","site-content-layout":"","ast-site-content-layout":"","site-content-style":"default","site-sidebar-style":"default","ast-global-header-display":"","ast-banner-title-visibility":"","ast-main-header-display":"","ast-hfb-above-header-display":"","ast-hfb-below-header-display":"","ast-hfb-mobile-header-display":"","site-post-title":"","ast-breadcrumbs-content":"","ast-featured-img":"","footer-sml-layout":"","theme-transparent-header-meta":"","adv-header-id-meta":"","stick-header-meta":"","header-above-stick-meta":"","header-main-stick-meta":"","header-below-stick-meta":"","astra-migrate-meta-layouts":"default","ast-page-background-enabled":"default","ast-page-background-meta":{"desktop":{"background-color":"var(--ast-global-color-4)","background-image":"","background-repeat":"repeat","background-position":"center center","background-size":"auto","background-attachment":"scroll","background-type":"","background-media":"","overlay-type":"","overlay-color":"","overlay-opacity":"","overlay-gradient":""},"tablet":{"background-color":"","background-image":"","background-repeat":"repeat","background-position":"center center","background-size":"auto","background-attachment":"scroll","background-type":"","background-media":"","overlay-type":"","overlay-color":"","overlay-opacity":"","overlay-gradient":""},"mobile":{"background-color":"","background-image":"","background-repeat":"repeat","background-position":"center center","background-size":"auto","background-attachment":"scroll","background-type":"","background-media":"","overlay-type":"","overlay-color":"","overlay-opacity":"","overlay-gradient":""}},"ast-content-background-meta":{"desktop":{"background-color":"var(--ast-global-color-5)","background-image":"","background-repeat":"repeat","background-position":"center center","background-size":"auto","background-attachment":"scroll","background-type":"","background-media":"","overlay-type":"","overlay-color":"","overlay-opacity":"","overlay-gradient":""},"tablet":{"background-color":"var(--ast-global-color-5)","background-image":"","background-repeat":"repeat","background-position":"center center","background-size":"auto","background-attachment":"scroll","background-type":"","background-media":"","overlay-type":"","overlay-color":"","overlay-opacity":"","overlay-gradient":""},"mobile":{"background-color":"var(--ast-global-color-5)","background-image":"","background-repeat":"repeat","background-position":"center center","background-size":"auto","background-attachment":"scroll","background-type":"","background-media":"","overlay-type":"","overlay-color":"","overlay-opacity":"","overlay-gradient":""}},"footnotes":""},"categories":[2,3,8,9],"tags":[],"class_list":["post-1094","post","type-post","status-publish","format-standard","hentry","category-ed-infantil","category-p3","category-p4","category-p5"],"post_mailing_queue_ids":[],"_links":{"self":[{"href":"https:\/\/agora.xtec.cat\/ceip-ernest-lluch\/wp-json\/wp\/v2\/posts\/1094","targetHints":{"allow":["GET"]}}],"collection":[{"href":"https:\/\/agora.xtec.cat\/ceip-ernest-lluch\/wp-json\/wp\/v2\/posts"}],"about":[{"href":"https:\/\/agora.xtec.cat\/ceip-ernest-lluch\/wp-json\/wp\/v2\/types\/post"}],"author":[{"embeddable":true,"href":"https:\/\/agora.xtec.cat\/ceip-ernest-lluch\/wp-json\/wp\/v2\/users\/1"}],"replies":[{"embeddable":true,"href":"https:\/\/agora.xtec.cat\/ceip-ernest-lluch\/wp-json\/wp\/v2\/comments?post=1094"}],"version-history":[{"count":1,"href":"https:\/\/agora.xtec.cat\/ceip-ernest-lluch\/wp-json\/wp\/v2\/posts\/1094\/revisions"}],"predecessor-version":[{"id":1095,"href":"https:\/\/agora.xtec.cat\/ceip-ernest-lluch\/wp-json\/wp\/v2\/posts\/1094\/revisions\/1095"}],"wp:attachment":[{"href":"https:\/\/agora.xtec.cat\/ceip-ernest-lluch\/wp-json\/wp\/v2\/media?parent=1094"}],"wp:term":[{"taxonomy":"category","embeddable":true,"href":"https:\/\/agora.xtec.cat\/ceip-ernest-lluch\/wp-json\/wp\/v2\/categories?post=1094"},{"taxonomy":"post_tag","embeddable":true,"href":"https:\/\/agora.xtec.cat\/ceip-ernest-lluch\/wp-json\/wp\/v2\/tags?post=1094"}],"curies":[{"name":"wp","href":"https:\/\/api.w.org\/{rel}","templated":true}]}}