{"id":1068,"date":"2020-03-23T19:00:14","date_gmt":"2020-03-23T18:00:14","guid":{"rendered":"http:\/\/agora.xtec.cat\/ceip-ernest-lluch\/?p=1068"},"modified":"2020-03-23T19:00:14","modified_gmt":"2020-03-23T18:00:14","slug":"concerts-a-casa","status":"publish","type":"post","link":"https:\/\/agora.xtec.cat\/ceip-ernest-lluch\/general\/concerts-a-casa\/","title":{"rendered":"CONCERTS A CASA"},"content":{"rendered":"<div>Benvolgudes fam\u00edlies,<\/div>\n<div><\/div>\n<div>Aquests die l&#8217;Auditori i el Liceu estan oferint acc\u00e9s gratu\u00eft als seus concerts.<\/div>\n<div>Des de l&#8217;escola us fem una proposta de concerts que podeu gaudir amb tota la fam\u00edlia!<\/div>\n<p>&nbsp;<\/p>\n<table>\n<tbody>\n<tr>\n<td><b>CURS<\/b><\/td>\n<td><b>T\u00cdTOL<\/b><\/td>\n<td><b>ENLLA\u00c7<\/b><\/td>\n<\/tr>\n<tr>\n<td rowspan=\"3\">\n<p><span style=\"font-weight: 400;\">COMUNITAT DE PETITS<\/span><\/td>\n<td>\n<span style=\"font-weight: 400;\">PICA-SO<\/span><\/td>\n<td>\n<a href=\"https:\/\/www.auditori.cat\/es\/video-pica-so\"><span style=\"font-weight: 400;\">https:\/\/www.auditori.cat\/es\/video-pica-so<\/span><\/a><\/td>\n<\/tr>\n<tr>\n<td>\n<span style=\"font-weight: 400;\">LA VENTAFOCS<\/span><\/td>\n<td rowspan=\"2\">\n<p><a href=\"https:\/\/www.socpetit.cat\/el-petit-liceu-a-casa\/\"><span style=\"font-weight: 400;\">https:\/\/www.socpetit.cat\/el-petit-liceu-a-casa\/<\/span><\/a><\/td>\n<\/tr>\n<tr>\n<td>\n<span style=\"font-weight: 400;\">PERE I EL LLOP<\/span><\/td>\n<\/tr>\n<tr>\n<td rowspan=\"4\">\n<p><span style=\"font-weight: 400;\">COMUNITAT DE MITJANS<\/span><\/td>\n<td>\n<span style=\"font-weight: 400;\">PICA-SO<\/span><\/td>\n<td>\n<a href=\"https:\/\/www.auditori.cat\/es\/video-pica-so\"><span style=\"font-weight: 400;\">https:\/\/www.auditori.cat\/es\/video-pica-so<\/span><\/a><\/td>\n<\/tr>\n<tr>\n<td>\n<span style=\"font-weight: 400;\">LA PETITA FLAUTA M\u00c0GICA<\/span><\/td>\n<td rowspan=\"3\">\n<p><a href=\"https:\/\/www.socpetit.cat\/el-petit-liceu-a-casa\/\"><span style=\"font-weight: 400;\">https:\/\/www.socpetit.cat\/el-petit-liceu-a-casa\/<\/span><\/a><\/td>\n<\/tr>\n<tr>\n<td>\n<span style=\"font-weight: 400;\">LA VENTAFOCS<\/span><\/td>\n<\/tr>\n<tr>\n<td>\n<span style=\"font-weight: 400;\">PERE I EL LLOP<\/span><\/td>\n<\/tr>\n<tr>\n<td rowspan=\"5\">\n<p><span style=\"font-weight: 400;\">COMUNITAT DE GRANS<\/span><\/td>\n<td>\n<span style=\"font-weight: 400;\">PICA-SO<\/span><\/td>\n<td>\n<a href=\"https:\/\/www.auditori.cat\/es\/video-pica-so\"><span style=\"font-weight: 400;\">https:\/\/www.auditori.cat\/es\/video-pica-so<\/span><\/a><\/td>\n<\/tr>\n<tr>\n<td>\n<span style=\"font-weight: 400;\">OUT OF THE CAGE<\/span><\/td>\n<td>\n<a href=\"https:\/\/www.auditori.cat\/es\/30341\"><span style=\"font-weight: 400;\">https:\/\/www.auditori.cat\/es\/30341<\/span><\/a><\/td>\n<\/tr>\n<tr>\n<td>\n<span style=\"font-weight: 400;\">LA PETITA FLAUTA M\u00c0GICA<\/span><\/td>\n<td rowspan=\"3\">\n<p><a href=\"https:\/\/www.socpetit.cat\/el-petit-liceu-a-casa\/\"><span style=\"font-weight: 400;\">https:\/\/www.socpetit.cat\/el-petit-liceu-a-casa\/<\/span><\/a><\/td>\n<\/tr>\n<tr>\n<td>\n<span style=\"font-weight: 400;\">LA VENTAFOCS<\/span><\/td>\n<\/tr>\n<tr>\n<td>\n<span style=\"font-weight: 400;\">PERE I EL LLOP<\/span><\/td>\n<\/tr>\n<tr>\n<td>\n<span style=\"font-weight: 400;\">5\u00e8 i 6\u00e8<\/span><\/td>\n<td>\n<span style=\"font-weight: 400;\">EL JOVE BARBER DE SEVILLA<\/span><\/td>\n<td>\n<a href=\"https:\/\/www.socpetit.cat\/el-petit-liceu-a-casa\/\"><span style=\"font-weight: 400;\">https:\/\/www.socpetit.cat\/el-petit-liceu-a-casa\/<\/span><\/a><\/td>\n<\/tr>\n<\/tbody>\n<\/table>\n<p>&nbsp;<\/p>\n","protected":false},"excerpt":{"rendered":"<p>Benvolgudes fam\u00edlies, Aquests die l&#8217;Auditori i el Liceu estan oferint acc\u00e9s gratu\u00eft als seus concerts. Des de l&#8217;escola us fem una proposta de concerts que podeu gaudir amb tota la fam\u00edlia! &nbsp; CURS T\u00cdTOL ENLLA\u00c7 COMUNITAT DE PETITS PICA-SO https:\/\/www.auditori.cat\/es\/video-pica-so LA VENTAFOCS https:\/\/www.socpetit.cat\/el-petit-liceu-a-casa\/ PERE I EL LLOP COMUNITAT DE MITJANS PICA-SO https:\/\/www.auditori.cat\/es\/video-pica-so LA PETITA FLAUTA [&hellip;]<\/p>\n","protected":false},"author":1,"featured_media":0,"comment_status":"open","ping_status":"closed","sticky":false,"template":"","format":"standard","meta":{"_bbp_topic_count":0,"_bbp_reply_count":0,"_bbp_total_topic_count":0,"_bbp_total_reply_count":0,"_bbp_voice_count":0,"_bbp_anonymous_reply_count":0,"_bbp_topic_count_hidden":0,"_bbp_reply_count_hidden":0,"_bbp_forum_subforum_count":0,"site-sidebar-layout":"default","site-content-layout":"","ast-site-content-layout":"","site-content-style":"default","site-sidebar-style":"default","ast-global-header-display":"","ast-banner-title-visibility":"","ast-main-header-display":"","ast-hfb-above-header-display":"","ast-hfb-below-header-display":"","ast-hfb-mobile-header-display":"","site-post-title":"","ast-breadcrumbs-content":"","ast-featured-img":"","footer-sml-layout":"","theme-transparent-header-meta":"","adv-header-id-meta":"","stick-header-meta":"","header-above-stick-meta":"","header-main-stick-meta":"","header-below-stick-meta":"","astra-migrate-meta-layouts":"default","ast-page-background-enabled":"default","ast-page-background-meta":{"desktop":{"background-color":"var(--ast-global-color-4)","background-image":"","background-repeat":"repeat","background-position":"center center","background-size":"auto","background-attachment":"scroll","background-type":"","background-media":"","overlay-type":"","overlay-color":"","overlay-opacity":"","overlay-gradient":""},"tablet":{"background-color":"","background-image":"","background-repeat":"repeat","background-position":"center center","background-size":"auto","background-attachment":"scroll","background-type":"","background-media":"","overlay-type":"","overlay-color":"","overlay-opacity":"","overlay-gradient":""},"mobile":{"background-color":"","background-image":"","background-repeat":"repeat","background-position":"center center","background-size":"auto","background-attachment":"scroll","background-type":"","background-media":"","overlay-type":"","overlay-color":"","overlay-opacity":"","overlay-gradient":""}},"ast-content-background-meta":{"desktop":{"background-color":"var(--ast-global-color-5)","background-image":"","background-repeat":"repeat","background-position":"center center","background-size":"auto","background-attachment":"scroll","background-type":"","background-media":"","overlay-type":"","overlay-color":"","overlay-opacity":"","overlay-gradient":""},"tablet":{"background-color":"var(--ast-global-color-5)","background-image":"","background-repeat":"repeat","background-position":"center center","background-size":"auto","background-attachment":"scroll","background-type":"","background-media":"","overlay-type":"","overlay-color":"","overlay-opacity":"","overlay-gradient":""},"mobile":{"background-color":"var(--ast-global-color-5)","background-image":"","background-repeat":"repeat","background-position":"center center","background-size":"auto","background-attachment":"scroll","background-type":"","background-media":"","overlay-type":"","overlay-color":"","overlay-opacity":"","overlay-gradient":""}},"footnotes":""},"categories":[10,11,12,13,14,15,7,5,2,1,3,8,9,4],"tags":[],"class_list":["post-1068","post","type-post","status-publish","format-standard","hentry","category-1r","category-2n","category-3r","category-4t","category-5e","category-6e","category-afa","category-primaria","category-ed-infantil","category-general","category-p3","category-p4","category-p5","category-portada"],"post_mailing_queue_ids":[],"_links":{"self":[{"href":"https:\/\/agora.xtec.cat\/ceip-ernest-lluch\/wp-json\/wp\/v2\/posts\/1068","targetHints":{"allow":["GET"]}}],"collection":[{"href":"https:\/\/agora.xtec.cat\/ceip-ernest-lluch\/wp-json\/wp\/v2\/posts"}],"about":[{"href":"https:\/\/agora.xtec.cat\/ceip-ernest-lluch\/wp-json\/wp\/v2\/types\/post"}],"author":[{"embeddable":true,"href":"https:\/\/agora.xtec.cat\/ceip-ernest-lluch\/wp-json\/wp\/v2\/users\/1"}],"replies":[{"embeddable":true,"href":"https:\/\/agora.xtec.cat\/ceip-ernest-lluch\/wp-json\/wp\/v2\/comments?post=1068"}],"version-history":[{"count":1,"href":"https:\/\/agora.xtec.cat\/ceip-ernest-lluch\/wp-json\/wp\/v2\/posts\/1068\/revisions"}],"predecessor-version":[{"id":1069,"href":"https:\/\/agora.xtec.cat\/ceip-ernest-lluch\/wp-json\/wp\/v2\/posts\/1068\/revisions\/1069"}],"wp:attachment":[{"href":"https:\/\/agora.xtec.cat\/ceip-ernest-lluch\/wp-json\/wp\/v2\/media?parent=1068"}],"wp:term":[{"taxonomy":"category","embeddable":true,"href":"https:\/\/agora.xtec.cat\/ceip-ernest-lluch\/wp-json\/wp\/v2\/categories?post=1068"},{"taxonomy":"post_tag","embeddable":true,"href":"https:\/\/agora.xtec.cat\/ceip-ernest-lluch\/wp-json\/wp\/v2\/tags?post=1068"}],"curies":[{"name":"wp","href":"https:\/\/api.w.org\/{rel}","templated":true}]}}