{"id":1017,"date":"2020-03-18T18:19:52","date_gmt":"2020-03-18T17:19:52","guid":{"rendered":"http:\/\/agora.xtec.cat\/ceip-ernest-lluch\/?p=1017"},"modified":"2020-03-18T18:19:52","modified_gmt":"2020-03-18T17:19:52","slug":"propostes-musicals","status":"publish","type":"post","link":"https:\/\/agora.xtec.cat\/ceip-ernest-lluch\/ed-infantil\/propostes-musicals\/","title":{"rendered":"PROPOSTES MUSICALS"},"content":{"rendered":"<p>Molts M\u00daSICS s&#8217;estan sumant a fer-nos aquest confinament m\u00e9s am\u00e8 des dels seus perfils a les xarxes socials i ens regalen petits concerts en directe des de casa seva.  Us deixem algunes idees:<\/p>\n<p>&#8211; <a href=\"https:\/\/www.instagram.com\/tv\/B9uQ_S_oOTI\/?utm_source=ig_web_copy_link\">@XIULA<\/a> Que fins I tot han creat la seva pr\u00f2pia canc\u00f3 del CORONAVIRUS.<\/p>\n<p>&#8211; <a href=\"https:\/\/www.instagram.com\/p\/B9zgCNLqSV2\/?utm_source=ig_web_copy_link\">@DAMARISGELABERT<\/a> El Dimecres a les 18h oferir\u00e0 un concert en streaming per youtube! <\/p>\n<p>&#8211; La banda <a href=\"https:\/\/www.instagram.com\/p\/B9xKTjLK4Rz\/?utm_source=ig_web_copy_link\">@BILLYBOOMBAND<\/a> tamb\u00e9 ofereix concerts en directe mitjan\u00e7ant la plataforma d&#8217;Instagram. <\/p>\n<p>&#8211; El LICEU ofereix 4 espectacles familiars de forma gratu\u00efta durant el confinament sota el lema &#8220;EL LICEU A CASA&#8221;. Ho fa a trav\u00e9s del seu canal de youtube i ens ofereix: &#8220;La petita flauta m\u00e0gica&#8221;, &#8220;El barber de Sevilla&#8221;, &#8220;La ventafocs&#8221; i &#8220;Pere i el Llop&#8221;.<\/p>\n<p>https:\/\/youtu.be\/WrlxrLIkJYs<\/p>\n<p>D&#8217;altra banda us animem a ESCOLTAR MOLTA M\u00daSICA I BALLAR.  Balleu molt amb ells i elles&#8230; les angoixes es canalitzen molt millor, i connectareu m\u00e9s f\u00e0cilment amb l&#8217;ess\u00e8ncia dels fostres fills I filles!<\/p>\n<p>No dubteu en compartir als comentaris si us assabenteu d&#8217;algun m\u00e9s  i ens veiem all\u00e0.<\/p>\n","protected":false},"excerpt":{"rendered":"<p>Molts M\u00daSICS s&#8217;estan sumant a fer-nos aquest confinament m\u00e9s am\u00e8 des dels seus perfils a les xarxes socials i ens regalen petits concerts en directe des de casa seva. Us deixem algunes idees: &#8211; @XIULA Que fins I tot han creat la seva pr\u00f2pia canc\u00f3 del CORONAVIRUS. &#8211; @DAMARISGELABERT El Dimecres a les 18h oferir\u00e0 [&hellip;]<\/p>\n","protected":false},"author":1,"featured_media":1018,"comment_status":"open","ping_status":"closed","sticky":false,"template":"","format":"standard","meta":{"_bbp_topic_count":0,"_bbp_reply_count":0,"_bbp_total_topic_count":0,"_bbp_total_reply_count":0,"_bbp_voice_count":0,"_bbp_anonymous_reply_count":0,"_bbp_topic_count_hidden":0,"_bbp_reply_count_hidden":0,"_bbp_forum_subforum_count":0,"site-sidebar-layout":"default","site-content-layout":"","ast-site-content-layout":"","site-content-style":"default","site-sidebar-style":"default","ast-global-header-display":"","ast-banner-title-visibility":"","ast-main-header-display":"","ast-hfb-above-header-display":"","ast-hfb-below-header-display":"","ast-hfb-mobile-header-display":"","site-post-title":"","ast-breadcrumbs-content":"","ast-featured-img":"","footer-sml-layout":"","theme-transparent-header-meta":"","adv-header-id-meta":"","stick-header-meta":"","header-above-stick-meta":"","header-main-stick-meta":"","header-below-stick-meta":"","astra-migrate-meta-layouts":"default","ast-page-background-enabled":"default","ast-page-background-meta":{"desktop":{"background-color":"var(--ast-global-color-4)","background-image":"","background-repeat":"repeat","background-position":"center center","background-size":"auto","background-attachment":"scroll","background-type":"","background-media":"","overlay-type":"","overlay-color":"","overlay-opacity":"","overlay-gradient":""},"tablet":{"background-color":"","background-image":"","background-repeat":"repeat","background-position":"center center","background-size":"auto","background-attachment":"scroll","background-type":"","background-media":"","overlay-type":"","overlay-color":"","overlay-opacity":"","overlay-gradient":""},"mobile":{"background-color":"","background-image":"","background-repeat":"repeat","background-position":"center center","background-size":"auto","background-attachment":"scroll","background-type":"","background-media":"","overlay-type":"","overlay-color":"","overlay-opacity":"","overlay-gradient":""}},"ast-content-background-meta":{"desktop":{"background-color":"var(--ast-global-color-5)","background-image":"","background-repeat":"repeat","background-position":"center center","background-size":"auto","background-attachment":"scroll","background-type":"","background-media":"","overlay-type":"","overlay-color":"","overlay-opacity":"","overlay-gradient":""},"tablet":{"background-color":"var(--ast-global-color-5)","background-image":"","background-repeat":"repeat","background-position":"center center","background-size":"auto","background-attachment":"scroll","background-type":"","background-media":"","overlay-type":"","overlay-color":"","overlay-opacity":"","overlay-gradient":""},"mobile":{"background-color":"var(--ast-global-color-5)","background-image":"","background-repeat":"repeat","background-position":"center center","background-size":"auto","background-attachment":"scroll","background-type":"","background-media":"","overlay-type":"","overlay-color":"","overlay-opacity":"","overlay-gradient":""}},"footnotes":""},"categories":[2,3,8,9],"tags":[],"class_list":["post-1017","post","type-post","status-publish","format-standard","has-post-thumbnail","hentry","category-ed-infantil","category-p3","category-p4","category-p5"],"post_mailing_queue_ids":[],"_links":{"self":[{"href":"https:\/\/agora.xtec.cat\/ceip-ernest-lluch\/wp-json\/wp\/v2\/posts\/1017","targetHints":{"allow":["GET"]}}],"collection":[{"href":"https:\/\/agora.xtec.cat\/ceip-ernest-lluch\/wp-json\/wp\/v2\/posts"}],"about":[{"href":"https:\/\/agora.xtec.cat\/ceip-ernest-lluch\/wp-json\/wp\/v2\/types\/post"}],"author":[{"embeddable":true,"href":"https:\/\/agora.xtec.cat\/ceip-ernest-lluch\/wp-json\/wp\/v2\/users\/1"}],"replies":[{"embeddable":true,"href":"https:\/\/agora.xtec.cat\/ceip-ernest-lluch\/wp-json\/wp\/v2\/comments?post=1017"}],"version-history":[{"count":1,"href":"https:\/\/agora.xtec.cat\/ceip-ernest-lluch\/wp-json\/wp\/v2\/posts\/1017\/revisions"}],"predecessor-version":[{"id":1019,"href":"https:\/\/agora.xtec.cat\/ceip-ernest-lluch\/wp-json\/wp\/v2\/posts\/1017\/revisions\/1019"}],"wp:featuredmedia":[{"embeddable":true,"href":"https:\/\/agora.xtec.cat\/ceip-ernest-lluch\/wp-json\/wp\/v2\/media\/1018"}],"wp:attachment":[{"href":"https:\/\/agora.xtec.cat\/ceip-ernest-lluch\/wp-json\/wp\/v2\/media?parent=1017"}],"wp:term":[{"taxonomy":"category","embeddable":true,"href":"https:\/\/agora.xtec.cat\/ceip-ernest-lluch\/wp-json\/wp\/v2\/categories?post=1017"},{"taxonomy":"post_tag","embeddable":true,"href":"https:\/\/agora.xtec.cat\/ceip-ernest-lluch\/wp-json\/wp\/v2\/tags?post=1017"}],"curies":[{"name":"wp","href":"https:\/\/api.w.org\/{rel}","templated":true}]}}