{"id":62,"count":70,"description":"<p style=\"text-align: center;\"><strong>En aquest espai podreu trobar tota la informaci\u00f3 relacionada amb el proc\u00e9s de preinscripci\u00f3 pel curs 2025-2026.<\/strong><\/p>\r\n<p style=\"text-align: center;\"><strong>Tamb\u00e9 podeu trobar la informaci\u00f3 en la p\u00e0gina web de la Generalitat: <a href=\"https:\/\/preinscripcio.gencat.cat\/ca\/inici\/\">https:\/\/preinscripcio.gencat.cat\/ca\/inici\/<\/a><\/strong><\/p>\r\n&nbsp;\r\n<p style=\"text-align: center;\"><a href=\"https:\/\/agora.xtec.cat\/ceip-ernest-lluch\/wp-content\/uploads\/usu939\/2025\/02\/preinscripcio2526.png\"><img class=\"aligncenter size-full wp-image-2428\" src=\"https:\/\/agora.xtec.cat\/ceip-ernest-lluch\/wp-content\/uploads\/usu939\/2025\/02\/preinscripcio2526.png\" alt=\"\" width=\"832\" height=\"468\" \/><\/a><\/p>\r\n<iframe src=\"https:\/\/www.slideshare.net\/slideshow\/embed_code\/key\/6nJ5ocCQDb3zfQ?hostedIn=slideshare&amp;page=upload\" width=\"476\" height=\"400\" frameborder=\"0\" marginwidth=\"0\" marginheight=\"0\" scrolling=\"no\"><\/iframe>\r\n\r\n<iframe src=\"https:\/\/www.slideshare.net\/slideshow\/embed_code\/key\/xw9hD6R8h4rJvC?hostedIn=slideshare&amp;page=upload\" width=\"476\" height=\"400\" frameborder=\"0\" marginwidth=\"0\" marginheight=\"0\" scrolling=\"no\"><\/iframe>","link":"https:\/\/agora.xtec.cat\/ceip-ernest-lluch\/categoria\/preinscripcio2526\/","name":"PREINSCRIPCI\u00d3 2025-26","slug":"preinscripcio2526","taxonomy":"category","parent":0,"meta":[],"_links":{"self":[{"href":"https:\/\/agora.xtec.cat\/ceip-ernest-lluch\/wp-json\/wp\/v2\/categories\/62","targetHints":{"allow":["GET"]}}],"collection":[{"href":"https:\/\/agora.xtec.cat\/ceip-ernest-lluch\/wp-json\/wp\/v2\/categories"}],"about":[{"href":"https:\/\/agora.xtec.cat\/ceip-ernest-lluch\/wp-json\/wp\/v2\/taxonomies\/category"}],"wp:post_type":[{"href":"https:\/\/agora.xtec.cat\/ceip-ernest-lluch\/wp-json\/wp\/v2\/posts?categories=62"}],"curies":[{"name":"wp","href":"https:\/\/api.w.org\/{rel}","templated":true}]}}