{"id":5,"count":358,"description":"En aquest espai trobareu les not\u00edcies publicades sobre Ed.Prim\u00e0ria i l'enlla\u00e7 als diferents blocs de cicle.\r\n\r\n[slideshow_deploy id='607']\r\n<p style=\"text-align: center;\"><a href=\"https:\/\/blocs.xtec.cat\/ceipernestlluchcm\" target=\"_blank\" rel=\"noopener noreferrer\">COMUNITAT DE MITJANS<\/a><\/p>\r\n<p style=\"text-align: center;\"><a href=\"https:\/\/blocs.xtec.cat\/ceipernestlluchcs\" target=\"_blank\" rel=\"noopener noreferrer\">COMUNITAT DE GRANS<\/a><\/p>\r\n<p style=\"text-align: center;\"><\/p>","link":"https:\/\/agora.xtec.cat\/ceip-ernest-lluch\/categoria\/primaria\/","name":"COMUNITAT DE MITJANS I GRANS","slug":"primaria","taxonomy":"category","parent":0,"meta":[],"_links":{"self":[{"href":"https:\/\/agora.xtec.cat\/ceip-ernest-lluch\/wp-json\/wp\/v2\/categories\/5","targetHints":{"allow":["GET"]}}],"collection":[{"href":"https:\/\/agora.xtec.cat\/ceip-ernest-lluch\/wp-json\/wp\/v2\/categories"}],"about":[{"href":"https:\/\/agora.xtec.cat\/ceip-ernest-lluch\/wp-json\/wp\/v2\/taxonomies\/category"}],"wp:post_type":[{"href":"https:\/\/agora.xtec.cat\/ceip-ernest-lluch\/wp-json\/wp\/v2\/posts?categories=5"}],"curies":[{"name":"wp","href":"https:\/\/api.w.org\/{rel}","templated":true}]}}