{"id":2,"count":292,"description":"En aquest espai trobareu les not\u00edcies que es publiquen al web d'Educaci\u00f3 Infantil i l'enlla\u00e7 per anar al bloc de la comunitat de petits.\r\n\r\n<a href=\"https:\/\/blocs.xtec.cat\/ceipernestllucheinf\" target=\"_blank\" rel=\"noopener noreferrer\">COMUNITAT DE PETITS<\/a>\r\n\r\n[slideshow_deploy id='598']","link":"https:\/\/agora.xtec.cat\/ceip-ernest-lluch\/categoria\/ed-infantil\/","name":"COMUNITAT DE PETITS","slug":"ed-infantil","taxonomy":"category","parent":0,"meta":[],"_links":{"self":[{"href":"https:\/\/agora.xtec.cat\/ceip-ernest-lluch\/wp-json\/wp\/v2\/categories\/2","targetHints":{"allow":["GET"]}}],"collection":[{"href":"https:\/\/agora.xtec.cat\/ceip-ernest-lluch\/wp-json\/wp\/v2\/categories"}],"about":[{"href":"https:\/\/agora.xtec.cat\/ceip-ernest-lluch\/wp-json\/wp\/v2\/taxonomies\/category"}],"wp:post_type":[{"href":"https:\/\/agora.xtec.cat\/ceip-ernest-lluch\/wp-json\/wp\/v2\/posts?categories=2"}],"curies":[{"name":"wp","href":"https:\/\/api.w.org\/{rel}","templated":true}]}}