{"id":748,"date":"2016-12-23T14:41:48","date_gmt":"2016-12-23T13:41:48","guid":{"rendered":"http:\/\/agora.xtec.cat\/ceip-enric-granados\/?p=748"},"modified":"2017-06-16T19:33:22","modified_gmt":"2017-06-16T17:33:22","slug":"concert-de-nadal-2016","status":"publish","type":"post","link":"https:\/\/agora.xtec.cat\/ceip-enric-granados\/portada\/concert-de-nadal-2016\/","title":{"rendered":"Concert de nadal 2016"},"content":{"rendered":"<p>Enguany el concert de nadal el dediquem a la hist\u00f2ria dels Jocs Ol\u00edmpics<\/p>\n<p><a href=\"http:\/\/agora.xtec.cat\/ceip-enric-granados\/wp-content\/uploads\/usu843\/2016\/12\/programa_nadal_16.pdf\" target=\"_blank\">Programa del concert<\/a><\/p>\n<p>L\u2019origen dels Jocs Ol\u00edmpics el trobem a l\u2019Antiga Gr\u00e8cia. Rebien el nom d\u2019Ol\u00edmpics per celebrar-se a la ciutat d\u2019Ol\u00edmpia. Eren festes religioses, culturals i esportives en honor als d\u00e9us. Durant m\u00e9s de 1.000 anys s\u2019hi van arribar a celebrar 293 edicions de les que participaven atletes, que havien de ser ciutadans i homes, i que s\u2019entrenaven durant anys als gimnasos.\u00a0Un mes abans de la celebraci\u00f3 dels JJOO comen\u00e7ava la treva ol\u00edmpica, durant la qual es paralitzaven totes les guerres, tenint en compte que si es trencava la pau no es podia tornar a participar.\u00a0 L\u2019esperit d\u2019aquestes antigues competicions va ser recuperat pel Bar\u00f3 de Coubertin a la fi del s. XIX, i amb ell la vella amistat entre els diferents pa\u00efsos del mon.\u00a0Els primers jocs de l\u2019era moderna s\u2019organitzaren a Atenes al 1896. Actualment es celebren els JJOO d\u2019estiu cada 4 anys en els anys m\u00faltiples de 4.\u00a0Tamb\u00e9 es celebren els JJOO d\u2019hivern cada 4 anys, en els altres parells no m\u00faltiples de 4. Els primers jocs d\u2019hivern es disputaren a Fran\u00e7a l\u2019any 1924.\u00a0Des de llavors que els JJOO han reunit persones de tot el m\u00f3n, homes i dones de diferents nacionalitats, pa\u00efsos i races, tamb\u00e9 persones discapacitades, tots i totes sota el mateix lema: \u201cM\u2019agrada l\u2019esport\u201d.\u00a0Com tots sabem, aquest estiu es v\u00e0ren celebrar els JJOO a Rio de Janeiro. Doncs som-hi! Agafem un avi\u00f3 que est\u00e0 a punt d\u2019enlairarse amb dest\u00ed a Brasil!\u00a0Brasil t\u00e9 moltes coses bones i una d\u2019elles \u00e9s el ritme i l\u2019alegria que se\u2019ns encomanar\u00e0 a tots i a totes quan escoltem aquesta can\u00e7\u00f3. I de Brasil marxem a Estats Units, diuen que \u00e9s el pa\u00eds que ha guanyat m\u00e9s medalles ol\u00edmpiques.<\/p>\n<p><strong>\u00a0<\/strong><strong>Tot el personal de l\u2019escola Enric Granados us desitja\u00a0<\/strong><strong>un bon Nadal i un feli\u00e7 any 2016<\/strong><\/p>\n<p><iframe loading=\"lazy\" src=\"https:\/\/www.youtube.com\/embed\/D1Af3tKJeSA\" width=\"560\" height=\"315\" frameborder=\"0\" allowfullscreen=\"allowfullscreen\"><\/iframe><br \/>\n<iframe loading=\"lazy\" src=\"https:\/\/www.youtube.com\/embed\/_Uu5sTNK5s4\" width=\"560\" height=\"315\" frameborder=\"0\" allowfullscreen=\"allowfullscreen\"><\/iframe><br \/>\n<iframe loading=\"lazy\" src=\"https:\/\/www.youtube.com\/embed\/h5mDaCID-hI\" width=\"560\" height=\"315\" frameborder=\"0\" allowfullscreen=\"allowfullscreen\"><\/iframe><br \/>\n<iframe loading=\"lazy\" src=\"https:\/\/www.youtube.com\/embed\/tNw40Csox9c\" width=\"560\" height=\"315\" frameborder=\"0\" allowfullscreen=\"allowfullscreen\"><\/iframe><br \/>\n<iframe loading=\"lazy\" src=\"https:\/\/www.youtube.com\/embed\/jSf8wmcoDkI\" width=\"560\" height=\"315\" frameborder=\"0\" allowfullscreen=\"allowfullscreen\"><\/iframe><br \/>\n<iframe loading=\"lazy\" src=\"https:\/\/www.youtube.com\/embed\/CpJqluK9b7w\" width=\"560\" height=\"315\" frameborder=\"0\" allowfullscreen=\"allowfullscreen\"><\/iframe><br \/>\n<iframe loading=\"lazy\" src=\"https:\/\/www.youtube.com\/embed\/vT1fX-6Ozsk\" width=\"560\" height=\"315\" frameborder=\"0\" allowfullscreen=\"allowfullscreen\"><\/iframe><br \/>\n<iframe loading=\"lazy\" src=\"https:\/\/www.youtube.com\/embed\/b5H2yiNAtF8\" width=\"560\" height=\"315\" frameborder=\"0\" allowfullscreen=\"allowfullscreen\"><\/iframe><br \/>\n<iframe loading=\"lazy\" src=\"https:\/\/www.youtube.com\/embed\/qNnZnDks47c\" width=\"560\" height=\"315\" frameborder=\"0\" allowfullscreen=\"allowfullscreen\"><\/iframe><br \/>\n<iframe loading=\"lazy\" src=\"https:\/\/www.youtube.com\/embed\/Y6XE0deozvs\" width=\"560\" height=\"315\" frameborder=\"0\" allowfullscreen=\"allowfullscreen\"><\/iframe><br \/>\n<iframe loading=\"lazy\" src=\"https:\/\/www.youtube.com\/embed\/AiFumsQ2WX4\" width=\"560\" height=\"315\" frameborder=\"0\" allowfullscreen=\"allowfullscreen\"><\/iframe><br \/>\n<iframe loading=\"lazy\" src=\"https:\/\/www.youtube.com\/embed\/4M4E7Sirxjk\" width=\"560\" height=\"315\" frameborder=\"0\" allowfullscreen=\"allowfullscreen\"><\/iframe><br \/>\n<iframe loading=\"lazy\" src=\"https:\/\/www.youtube.com\/embed\/Z_5COPhDQuA\" width=\"560\" height=\"315\" frameborder=\"0\" allowfullscreen=\"allowfullscreen\"><\/iframe><br \/>\n<iframe loading=\"lazy\" src=\"https:\/\/www.youtube.com\/embed\/NJCwbj6s9KA\" width=\"560\" height=\"315\" frameborder=\"0\" allowfullscreen=\"allowfullscreen\"><\/iframe><br \/>\n<iframe loading=\"lazy\" src=\"https:\/\/www.youtube.com\/embed\/8AquTcsI4gI\" width=\"560\" height=\"315\" frameborder=\"0\" allowfullscreen=\"allowfullscreen\"><\/iframe><\/p>\n<p>&nbsp;<\/p>\n","protected":false},"excerpt":{"rendered":"<p>Aquestes s\u00f3n les imatges del concert de nadal 2016 celebrat el 22 de desembre a la sala Pepita Casanelles de La Marina.<\/p>\n","protected":false},"author":1,"featured_media":747,"comment_status":"closed","ping_status":"closed","sticky":false,"template":"","format":"standard","meta":{"_bbp_topic_count":0,"_bbp_reply_count":0,"_bbp_total_topic_count":0,"_bbp_total_reply_count":0,"_bbp_voice_count":0,"_bbp_anonymous_reply_count":0,"_bbp_topic_count_hidden":0,"_bbp_reply_count_hidden":0,"_bbp_forum_subforum_count":0,"site-sidebar-layout":"default","site-content-layout":"","ast-site-content-layout":"","site-content-style":"default","site-sidebar-style":"default","ast-global-header-display":"","ast-banner-title-visibility":"","ast-main-header-display":"","ast-hfb-above-header-display":"","ast-hfb-below-header-display":"","ast-hfb-mobile-header-display":"","site-post-title":"","ast-breadcrumbs-content":"","ast-featured-img":"","footer-sml-layout":"","theme-transparent-header-meta":"","adv-header-id-meta":"","stick-header-meta":"","header-above-stick-meta":"","header-main-stick-meta":"","header-below-stick-meta":"","astra-migrate-meta-layouts":"default","ast-page-background-enabled":"default","ast-page-background-meta":{"desktop":{"background-color":"var(--ast-global-color-4)","background-image":"","background-repeat":"repeat","background-position":"center center","background-size":"auto","background-attachment":"scroll","background-type":"","background-media":"","overlay-type":"","overlay-color":"","overlay-opacity":"","overlay-gradient":""},"tablet":{"background-color":"","background-image":"","background-repeat":"repeat","background-position":"center center","background-size":"auto","background-attachment":"scroll","background-type":"","background-media":"","overlay-type":"","overlay-color":"","overlay-opacity":"","overlay-gradient":""},"mobile":{"background-color":"","background-image":"","background-repeat":"repeat","background-position":"center center","background-size":"auto","background-attachment":"scroll","background-type":"","background-media":"","overlay-type":"","overlay-color":"","overlay-opacity":"","overlay-gradient":""}},"ast-content-background-meta":{"desktop":{"background-color":"var(--ast-global-color-5)","background-image":"","background-repeat":"repeat","background-position":"center center","background-size":"auto","background-attachment":"scroll","background-type":"","background-media":"","overlay-type":"","overlay-color":"","overlay-opacity":"","overlay-gradient":""},"tablet":{"background-color":"var(--ast-global-color-5)","background-image":"","background-repeat":"repeat","background-position":"center center","background-size":"auto","background-attachment":"scroll","background-type":"","background-media":"","overlay-type":"","overlay-color":"","overlay-opacity":"","overlay-gradient":""},"mobile":{"background-color":"var(--ast-global-color-5)","background-image":"","background-repeat":"repeat","background-position":"center center","background-size":"auto","background-attachment":"scroll","background-type":"","background-media":"","overlay-type":"","overlay-color":"","overlay-opacity":"","overlay-gradient":""}},"footnotes":""},"categories":[42,28,4,135],"tags":[27,102,120,66],"class_list":["post-748","post","type-post","status-publish","format-standard","has-post-thumbnail","hentry","category-concert-de-nadal","category-musica","category-portada","category-rebost-fotos-2016-2017","tag-activitats","tag-comunitat-educativa","tag-concert","tag-musica"],"post_mailing_queue_ids":[],"_links":{"self":[{"href":"https:\/\/agora.xtec.cat\/ceip-enric-granados\/wp-json\/wp\/v2\/posts\/748","targetHints":{"allow":["GET"]}}],"collection":[{"href":"https:\/\/agora.xtec.cat\/ceip-enric-granados\/wp-json\/wp\/v2\/posts"}],"about":[{"href":"https:\/\/agora.xtec.cat\/ceip-enric-granados\/wp-json\/wp\/v2\/types\/post"}],"author":[{"embeddable":true,"href":"https:\/\/agora.xtec.cat\/ceip-enric-granados\/wp-json\/wp\/v2\/users\/1"}],"replies":[{"embeddable":true,"href":"https:\/\/agora.xtec.cat\/ceip-enric-granados\/wp-json\/wp\/v2\/comments?post=748"}],"version-history":[{"count":3,"href":"https:\/\/agora.xtec.cat\/ceip-enric-granados\/wp-json\/wp\/v2\/posts\/748\/revisions"}],"predecessor-version":[{"id":752,"href":"https:\/\/agora.xtec.cat\/ceip-enric-granados\/wp-json\/wp\/v2\/posts\/748\/revisions\/752"}],"wp:featuredmedia":[{"embeddable":true,"href":"https:\/\/agora.xtec.cat\/ceip-enric-granados\/wp-json\/wp\/v2\/media\/747"}],"wp:attachment":[{"href":"https:\/\/agora.xtec.cat\/ceip-enric-granados\/wp-json\/wp\/v2\/media?parent=748"}],"wp:term":[{"taxonomy":"category","embeddable":true,"href":"https:\/\/agora.xtec.cat\/ceip-enric-granados\/wp-json\/wp\/v2\/categories?post=748"},{"taxonomy":"post_tag","embeddable":true,"href":"https:\/\/agora.xtec.cat\/ceip-enric-granados\/wp-json\/wp\/v2\/tags?post=748"}],"curies":[{"name":"wp","href":"https:\/\/api.w.org\/{rel}","templated":true}]}}