{"id":7243,"date":"2025-09-19T16:07:59","date_gmt":"2025-09-19T14:07:59","guid":{"rendered":"https:\/\/agora.xtec.cat\/ceip-enric-granados\/?p=7243"},"modified":"2025-09-19T16:08:39","modified_gmt":"2025-09-19T14:08:39","slug":"adeu-pilar","status":"publish","type":"post","link":"https:\/\/agora.xtec.cat\/ceip-enric-granados\/general\/adeu-pilar\/","title":{"rendered":"Adeu Pilar!"},"content":{"rendered":"<p>Avui \u00e9s un dia de festa, ja que celebrem la jubilaci\u00f3 d\u2019una estimada mestra que porta al centre 17 anys treballant, i \u00e9s emocionant i bonic adre\u00e7ar-te aquestes paraules de part de tota la comunitat educativa.<\/p>\n<p>Parlo en nom de tots els companys, de tots els alumnes que tens i que has tingut al llarg d\u2019aquest temps quan et diem bona feina Pilar.<\/p>\n<p>Esperem que marxis amb un somriure i que quan miris enrere recordis aquesta escola com el lloc on t\u2019has desenvolupat personal i professionalment durant aquest per\u00edode de temps.<\/p>\n<p>Que ens recordis amb el carinyo que et guardarem a tu, i que s\u00e0pigues que deixes una petjada inesborrable en un munt de generacions que et recordaran sempre.<\/p>\n<p>Et volem dir que t\u2019estimem molt i que ha estat un veritable plaer compartir aquest viatge amb tu.<\/p>\n<p>Et volem desitjar que trobis, en aquesta nova llibertat que ara et vindr\u00e0, el temps per a trobar-te a tu mateixa, per a trobar-te amb la teva fam\u00edlia i les teves amistats i\u00a0 per a retrobar-te amb l\u2019Enric Granados sempre que vulguis.<\/p>\n<p>Et volem dir que t\u2019estimem i que moltes gr\u00e0cies per la teva dedicaci\u00f3 durant tot aquest temps.<\/p>\n<p>Una abra\u00e7ada Pilar!!!! I molt feli\u00e7 jubilaci\u00f3!!!!!<\/p>\n","protected":false},"excerpt":{"rendered":"<p>Avui \u00e9s un dia de festa, ja que celebrem la jubilaci\u00f3 d\u2019una estimada mestra que porta al centre 17 anys treballant, i \u00e9s emocionant i bonic adre\u00e7ar-te aquestes paraules de part de tota la comunitat educativa. Parlo en nom de tots els companys, de tots els alumnes que tens i que has tingut al llarg [&hellip;]<\/p>\n","protected":false},"author":1,"featured_media":0,"comment_status":"open","ping_status":"open","sticky":false,"template":"","format":"standard","meta":{"_bbp_topic_count":0,"_bbp_reply_count":0,"_bbp_total_topic_count":0,"_bbp_total_reply_count":0,"_bbp_voice_count":0,"_bbp_anonymous_reply_count":0,"_bbp_topic_count_hidden":0,"_bbp_reply_count_hidden":0,"_bbp_forum_subforum_count":0,"site-sidebar-layout":"default","site-content-layout":"","ast-site-content-layout":"","site-content-style":"default","site-sidebar-style":"default","ast-global-header-display":"","ast-banner-title-visibility":"","ast-main-header-display":"","ast-hfb-above-header-display":"","ast-hfb-below-header-display":"","ast-hfb-mobile-header-display":"","site-post-title":"","ast-breadcrumbs-content":"","ast-featured-img":"","footer-sml-layout":"","theme-transparent-header-meta":"","adv-header-id-meta":"","stick-header-meta":"","header-above-stick-meta":"","header-main-stick-meta":"","header-below-stick-meta":"","astra-migrate-meta-layouts":"default","ast-page-background-enabled":"default","ast-page-background-meta":{"desktop":{"background-color":"var(--ast-global-color-4)","background-image":"","background-repeat":"repeat","background-position":"center center","background-size":"auto","background-attachment":"scroll","background-type":"","background-media":"","overlay-type":"","overlay-color":"","overlay-opacity":"","overlay-gradient":""},"tablet":{"background-color":"","background-image":"","background-repeat":"repeat","background-position":"center center","background-size":"auto","background-attachment":"scroll","background-type":"","background-media":"","overlay-type":"","overlay-color":"","overlay-opacity":"","overlay-gradient":""},"mobile":{"background-color":"","background-image":"","background-repeat":"repeat","background-position":"center center","background-size":"auto","background-attachment":"scroll","background-type":"","background-media":"","overlay-type":"","overlay-color":"","overlay-opacity":"","overlay-gradient":""}},"ast-content-background-meta":{"desktop":{"background-color":"var(--ast-global-color-5)","background-image":"","background-repeat":"repeat","background-position":"center center","background-size":"auto","background-attachment":"scroll","background-type":"","background-media":"","overlay-type":"","overlay-color":"","overlay-opacity":"","overlay-gradient":""},"tablet":{"background-color":"var(--ast-global-color-5)","background-image":"","background-repeat":"repeat","background-position":"center center","background-size":"auto","background-attachment":"scroll","background-type":"","background-media":"","overlay-type":"","overlay-color":"","overlay-opacity":"","overlay-gradient":""},"mobile":{"background-color":"var(--ast-global-color-5)","background-image":"","background-repeat":"repeat","background-position":"center center","background-size":"auto","background-attachment":"scroll","background-type":"","background-media":"","overlay-type":"","overlay-color":"","overlay-opacity":"","overlay-gradient":""}},"footnotes":""},"categories":[1,4],"tags":[],"class_list":["post-7243","post","type-post","status-publish","format-standard","hentry","category-general","category-portada"],"post_mailing_queue_ids":[],"_links":{"self":[{"href":"https:\/\/agora.xtec.cat\/ceip-enric-granados\/wp-json\/wp\/v2\/posts\/7243","targetHints":{"allow":["GET"]}}],"collection":[{"href":"https:\/\/agora.xtec.cat\/ceip-enric-granados\/wp-json\/wp\/v2\/posts"}],"about":[{"href":"https:\/\/agora.xtec.cat\/ceip-enric-granados\/wp-json\/wp\/v2\/types\/post"}],"author":[{"embeddable":true,"href":"https:\/\/agora.xtec.cat\/ceip-enric-granados\/wp-json\/wp\/v2\/users\/1"}],"replies":[{"embeddable":true,"href":"https:\/\/agora.xtec.cat\/ceip-enric-granados\/wp-json\/wp\/v2\/comments?post=7243"}],"version-history":[{"count":1,"href":"https:\/\/agora.xtec.cat\/ceip-enric-granados\/wp-json\/wp\/v2\/posts\/7243\/revisions"}],"predecessor-version":[{"id":7244,"href":"https:\/\/agora.xtec.cat\/ceip-enric-granados\/wp-json\/wp\/v2\/posts\/7243\/revisions\/7244"}],"wp:attachment":[{"href":"https:\/\/agora.xtec.cat\/ceip-enric-granados\/wp-json\/wp\/v2\/media?parent=7243"}],"wp:term":[{"taxonomy":"category","embeddable":true,"href":"https:\/\/agora.xtec.cat\/ceip-enric-granados\/wp-json\/wp\/v2\/categories?post=7243"},{"taxonomy":"post_tag","embeddable":true,"href":"https:\/\/agora.xtec.cat\/ceip-enric-granados\/wp-json\/wp\/v2\/tags?post=7243"}],"curies":[{"name":"wp","href":"https:\/\/api.w.org\/{rel}","templated":true}]}}