{"id":7139,"date":"2025-03-11T13:03:30","date_gmt":"2025-03-11T12:03:30","guid":{"rendered":"https:\/\/agora.xtec.cat\/ceip-enric-granados\/?p=7139"},"modified":"2025-06-16T12:36:55","modified_gmt":"2025-06-16T10:36:55","slug":"preinscripcio-2025","status":"publish","type":"post","link":"https:\/\/agora.xtec.cat\/ceip-enric-granados\/general\/preinscripcio-2025\/","title":{"rendered":"PREINSCRIPCI\u00d3 I MATR\u00cdCULA ESCOLAR 2025"},"content":{"rendered":"<h1>PREINSCRIPCI\u00d3 I MATR\u00cdCULA ESCOLAR 2025<\/h1>\n<p><a href=\"https:\/\/agora.xtec.cat\/escferransunyer\/wp-content\/uploads\/usu431\/2025\/01\/preinscripcio-dates-1.png\"><img loading=\"lazy\" decoding=\"async\" class=\"aligncenter size-full wp-image-14279\" src=\"https:\/\/agora.xtec.cat\/escferransunyer\/wp-content\/uploads\/usu431\/2025\/01\/preinscripcio-dates-1.png\" sizes=\"auto, (max-width: 839px) 100vw, 839px\" srcset=\"https:\/\/agora.xtec.cat\/escferransunyer\/wp-content\/uploads\/usu431\/2025\/01\/preinscripcio-dates-1.png 839w, https:\/\/agora.xtec.cat\/escferransunyer\/wp-content\/uploads\/usu431\/2025\/01\/preinscripcio-dates-1-300x166.png 300w, https:\/\/agora.xtec.cat\/escferransunyer\/wp-content\/uploads\/usu431\/2025\/01\/preinscripcio-dates-1-768x424.png 768w\" alt=\"\" width=\"839\" height=\"463\" \/><\/a><\/p>\n<p><a href=\"https:\/\/www.edubcn.cat\/ca\/alumnat_i_familia\/informacio_general_matriculacio\/sessions_informatives_per_a_les_families\" target=\"_blank\" rel=\"noopener\"><strong>Sessions informatives<\/strong><\/a>\u00a0per a les fam\u00edlies amb fills i filles que iniciaran l\u2019escolaritat a I3 el curs 2025-2026<\/p>\n<p><a href=\"https:\/\/agora.xtec.cat\/ceip-enric-granados\/wp-content\/uploads\/usu843\/2025\/03\/INFORME_OFERTA_OME_INFORME_OFERTA-2.pdf\">OFERTA INICIAL DE PLACES<\/a><\/p>\n<p><a href=\"https:\/\/agora.xtec.cat\/ceip-enric-granados\/wp-content\/uploads\/usu843\/2025\/03\/INFORME_BAREM_PROVISIONAL_BAREM-1.pdf\">INFORME_BAREM_PROVISIONAL_BAREM<\/a><\/p>\n<p><a href=\"https:\/\/agora.xtec.cat\/ceip-enric-granados\/wp-content\/uploads\/usu843\/2025\/03\/INFORME_BAREM_RESOLTES_BAREM-1.pdf\">INFORME_BAREM_RESOLTES_BAREM<\/a><\/p>\n<p><a href=\"https:\/\/agora.xtec.cat\/ceip-enric-granados\/wp-content\/uploads\/usu843\/2025\/03\/INFORME_BAREM_DEFINITIU_BAREM.pdf\">INFORME_BAREM_DEFINITIU_BAREM<\/a><\/p>\n<p><a href=\"https:\/\/agora.xtec.cat\/ceip-enric-granados\/wp-content\/uploads\/usu843\/2025\/03\/INFORME_ASSIGNADES_INFORME_ASSIGNADES.pdf\">INFORME_ASSIGNADES_INFORME_ASSIGNADES<\/a><\/p>\n<p>&nbsp;<\/p>\n<p>&nbsp;<\/p>\n<table class=\"period-calendar\">\n<caption>Preinscripci\u00f3<\/caption>\n<tbody>\n<tr class=\"period-future\">\n<th scope=\"row\"><span class=\"sr-only\">des del<\/span><span class=\"period-ini\">12\/03<\/span><span class=\"sr-only\">fins al<\/span><span class=\"period-fi\">26\/03<\/span><\/th>\n<td colspan=\"1\"><strong>Presentaci\u00f3 de sol\u00b7licituds de d\u2019educaci\u00f3 infantil (3-6 anys) i prim\u00e0ria (6-12 anys): del 12 al 26 de mar\u00e7 de 2025<\/strong><\/p>\n<p><strong>Presentaci\u00f3 de sol\u00b7licituds d\u2019ESO (12-16 anys): el 14 al 26 de mar\u00e7 de 2025<\/strong><\/p>\n<p>La\u00a0<strong>documentaci\u00f3<\/strong>\u00a0es pot presentar fins al\u00a0<strong>28 de mar\u00e7 de 2025<\/strong>.<\/p>\n<p>\u00c9s molt important respectar les dates, perqu\u00e8 les sol\u00b7licituds que es presentin fora d\u2019aquest termini perdran totes les prioritats que haurien pogut tenir a l\u2019hora d\u2019obtenir la pla\u00e7a. Els criteris de prioritat serveixen per donar una puntuaci\u00f3 a cada sol\u00b7licitud. D\u2019aquesta manera s\u2019estableix l\u2019ordre d\u2019acc\u00e9s a les places de cada centre. Cal presentar la sol\u00b7licitud i adjuntar-hi la documentaci\u00f3 d\u2019identificaci\u00f3 o de criteris que correspongui.<\/p>\n<ul>\n<li><a href=\"https:\/\/preinscripcio.gencat.cat\/ca\/estudis\/infantil-3-6\/preinscriute\/sollicitud\/\" target=\"_blank\" rel=\"noopener\">Educaci\u00f3 infantil (3-6 anys)<\/a><\/li>\n<li><a href=\"https:\/\/preinscripcio.gencat.cat\/ca\/estudis\/primaria\/preinscriute\/sollicitud\/\">Educaci\u00f3 prim\u00e0ria (6-12 anys)<\/a><\/li>\n<li><a href=\"https:\/\/preinscripcio.gencat.cat\/ca\/estudis\/eso\/preinscriute\/sollicitud\/\">Educaci\u00f3 secund\u00e0ria obligat\u00f2ria (12-16 anys)<\/a><\/li>\n<\/ul>\n<\/td>\n<\/tr>\n<tr class=\"period-future\">\n<th scope=\"row\"><span class=\"period-ini\">24\/04<\/span><\/th>\n<td colspan=\"1\"><strong>Publicaci\u00f3 de la llista de sol\u00b7licituds de preinscripci\u00f3 al centre amb la puntuaci\u00f3 provisional: 24 d\u2019abril de 2025<\/strong><\/p>\n<p>Un cop acabat el per\u00edode de presentaci\u00f3 de sol\u00b7licituds,\u00a0els centres\u00a0educatius estudien cadascuna de les peticions que han rebut:\u00a0n\u2019analitzen les dades, els criteris de prioritat que les fam\u00edlies demanen que es tinguin en compte, i tamb\u00e9 els documents justificatius. Tot seguit, publiquen\u00a0la llista de sol\u00b7licituds amb els barems provisionals.\u00a0En aquesta llista hi ha les sol\u00b7licituds ordenades alfab\u00e8ticament amb la puntuaci\u00f3 que ha rebut cada sol\u00b7licitud en aplicar-hi el barem.<\/p>\n<p><strong>Feu el seguiment de les sol\u00b7licituds:<\/strong><\/p>\n<ul>\n<li><a href=\"https:\/\/preinscripcio.gencat.cat\/ca\/estudis\/infantil-3-6\/preinscriute\/seguiment-sollicitud\/llista-sollicituds-puntuacio\/\">Educaci\u00f3 Infantil (3-6)<\/a><\/li>\n<li><a href=\"https:\/\/preinscripcio.gencat.cat\/ca\/estudis\/primaria\/preinscriute\/seguiment-sollicitud\/llista-sollicituds-puntuacio\/\">Educaci\u00f3 prim\u00e0ria (6-12)<\/a><\/li>\n<li><a href=\"https:\/\/preinscripcio.gencat.cat\/ca\/estudis\/eso\/preinscriute\/seguiment-sollicitud\/llista-sollicituds-puntuacio\/\">Educaci\u00f3 secund\u00e0ria obligat\u00f2ria (12-16)<\/a><\/li>\n<\/ul>\n<\/td>\n<\/tr>\n<tr class=\"period-future\">\n<th scope=\"row\"><span class=\"sr-only\">des del<\/span><span class=\"period-ini\">24\/04<\/span><span class=\"sr-only\">fins al<\/span><span class=\"period-fi\">29\/04<\/span><\/th>\n<td colspan=\"1\"><strong>Termini de reclamaci\u00f3 de la puntuaci\u00f3 provisional:<\/strong>\u00a0<strong>del 24 al 29 d\u2019abril de 2025<\/strong><\/p>\n<p>Durant aquest per\u00edode, si detectes alguna errada o anomalia en el barem assignat, pots presentar una reclamaci\u00f3 (utilitzant l\u2019eina electr\u00f2nica per adjuntar reclamacions).<\/td>\n<\/tr>\n<tr class=\"period-future\">\n<th scope=\"row\"><span class=\"period-ini\">05\/05<\/span><\/th>\n<td colspan=\"1\"><strong>Publicaci\u00f3 de la llista de sol\u00b7licituds un cop resoltes les reclamacions:<\/strong>\u00a0<strong>5 maig de 2025.<\/strong><\/p>\n<p>Un cop resoltes totes les reclamacions presentades, el centre publica la llista de sol\u00b7licituds amb la puntuaci\u00f3 i el n\u00famero de desempat corresponent.<\/p>\n<ul>\n<li><a title=\"Ves-hi\" href=\"https:\/\/preinscripcio.gencat.cat\/ca\/estudis\/infantil-3-6\/preinscriute\/seguiment-sollicitud\/llista-despres-reclamacions\/\">Educaci\u00f3 infantil (3-6)<\/a><\/li>\n<li><a title=\"Ves-hi\" href=\"https:\/\/preinscripcio.gencat.cat\/ca\/estudis\/primaria\/preinscriute\/seguiment-sollicitud\/llista-despres-reclamacions\/\">Educaci\u00f3 prim\u00e0ria<\/a><\/li>\n<li><a title=\"Ves-hi\" href=\"https:\/\/preinscripcio.gencat.cat\/ca\/estudis\/eso\/preinscriute\/seguiment-sollicitud\/llista-despres-reclamacions\/\">Educaci\u00f3 secund\u00e0ria obligat\u00f2ria<\/a><\/li>\n<\/ul>\n<\/td>\n<\/tr>\n<tr class=\"period-future\">\n<th scope=\"row\"><span class=\"period-ini\">08\/05<\/span><\/th>\n<td colspan=\"1\"><strong>Sorteig del n\u00famero de desempat:<\/strong>\u00a0<strong>8 de maig de 2025<\/strong>, a les 11 hores, als serveis centrals del Departament d\u2019Educaci\u00f3 i Formaci\u00f3 Professional (Via Augusta, 202-226, Barcelona)<\/p>\n<p>El nombre de places a cada centre educatiu \u00e9s limitat. Si el nombre de peticions supera el d\u2019alumnes que l\u2019escola pot acollir, cal aplicar un sistema de desempat entre les sol\u00b7licituds que tenen la mateixa puntuaci\u00f3. Per fer-ho, s\u2019obt\u00e9 un n\u00famero per sorteig a partir del qual s\u2019ordenen totes les peticions empatades en punts, tenint en compte el n\u00famero de desempat que s\u2019ha assignat a cada sol\u00b7licitud.<\/td>\n<\/tr>\n<tr class=\"period-future\">\n<th scope=\"row\"><span class=\"period-ini\">09\/05<\/span><\/th>\n<td colspan=\"1\"><strong>Publicaci\u00f3 de la llista ordenada:<\/strong>\u00a0<strong>9 de maig de 2025<\/strong>.<\/p>\n<p>Despr\u00e9s del sorteig, s\u2019elabora la llista de sol\u00b7licituds per a l\u2019assignaci\u00f3 de places. En aquest cas, la llista ja no s\u2019ordena alfab\u00e8ticament, sin\u00f3 tenint en compte les puntuacions de cada sol\u00b7licitud, de m\u00e9s a menys.<\/p>\n<ul>\n<li><strong><a href=\"https:\/\/preinscripcio.gencat.cat\/ca\/estudis\/infantil-3-6\/preinscriute\/seguiment-sollicitud\/llista-ordenada\/\">Educaci\u00f3 Infantil (3-6)<\/a><\/strong><\/li>\n<li><strong><a href=\"https:\/\/preinscripcio.gencat.cat\/ca\/estudis\/primaria\/preinscriute\/seguiment-sollicitud\/llista-ordenada\/\">Educaci\u00f3 prim\u00e0ria (6-12)<\/a><\/strong><\/li>\n<li><strong><a href=\"https:\/\/preinscripcio.gencat.cat\/ca\/estudis\/eso\/preinscriute\/seguiment-sollicitud\/llista-ordenada\/\">Educaci\u00f3 secund\u00e0ria obligat\u00f2ria (12-16)<\/a><\/strong><\/li>\n<\/ul>\n<\/td>\n<\/tr>\n<tr class=\"period-future\">\n<th scope=\"row\"><span class=\"sr-only\">des del<\/span><span class=\"period-ini\">21\/05<\/span><span class=\"sr-only\">fins al<\/span><span class=\"period-fi\">22\/05<\/span><\/th>\n<td colspan=\"1\">Per\u00edode d\u2019<strong>ampliaci\u00f3 de peticions per a les sol\u00b7licituds de preinscripci\u00f3 d\u2019alumnat amb necessitats educatives espec\u00edfiques<\/strong>\u00a0derivades de situaci\u00f3 socioecon\u00f2miques desafavorides sense assignaci\u00f3 (assignaci\u00f3 d\u2019ofici):\u00a0<strong>21 i 22 de maig de 2025<\/strong>, ambd\u00f3s inclosos<\/td>\n<\/tr>\n<tr class=\"period-future\">\n<th scope=\"row\"><span class=\"sr-only\">des del<\/span><span class=\"period-ini\">04\/06<\/span><span class=\"sr-only\">fins al<\/span><span class=\"period-fi\">06\/06<\/span><\/th>\n<td colspan=\"1\"><strong>Per\u00edode d\u2019ampliaci\u00f3 de peticions per a les sol\u00b7licituds de preinscripci\u00f3 sense assignaci\u00f3 (assignaci\u00f3 d\u2019ofici): del 4 al 6 de juny de 2025,<\/strong>\u00a0ambd\u00f3s inclosos.<\/p>\n<p>Si no s\u2019ha obtingut cap pla\u00e7a en els centres demanats i es tracta de sol\u00b7licituds per a P3, o en les quals s\u2019ha marcat expressament que es vol una assignaci\u00f3 d\u2019ofici, durant aquest per\u00edode es poden ampliar les peticions originals i demanar places en centres que en tinguin de disponibles, un cop fets ja els processos d\u2019assignaci\u00f3.<\/p>\n<p>Despr\u00e9s d\u2019aquesta ampliaci\u00f3 de la sol\u00b7licitud, es fa l\u2019\u00faltim proc\u00e9s d\u2019assignaci\u00f3 tenint en compte aquestes peticions ampliades.<\/p>\n<p>&nbsp;<\/td>\n<\/tr>\n<tr class=\"period-future\">\n<th scope=\"row\"><span class=\"period-ini\">16\/06<\/span><\/th>\n<td colspan=\"1\"><strong>Oferta final de places escolars: 16 de juny de 2025<\/strong><\/p>\n<p><a href=\"http:\/\/mapaescolar.gencat.cat\/\" target=\"_blank\" rel=\"noopener\">Consulta l\u2019oferta final en el mapa escolar<\/a><\/td>\n<\/tr>\n<tr class=\"period-future\">\n<th scope=\"row\"><span class=\"period-ini\">16\/06<\/span><\/th>\n<td colspan=\"1\"><strong>Publicaci\u00f3 de les llistes d\u2019alumnes admesos i, si escau, de la llista d\u2019espera: 16 de juny de 2025.<\/strong><\/p>\n<ul>\n<li><a title=\"Ves-hi\" href=\"https:\/\/preinscripcio.gencat.cat\/ca\/estudis\/infantil-3-6\/preinscriute\/consulta\/llista-admesos\/\">Educaci\u00f3 infantil (3-6 anys)<\/a><\/li>\n<li><a title=\"Ves-hi\" href=\"https:\/\/preinscripcio.gencat.cat\/ca\/estudis\/primaria\/preinscriute\/consulta\/llista-admesos\/\">Educaci\u00f3 prim\u00e0ria<\/a><\/li>\n<li><a title=\"Ves-hi\" href=\"https:\/\/preinscripcio.gencat.cat\/ca\/estudis\/eso\/preinscriute\/consulta\/llista-admesos\/\">Educaci\u00f3 secund\u00e0ria obligat\u00f2ria<\/a><\/li>\n<\/ul>\n<\/td>\n<\/tr>\n<\/tbody>\n<\/table>\n<p>&nbsp;<\/p>\n<h6>La sol\u00b7licitud de preinscripci\u00f3. QU\u00c8 NECESSITES PER FER LA PREINSCRIPCI\u00d3?<\/h6>\n<div class=\"content\">\n<ul>\n<li><strong>Ordinador, tauleta o tel\u00e8fon m\u00f2bil amb connexi\u00f3 a Internet:<\/strong>\u00a0Et caldr\u00e0 un dispositiu electr\u00f2nic amb connexi\u00f3 a Internet perqu\u00e8 la preinscripci\u00f3 es fa del tot en l\u00ednia.<\/li>\n<li><strong>Eina d\u2019identificaci\u00f3 digital:<\/strong>\u00a0\u00c9s m\u00e9s segur que quan facis el tr\u00e0mit (el pare, la mare o el tutor o tutora que faci el tr\u00e0mit) tinguis una eina d\u2019identificaci\u00f3 digital com el DNI electr\u00f2nic, la T-CAT, el sistema Cl@ve o l\u2019<a title=\"idCAT M\u00f2bil\" href=\"https:\/\/web.gencat.cat\/ca\/tramits\/que-cal-fer-si\/Vull-identificar-me-digitalment\/idcat-mobil\/\" target=\"_blank\" rel=\"noopener\">idCAT M\u00f2bil<\/a>.<\/li>\n<li><strong>Codi identificador del Registre d\u2019alumnes de Catalunya (RALC) de l\u2019alumne o alumna:<\/strong>\u00a0A l\u2019hora de fer la sol\u00b7licitud de preinscripci\u00f3 has de tenir preparat el\u00a0<strong>codi identificador de l\u2019alumne o l\u2019alumna<\/strong>. Aquest n\u00famero s\u2019assigna de manera autom\u00e0tica a l\u2019alumnat matriculat a Catalunya a partir del curs 2015-2016; i a partir del curs 2021-2022 tamb\u00e9 es va atorgar als alumnes matriculats en una llar d\u2019infants o una escola bressol. El codi, el pots consultar amb identificaci\u00f3 electr\u00f2nica en aquest mateix web, a l\u2019apartat\u00a0<a title=\"Consulta de l'identificador de l'alumne\" href=\"http:\/\/educacio.gencat.cat\/ca\/tramits\/tramits-temes\/identificador-alumne\" target=\"_blank\" rel=\"noopener\">Consulta de l\u2019identificador de l\u2019alumne<\/a>.\u00a0<strong>\u00c9s molt<\/strong>\u00a0<strong>important<\/strong>\u00a0verificar tamb\u00e9 que tota la informaci\u00f3 que hi apareix \u00e9s correcta. En cas contrari, has de sol\u00b7licitar una rectificaci\u00f3 de les dades, adjuntant la documentaci\u00f3 que correspongui.<\/li>\n<li><strong>Documentaci\u00f3 digitalitzada:<\/strong>\u00a0Hi ha documentaci\u00f3 que no cal que presentis, perqu\u00e8 es fan consultes interadministratives. Per\u00f2 si n\u2019has de presentar, l\u2019has d\u2019adjuntar a la sol\u00b7licitud digitalitzada (mitjan\u00e7ant un esc\u00e0ner o una fotografia).<\/li>\n<\/ul>\n<\/div>\n<p>&nbsp;<\/p>\n<p><img loading=\"lazy\" decoding=\"async\" class=\"wp-image-13598 aligncenter\" src=\"https:\/\/agora.xtec.cat\/escferransunyer\/wp-content\/uploads\/usu431\/2024\/01\/SKM_C55824030113010-1024x724.jpg\" sizes=\"auto, (max-width: 617px) 100vw, 617px\" srcset=\"https:\/\/agora.xtec.cat\/escferransunyer\/wp-content\/uploads\/usu431\/2024\/01\/SKM_C55824030113010-1024x724.jpg 1024w, https:\/\/agora.xtec.cat\/escferransunyer\/wp-content\/uploads\/usu431\/2024\/01\/SKM_C55824030113010-300x212.jpg 300w, https:\/\/agora.xtec.cat\/escferransunyer\/wp-content\/uploads\/usu431\/2024\/01\/SKM_C55824030113010-768x543.jpg 768w, https:\/\/agora.xtec.cat\/escferransunyer\/wp-content\/uploads\/usu431\/2024\/01\/SKM_C55824030113010-1536x1086.jpg 1536w, https:\/\/agora.xtec.cat\/escferransunyer\/wp-content\/uploads\/usu431\/2024\/01\/SKM_C55824030113010-2048x1448.jpg 2048w\" alt=\"\" width=\"617\" height=\"436\" \/><\/p>\n<p>&nbsp;<\/p>\n<p>&nbsp;<\/p>\n<p>&nbsp;<\/p>\n<p>Podeu trobar m\u00e9s informaci\u00f3 a\u00a0<strong><a href=\"https:\/\/www.edubcn.cat\/ca\/alumnat_i_familia\/informacio_general_matriculacio\/preinscripcio_info\" target=\"_blank\" rel=\"noopener\">la web del Consorci<\/a>.<\/strong><\/p>\n<p>&nbsp;<\/p>\n","protected":false},"excerpt":{"rendered":"<p>PREINSCRIPCI\u00d3 I MATR\u00cdCULA ESCOLAR 2025 Sessions informatives\u00a0per a les fam\u00edlies amb fills i filles que iniciaran l\u2019escolaritat a I3 el curs 2025-2026 OFERTA INICIAL DE PLACES INFORME_BAREM_PROVISIONAL_BAREM INFORME_BAREM_RESOLTES_BAREM INFORME_BAREM_DEFINITIU_BAREM INFORME_ASSIGNADES_INFORME_ASSIGNADES &nbsp; &nbsp; Preinscripci\u00f3 des del12\/03fins al26\/03 Presentaci\u00f3 de sol\u00b7licituds de d\u2019educaci\u00f3 infantil (3-6 anys) i prim\u00e0ria (6-12 anys): del 12 al 26 de mar\u00e7 de [&hellip;]<\/p>\n","protected":false},"author":1,"featured_media":0,"comment_status":"open","ping_status":"closed","sticky":false,"template":"","format":"standard","meta":{"_bbp_topic_count":0,"_bbp_reply_count":0,"_bbp_total_topic_count":0,"_bbp_total_reply_count":0,"_bbp_voice_count":0,"_bbp_anonymous_reply_count":0,"_bbp_topic_count_hidden":0,"_bbp_reply_count_hidden":0,"_bbp_forum_subforum_count":0,"site-sidebar-layout":"default","site-content-layout":"","ast-site-content-layout":"","site-content-style":"default","site-sidebar-style":"default","ast-global-header-display":"","ast-banner-title-visibility":"","ast-main-header-display":"","ast-hfb-above-header-display":"","ast-hfb-below-header-display":"","ast-hfb-mobile-header-display":"","site-post-title":"","ast-breadcrumbs-content":"","ast-featured-img":"","footer-sml-layout":"","theme-transparent-header-meta":"","adv-header-id-meta":"","stick-header-meta":"","header-above-stick-meta":"","header-main-stick-meta":"","header-below-stick-meta":"","astra-migrate-meta-layouts":"default","ast-page-background-enabled":"default","ast-page-background-meta":{"desktop":{"background-color":"var(--ast-global-color-4)","background-image":"","background-repeat":"repeat","background-position":"center center","background-size":"auto","background-attachment":"scroll","background-type":"","background-media":"","overlay-type":"","overlay-color":"","overlay-opacity":"","overlay-gradient":""},"tablet":{"background-color":"","background-image":"","background-repeat":"repeat","background-position":"center center","background-size":"auto","background-attachment":"scroll","background-type":"","background-media":"","overlay-type":"","overlay-color":"","overlay-opacity":"","overlay-gradient":""},"mobile":{"background-color":"","background-image":"","background-repeat":"repeat","background-position":"center center","background-size":"auto","background-attachment":"scroll","background-type":"","background-media":"","overlay-type":"","overlay-color":"","overlay-opacity":"","overlay-gradient":""}},"ast-content-background-meta":{"desktop":{"background-color":"var(--ast-global-color-5)","background-image":"","background-repeat":"repeat","background-position":"center center","background-size":"auto","background-attachment":"scroll","background-type":"","background-media":"","overlay-type":"","overlay-color":"","overlay-opacity":"","overlay-gradient":""},"tablet":{"background-color":"var(--ast-global-color-5)","background-image":"","background-repeat":"repeat","background-position":"center center","background-size":"auto","background-attachment":"scroll","background-type":"","background-media":"","overlay-type":"","overlay-color":"","overlay-opacity":"","overlay-gradient":""},"mobile":{"background-color":"var(--ast-global-color-5)","background-image":"","background-repeat":"repeat","background-position":"center center","background-size":"auto","background-attachment":"scroll","background-type":"","background-media":"","overlay-type":"","overlay-color":"","overlay-opacity":"","overlay-gradient":""}},"footnotes":""},"categories":[1,4,377],"tags":[],"class_list":["post-7139","post","type-post","status-publish","format-standard","hentry","category-general","category-portada","category-preinscripcio-i-matricula"],"post_mailing_queue_ids":[],"_links":{"self":[{"href":"https:\/\/agora.xtec.cat\/ceip-enric-granados\/wp-json\/wp\/v2\/posts\/7139","targetHints":{"allow":["GET"]}}],"collection":[{"href":"https:\/\/agora.xtec.cat\/ceip-enric-granados\/wp-json\/wp\/v2\/posts"}],"about":[{"href":"https:\/\/agora.xtec.cat\/ceip-enric-granados\/wp-json\/wp\/v2\/types\/post"}],"author":[{"embeddable":true,"href":"https:\/\/agora.xtec.cat\/ceip-enric-granados\/wp-json\/wp\/v2\/users\/1"}],"replies":[{"embeddable":true,"href":"https:\/\/agora.xtec.cat\/ceip-enric-granados\/wp-json\/wp\/v2\/comments?post=7139"}],"version-history":[{"count":7,"href":"https:\/\/agora.xtec.cat\/ceip-enric-granados\/wp-json\/wp\/v2\/posts\/7139\/revisions"}],"predecessor-version":[{"id":7186,"href":"https:\/\/agora.xtec.cat\/ceip-enric-granados\/wp-json\/wp\/v2\/posts\/7139\/revisions\/7186"}],"wp:attachment":[{"href":"https:\/\/agora.xtec.cat\/ceip-enric-granados\/wp-json\/wp\/v2\/media?parent=7139"}],"wp:term":[{"taxonomy":"category","embeddable":true,"href":"https:\/\/agora.xtec.cat\/ceip-enric-granados\/wp-json\/wp\/v2\/categories?post=7139"},{"taxonomy":"post_tag","embeddable":true,"href":"https:\/\/agora.xtec.cat\/ceip-enric-granados\/wp-json\/wp\/v2\/tags?post=7139"}],"curies":[{"name":"wp","href":"https:\/\/api.w.org\/{rel}","templated":true}]}}