{"id":7087,"date":"2024-12-20T11:00:04","date_gmt":"2024-12-20T10:00:04","guid":{"rendered":"https:\/\/agora.xtec.cat\/ceip-enric-granados\/?p=7087"},"modified":"2024-12-20T11:00:31","modified_gmt":"2024-12-20T10:00:31","slug":"festival-dhivern-2024","status":"publish","type":"post","link":"https:\/\/agora.xtec.cat\/ceip-enric-granados\/general\/festival-dhivern-2024\/","title":{"rendered":"Festival d&#8217;hivern 2024"},"content":{"rendered":"<p>Estimades fam\u00edlies,<\/p>\n<p>Ens fa molta il\u00b7lusi\u00f3 compartir amb vosaltres els v\u00eddeos del Festival de Nadal de la nostra<br \/>\nescola. Ha estat un moment m\u00e0gic ple de m\u00fasica, somriures i molt d\u2019esperit nadalenc.<br \/>\nGr\u00e0cies a la participaci\u00f3 i l\u2019entusiasme dels nostres alumnes, mestres i tot l\u2019equip, hem viscut<br \/>\nuna celebraci\u00f3 que quedar\u00e0 al record de tots. Ara podeu reviure aquests moments especials i<br \/>\ncompartir-los amb qui vulgueu.<br \/>\nA continuaci\u00f3, trobareu els v\u00eddeos:<br \/>\n<iframe loading=\"lazy\" src=\"\/\/www.youtube.com\/embed\/HIIL0EhJOWM\" width=\"560\" height=\"314\" allowfullscreen=\"allowfullscreen\"><\/iframe><\/p>\n<p><iframe loading=\"lazy\" src=\"\/\/www.youtube.com\/embed\/qzl9bCZh7eM\" width=\"560\" height=\"314\" allowfullscreen=\"allowfullscreen\"><\/iframe><\/p>\n<p><iframe loading=\"lazy\" src=\"\/\/www.youtube.com\/embed\/2rku1_cNt90\" width=\"560\" height=\"314\" allowfullscreen=\"allowfullscreen\"><\/iframe><\/p>\n<div class=\"ast-oembed-container \" style=\"height: 100%;\"><iframe loading=\"lazy\" title=\"Poema CM\" width=\"500\" height=\"281\" src=\"https:\/\/www.youtube.com\/embed\/WXF2iF9wsck?feature=oembed\" frameborder=\"0\" allow=\"accelerometer; autoplay; clipboard-write; encrypted-media; gyroscope; picture-in-picture; web-share\" referrerpolicy=\"strict-origin-when-cross-origin\" allowfullscreen><\/iframe><\/div>\n<div class=\"ast-oembed-container \" style=\"height: 100%;\"><iframe loading=\"lazy\" title=\"Actuaci\u00f3 CS del festival d&#039;hivern\" width=\"500\" height=\"281\" src=\"https:\/\/www.youtube.com\/embed\/0vInZNx31js?feature=oembed\" frameborder=\"0\" allow=\"accelerometer; autoplay; clipboard-write; encrypted-media; gyroscope; picture-in-picture; web-share\" referrerpolicy=\"strict-origin-when-cross-origin\" allowfullscreen><\/iframe><\/div>\n<div class=\"ast-oembed-container \" style=\"height: 100%;\"><iframe loading=\"lazy\" title=\"Poema 5\u00e8\" width=\"500\" height=\"281\" src=\"https:\/\/www.youtube.com\/embed\/WJ5Ipw1mPGU?feature=oembed\" frameborder=\"0\" allow=\"accelerometer; autoplay; clipboard-write; encrypted-media; gyroscope; picture-in-picture; web-share\" referrerpolicy=\"strict-origin-when-cross-origin\" allowfullscreen><\/iframe><\/div>\n<p>Esperem que els gaudiu tant com nosaltres hem gaudit preparant aquest festival. Gr\u00e0cies per<br \/>\nformar part de la nostra gran fam\u00edlia escolar!<br \/>\nBones festes!<br \/>\nL\u2019equip de l\u2019Escola Enric Granados<\/p>\n","protected":false},"excerpt":{"rendered":"<p>Estimades fam\u00edlies, Ens fa molta il\u00b7lusi\u00f3 compartir amb vosaltres els v\u00eddeos del Festival de Nadal de la nostra escola. Ha estat un moment m\u00e0gic ple de m\u00fasica, somriures i molt d\u2019esperit nadalenc. Gr\u00e0cies a la participaci\u00f3 i l\u2019entusiasme dels nostres alumnes, mestres i tot l\u2019equip, hem viscut una celebraci\u00f3 que quedar\u00e0 al record de tots. [&hellip;]<\/p>\n","protected":false},"author":1,"featured_media":7088,"comment_status":"open","ping_status":"closed","sticky":false,"template":"","format":"standard","meta":{"_bbp_topic_count":0,"_bbp_reply_count":0,"_bbp_total_topic_count":0,"_bbp_total_reply_count":0,"_bbp_voice_count":0,"_bbp_anonymous_reply_count":0,"_bbp_topic_count_hidden":0,"_bbp_reply_count_hidden":0,"_bbp_forum_subforum_count":0,"site-sidebar-layout":"default","site-content-layout":"","ast-site-content-layout":"","site-content-style":"default","site-sidebar-style":"default","ast-global-header-display":"","ast-banner-title-visibility":"","ast-main-header-display":"","ast-hfb-above-header-display":"","ast-hfb-below-header-display":"","ast-hfb-mobile-header-display":"","site-post-title":"","ast-breadcrumbs-content":"","ast-featured-img":"","footer-sml-layout":"","theme-transparent-header-meta":"","adv-header-id-meta":"","stick-header-meta":"","header-above-stick-meta":"","header-main-stick-meta":"","header-below-stick-meta":"","astra-migrate-meta-layouts":"default","ast-page-background-enabled":"default","ast-page-background-meta":{"desktop":{"background-color":"var(--ast-global-color-4)","background-image":"","background-repeat":"repeat","background-position":"center center","background-size":"auto","background-attachment":"scroll","background-type":"","background-media":"","overlay-type":"","overlay-color":"","overlay-opacity":"","overlay-gradient":""},"tablet":{"background-color":"","background-image":"","background-repeat":"repeat","background-position":"center center","background-size":"auto","background-attachment":"scroll","background-type":"","background-media":"","overlay-type":"","overlay-color":"","overlay-opacity":"","overlay-gradient":""},"mobile":{"background-color":"","background-image":"","background-repeat":"repeat","background-position":"center center","background-size":"auto","background-attachment":"scroll","background-type":"","background-media":"","overlay-type":"","overlay-color":"","overlay-opacity":"","overlay-gradient":""}},"ast-content-background-meta":{"desktop":{"background-color":"var(--ast-global-color-5)","background-image":"","background-repeat":"repeat","background-position":"center center","background-size":"auto","background-attachment":"scroll","background-type":"","background-media":"","overlay-type":"","overlay-color":"","overlay-opacity":"","overlay-gradient":""},"tablet":{"background-color":"var(--ast-global-color-5)","background-image":"","background-repeat":"repeat","background-position":"center center","background-size":"auto","background-attachment":"scroll","background-type":"","background-media":"","overlay-type":"","overlay-color":"","overlay-opacity":"","overlay-gradient":""},"mobile":{"background-color":"var(--ast-global-color-5)","background-image":"","background-repeat":"repeat","background-position":"center center","background-size":"auto","background-attachment":"scroll","background-type":"","background-media":"","overlay-type":"","overlay-color":"","overlay-opacity":"","overlay-gradient":""}},"footnotes":""},"categories":[1,4],"tags":[],"class_list":["post-7087","post","type-post","status-publish","format-standard","has-post-thumbnail","hentry","category-general","category-portada"],"post_mailing_queue_ids":[],"_links":{"self":[{"href":"https:\/\/agora.xtec.cat\/ceip-enric-granados\/wp-json\/wp\/v2\/posts\/7087","targetHints":{"allow":["GET"]}}],"collection":[{"href":"https:\/\/agora.xtec.cat\/ceip-enric-granados\/wp-json\/wp\/v2\/posts"}],"about":[{"href":"https:\/\/agora.xtec.cat\/ceip-enric-granados\/wp-json\/wp\/v2\/types\/post"}],"author":[{"embeddable":true,"href":"https:\/\/agora.xtec.cat\/ceip-enric-granados\/wp-json\/wp\/v2\/users\/1"}],"replies":[{"embeddable":true,"href":"https:\/\/agora.xtec.cat\/ceip-enric-granados\/wp-json\/wp\/v2\/comments?post=7087"}],"version-history":[{"count":1,"href":"https:\/\/agora.xtec.cat\/ceip-enric-granados\/wp-json\/wp\/v2\/posts\/7087\/revisions"}],"predecessor-version":[{"id":7089,"href":"https:\/\/agora.xtec.cat\/ceip-enric-granados\/wp-json\/wp\/v2\/posts\/7087\/revisions\/7089"}],"wp:featuredmedia":[{"embeddable":true,"href":"https:\/\/agora.xtec.cat\/ceip-enric-granados\/wp-json\/wp\/v2\/media\/7088"}],"wp:attachment":[{"href":"https:\/\/agora.xtec.cat\/ceip-enric-granados\/wp-json\/wp\/v2\/media?parent=7087"}],"wp:term":[{"taxonomy":"category","embeddable":true,"href":"https:\/\/agora.xtec.cat\/ceip-enric-granados\/wp-json\/wp\/v2\/categories?post=7087"},{"taxonomy":"post_tag","embeddable":true,"href":"https:\/\/agora.xtec.cat\/ceip-enric-granados\/wp-json\/wp\/v2\/tags?post=7087"}],"curies":[{"name":"wp","href":"https:\/\/api.w.org\/{rel}","templated":true}]}}