{"id":7053,"date":"2024-10-31T12:38:00","date_gmt":"2024-10-31T11:38:00","guid":{"rendered":"https:\/\/agora.xtec.cat\/ceip-enric-granados\/?p=7053"},"modified":"2024-10-31T12:38:00","modified_gmt":"2024-10-31T11:38:00","slug":"celebrem-la-castanyada","status":"publish","type":"post","link":"https:\/\/agora.xtec.cat\/ceip-enric-granados\/general\/celebrem-la-castanyada\/","title":{"rendered":"Celebrem la Castanyada!"},"content":{"rendered":"<p>Avui, 31 d\u2019octubre, a la nostra escola celebrem la Castanyada, una festa tradicional catalana plena de caliu que ens apropa als costums de tardor. \u00c9s un moment especial per reunir-nos, gaudir de les castanyes, els panellets i els moniatos, i per mantenir viva una tradici\u00f3 amb molts anys d\u2019hist\u00f2ria.<br \/>\n<strong>Origen de la Castanyada<\/strong><br \/>\nL\u2019origen de la Castanyada es remunta a temps antics, quan es recordaven els avantpassats en l\u2019inici de novembre. En aquella \u00e8poca, les castanyes i altres aliments energ\u00e8tics ajudaven a suportar les llargues nits de vetlla, i s\u2019acompanyaven d\u2019altres menjars rics com els moniatos i els panellets. A poc a poc, la festa va anar prenent forma fins a convertir-se en una tradici\u00f3 festiva per celebrar l\u2019arribada del fred i compartir moments amb familiars i amics.<br \/>\n<strong>Castanyes, Panellets i Moniatos\u00a0<\/strong><br \/>\nLes castanyes, cuites a la brasa o al foc, s\u00f3n el s\u00edmbol principal de la festa. Per\u00f2 tamb\u00e9 els panellets, dol\u00e7os fets de massap\u00e0 i sovint decorats amb pinyons, s\u00f3n una part essencial que avui es mant\u00e9 viva com a tradici\u00f3. Els moniatos al forn completen aquest trio de sabors de tardor que tant ens agrada compartir.<br \/>\nA la nostra escola, celebrem la Castanyada per mantenir viva aquesta tradici\u00f3 i ens reunim per<br \/>\ngaudir-ne junts. Esperem que passeu una estona molt agradable amb companys, amics i<br \/>\nfamiliars.<br \/>\nBona Castanyada a tots i totes!<\/p>\n<p><img decoding=\"async\" class=\"aligncenter\" src=\"https:\/\/img.beteve.cat\/wp-content\/uploads\/2023\/10\/castanyada.jpg\" alt=\"5 tradicions de la Castanyada a Catalunya: Qu\u00e8 fer?\" \/><\/p>\n<p>&nbsp;<\/p>\n","protected":false},"excerpt":{"rendered":"<p>Avui, 31 d\u2019octubre, a la nostra escola celebrem la Castanyada, una festa tradicional catalana plena de caliu que ens apropa als costums de tardor. \u00c9s un moment especial per reunir-nos, gaudir de les castanyes, els panellets i els moniatos, i per mantenir viva una tradici\u00f3 amb molts anys d\u2019hist\u00f2ria. Origen de la Castanyada L\u2019origen de [&hellip;]<\/p>\n","protected":false},"author":1,"featured_media":0,"comment_status":"open","ping_status":"closed","sticky":false,"template":"","format":"standard","meta":{"_bbp_topic_count":0,"_bbp_reply_count":0,"_bbp_total_topic_count":0,"_bbp_total_reply_count":0,"_bbp_voice_count":0,"_bbp_anonymous_reply_count":0,"_bbp_topic_count_hidden":0,"_bbp_reply_count_hidden":0,"_bbp_forum_subforum_count":0,"site-sidebar-layout":"default","site-content-layout":"","ast-site-content-layout":"","site-content-style":"default","site-sidebar-style":"default","ast-global-header-display":"","ast-banner-title-visibility":"","ast-main-header-display":"","ast-hfb-above-header-display":"","ast-hfb-below-header-display":"","ast-hfb-mobile-header-display":"","site-post-title":"","ast-breadcrumbs-content":"","ast-featured-img":"","footer-sml-layout":"","theme-transparent-header-meta":"","adv-header-id-meta":"","stick-header-meta":"","header-above-stick-meta":"","header-main-stick-meta":"","header-below-stick-meta":"","astra-migrate-meta-layouts":"default","ast-page-background-enabled":"default","ast-page-background-meta":{"desktop":{"background-color":"var(--ast-global-color-4)","background-image":"","background-repeat":"repeat","background-position":"center center","background-size":"auto","background-attachment":"scroll","background-type":"","background-media":"","overlay-type":"","overlay-color":"","overlay-opacity":"","overlay-gradient":""},"tablet":{"background-color":"","background-image":"","background-repeat":"repeat","background-position":"center center","background-size":"auto","background-attachment":"scroll","background-type":"","background-media":"","overlay-type":"","overlay-color":"","overlay-opacity":"","overlay-gradient":""},"mobile":{"background-color":"","background-image":"","background-repeat":"repeat","background-position":"center center","background-size":"auto","background-attachment":"scroll","background-type":"","background-media":"","overlay-type":"","overlay-color":"","overlay-opacity":"","overlay-gradient":""}},"ast-content-background-meta":{"desktop":{"background-color":"var(--ast-global-color-5)","background-image":"","background-repeat":"repeat","background-position":"center center","background-size":"auto","background-attachment":"scroll","background-type":"","background-media":"","overlay-type":"","overlay-color":"","overlay-opacity":"","overlay-gradient":""},"tablet":{"background-color":"var(--ast-global-color-5)","background-image":"","background-repeat":"repeat","background-position":"center center","background-size":"auto","background-attachment":"scroll","background-type":"","background-media":"","overlay-type":"","overlay-color":"","overlay-opacity":"","overlay-gradient":""},"mobile":{"background-color":"var(--ast-global-color-5)","background-image":"","background-repeat":"repeat","background-position":"center center","background-size":"auto","background-attachment":"scroll","background-type":"","background-media":"","overlay-type":"","overlay-color":"","overlay-opacity":"","overlay-gradient":""}},"footnotes":""},"categories":[1,4],"tags":[],"class_list":["post-7053","post","type-post","status-publish","format-standard","hentry","category-general","category-portada"],"post_mailing_queue_ids":[],"_links":{"self":[{"href":"https:\/\/agora.xtec.cat\/ceip-enric-granados\/wp-json\/wp\/v2\/posts\/7053","targetHints":{"allow":["GET"]}}],"collection":[{"href":"https:\/\/agora.xtec.cat\/ceip-enric-granados\/wp-json\/wp\/v2\/posts"}],"about":[{"href":"https:\/\/agora.xtec.cat\/ceip-enric-granados\/wp-json\/wp\/v2\/types\/post"}],"author":[{"embeddable":true,"href":"https:\/\/agora.xtec.cat\/ceip-enric-granados\/wp-json\/wp\/v2\/users\/1"}],"replies":[{"embeddable":true,"href":"https:\/\/agora.xtec.cat\/ceip-enric-granados\/wp-json\/wp\/v2\/comments?post=7053"}],"version-history":[{"count":2,"href":"https:\/\/agora.xtec.cat\/ceip-enric-granados\/wp-json\/wp\/v2\/posts\/7053\/revisions"}],"predecessor-version":[{"id":7055,"href":"https:\/\/agora.xtec.cat\/ceip-enric-granados\/wp-json\/wp\/v2\/posts\/7053\/revisions\/7055"}],"wp:attachment":[{"href":"https:\/\/agora.xtec.cat\/ceip-enric-granados\/wp-json\/wp\/v2\/media?parent=7053"}],"wp:term":[{"taxonomy":"category","embeddable":true,"href":"https:\/\/agora.xtec.cat\/ceip-enric-granados\/wp-json\/wp\/v2\/categories?post=7053"},{"taxonomy":"post_tag","embeddable":true,"href":"https:\/\/agora.xtec.cat\/ceip-enric-granados\/wp-json\/wp\/v2\/tags?post=7053"}],"curies":[{"name":"wp","href":"https:\/\/api.w.org\/{rel}","templated":true}]}}