{"id":6867,"date":"2024-01-08T15:20:46","date_gmt":"2024-01-08T14:20:46","guid":{"rendered":"https:\/\/agora.xtec.cat\/ceip-enric-granados\/?p=6867"},"modified":"2024-01-08T15:20:46","modified_gmt":"2024-01-08T14:20:46","slug":"ens-visita-el-punt-verd-escolar","status":"publish","type":"post","link":"https:\/\/agora.xtec.cat\/ceip-enric-granados\/general\/ens-visita-el-punt-verd-escolar\/","title":{"rendered":"Ens visita el punt verd escolar!"},"content":{"rendered":"<p>Estimada comunitat escolar,<br \/>\n\u00c9s un plaer donar-vos la benvinguda al nou any 2024. Amb l&#8217;esperan\u00e7a que h\u00e0giu gaudit d&#8217;unes<br \/>\nmerescudes vacances, volem compartir amb tots vosaltres una not\u00edcia emocionant: el pr\u00f2xim<br \/>\ndijous, 11 de gener, inaugurarem el 2024 amb una iniciativa sostenible i compromesa amb el<br \/>\nnostre entorn.<br \/>\nAmb el comprom\u00eds ferm de contribuir al respecte pel medi ambient i fomentar el reciclatge, el<br \/>\nnostre centre escolar acollir\u00e0 la Unitat del Punt Verd M\u00f2bil. Aquesta unitat, que s\u2019ubicar\u00e0 al<br \/>\npati de l\u2019escola, proporcionar\u00e0 una oportunitat \u00fanica per a tots nosaltres de participar<br \/>\nactivament en la preservaci\u00f3 del nostre planeta.<br \/>\nAmb la col\u00b7laboraci\u00f3 dels nostres alumnes, docents i personal administratiu, volem crear una<br \/>\ncultura de consci\u00e8ncia ambiental que perduri al llarg de tot l&#8217;any. Aquesta iniciativa ens<br \/>\npermetr\u00e0 reciclar de manera responsable i fomentar h\u00e0bits sostenibles que contribuiran al<br \/>\nbenestar del nostre entorn.<br \/>\nL&#8217;acte tindr\u00e0 lloc el dijous, 11 de gener, a les 10:00 h a la zona del pati de pistes del nostre<br \/>\ncol\u00b7legi.<br \/>\nVolem animar-vos a participar activament en aquesta iniciativa i a implicar-vos en el<br \/>\nmanteniment i \u00fas responsable de la Unitat del Punt Verd M\u00f2bil. Cada acci\u00f3 compta, i junts<br \/>\npodem fer una gran difer\u00e8ncia en la preservaci\u00f3 del nostre entorn per a les futures<br \/>\ngeneracions.<br \/>\nAgra\u00efm la vostra col\u00b7laboraci\u00f3 i comprom\u00eds amb aquesta important causa. Esperem veure com<br \/>\nels nostres alumnes porten objectes i deixalles per a reciclar, i poder aix\u00ed compartir aquest<br \/>\nmoment significatiu en la nostra comunitat escolar.<br \/>\nAtentament,<br \/>\nEquip Directiu<br \/>\n<a href=\"https:\/\/agora.xtec.cat\/ceip-enric-granados\/wp-content\/uploads\/usu843\/2024\/01\/imagenpuntverd-scaled.jpg\"><img loading=\"lazy\" decoding=\"async\" class=\"size-medium wp-image-6868 aligncenter\" src=\"https:\/\/agora.xtec.cat\/ceip-enric-granados\/wp-content\/uploads\/usu843\/2024\/01\/imagenpuntverd-300x202.jpg\" alt=\"\" width=\"300\" height=\"202\" srcset=\"https:\/\/agora.xtec.cat\/ceip-enric-granados\/wp-content\/uploads\/usu843\/2024\/01\/imagenpuntverd-300x202.jpg 300w, https:\/\/agora.xtec.cat\/ceip-enric-granados\/wp-content\/uploads\/usu843\/2024\/01\/imagenpuntverd-1024x691.jpg 1024w, https:\/\/agora.xtec.cat\/ceip-enric-granados\/wp-content\/uploads\/usu843\/2024\/01\/imagenpuntverd-768x518.jpg 768w, https:\/\/agora.xtec.cat\/ceip-enric-granados\/wp-content\/uploads\/usu843\/2024\/01\/imagenpuntverd-1536x1036.jpg 1536w, https:\/\/agora.xtec.cat\/ceip-enric-granados\/wp-content\/uploads\/usu843\/2024\/01\/imagenpuntverd-2048x1382.jpg 2048w\" sizes=\"auto, (max-width: 300px) 100vw, 300px\" \/><\/a><\/p>\n","protected":false},"excerpt":{"rendered":"<p>Estimada comunitat escolar, \u00c9s un plaer donar-vos la benvinguda al nou any 2024. Amb l&#8217;esperan\u00e7a que h\u00e0giu gaudit d&#8217;unes merescudes vacances, volem compartir amb tots vosaltres una not\u00edcia emocionant: el pr\u00f2xim dijous, 11 de gener, inaugurarem el 2024 amb una iniciativa sostenible i compromesa amb el nostre entorn. Amb el comprom\u00eds ferm de contribuir al [&hellip;]<\/p>\n","protected":false},"author":1,"featured_media":0,"comment_status":"open","ping_status":"closed","sticky":false,"template":"","format":"standard","meta":{"_bbp_topic_count":0,"_bbp_reply_count":0,"_bbp_total_topic_count":0,"_bbp_total_reply_count":0,"_bbp_voice_count":0,"_bbp_anonymous_reply_count":0,"_bbp_topic_count_hidden":0,"_bbp_reply_count_hidden":0,"_bbp_forum_subforum_count":0,"site-sidebar-layout":"default","site-content-layout":"","ast-site-content-layout":"","site-content-style":"default","site-sidebar-style":"default","ast-global-header-display":"","ast-banner-title-visibility":"","ast-main-header-display":"","ast-hfb-above-header-display":"","ast-hfb-below-header-display":"","ast-hfb-mobile-header-display":"","site-post-title":"","ast-breadcrumbs-content":"","ast-featured-img":"","footer-sml-layout":"","theme-transparent-header-meta":"","adv-header-id-meta":"","stick-header-meta":"","header-above-stick-meta":"","header-main-stick-meta":"","header-below-stick-meta":"","astra-migrate-meta-layouts":"default","ast-page-background-enabled":"default","ast-page-background-meta":{"desktop":{"background-color":"var(--ast-global-color-4)","background-image":"","background-repeat":"repeat","background-position":"center center","background-size":"auto","background-attachment":"scroll","background-type":"","background-media":"","overlay-type":"","overlay-color":"","overlay-opacity":"","overlay-gradient":""},"tablet":{"background-color":"","background-image":"","background-repeat":"repeat","background-position":"center center","background-size":"auto","background-attachment":"scroll","background-type":"","background-media":"","overlay-type":"","overlay-color":"","overlay-opacity":"","overlay-gradient":""},"mobile":{"background-color":"","background-image":"","background-repeat":"repeat","background-position":"center center","background-size":"auto","background-attachment":"scroll","background-type":"","background-media":"","overlay-type":"","overlay-color":"","overlay-opacity":"","overlay-gradient":""}},"ast-content-background-meta":{"desktop":{"background-color":"var(--ast-global-color-5)","background-image":"","background-repeat":"repeat","background-position":"center center","background-size":"auto","background-attachment":"scroll","background-type":"","background-media":"","overlay-type":"","overlay-color":"","overlay-opacity":"","overlay-gradient":""},"tablet":{"background-color":"var(--ast-global-color-5)","background-image":"","background-repeat":"repeat","background-position":"center center","background-size":"auto","background-attachment":"scroll","background-type":"","background-media":"","overlay-type":"","overlay-color":"","overlay-opacity":"","overlay-gradient":""},"mobile":{"background-color":"var(--ast-global-color-5)","background-image":"","background-repeat":"repeat","background-position":"center center","background-size":"auto","background-attachment":"scroll","background-type":"","background-media":"","overlay-type":"","overlay-color":"","overlay-opacity":"","overlay-gradient":""}},"footnotes":""},"categories":[40,1,4],"tags":[],"class_list":["post-6867","post","type-post","status-publish","format-standard","hentry","category-els-horts","category-general","category-portada"],"post_mailing_queue_ids":[],"_links":{"self":[{"href":"https:\/\/agora.xtec.cat\/ceip-enric-granados\/wp-json\/wp\/v2\/posts\/6867","targetHints":{"allow":["GET"]}}],"collection":[{"href":"https:\/\/agora.xtec.cat\/ceip-enric-granados\/wp-json\/wp\/v2\/posts"}],"about":[{"href":"https:\/\/agora.xtec.cat\/ceip-enric-granados\/wp-json\/wp\/v2\/types\/post"}],"author":[{"embeddable":true,"href":"https:\/\/agora.xtec.cat\/ceip-enric-granados\/wp-json\/wp\/v2\/users\/1"}],"replies":[{"embeddable":true,"href":"https:\/\/agora.xtec.cat\/ceip-enric-granados\/wp-json\/wp\/v2\/comments?post=6867"}],"version-history":[{"count":1,"href":"https:\/\/agora.xtec.cat\/ceip-enric-granados\/wp-json\/wp\/v2\/posts\/6867\/revisions"}],"predecessor-version":[{"id":6869,"href":"https:\/\/agora.xtec.cat\/ceip-enric-granados\/wp-json\/wp\/v2\/posts\/6867\/revisions\/6869"}],"wp:attachment":[{"href":"https:\/\/agora.xtec.cat\/ceip-enric-granados\/wp-json\/wp\/v2\/media?parent=6867"}],"wp:term":[{"taxonomy":"category","embeddable":true,"href":"https:\/\/agora.xtec.cat\/ceip-enric-granados\/wp-json\/wp\/v2\/categories?post=6867"},{"taxonomy":"post_tag","embeddable":true,"href":"https:\/\/agora.xtec.cat\/ceip-enric-granados\/wp-json\/wp\/v2\/tags?post=6867"}],"curies":[{"name":"wp","href":"https:\/\/api.w.org\/{rel}","templated":true}]}}