{"id":6847,"date":"2023-12-18T12:02:45","date_gmt":"2023-12-18T11:02:45","guid":{"rendered":"https:\/\/agora.xtec.cat\/ceip-enric-granados\/?p=6847"},"modified":"2023-12-18T12:02:45","modified_gmt":"2023-12-18T11:02:45","slug":"festival-dhivern-a-linstitut-de-la-merce","status":"publish","type":"post","link":"https:\/\/agora.xtec.cat\/ceip-enric-granados\/general\/festival-dhivern-a-linstitut-de-la-merce\/","title":{"rendered":"Festival d&#8217;hivern a l&#8217;Institut de la Merc\u00e8"},"content":{"rendered":"<p>Estimada comunitat educativa,<br \/>\nEstem emocionats de compartir una not\u00edcia que afectar\u00e0 el desenvolupament del nostre tan<br \/>\nesperat festival d&#8217;aquest any. Degut a les obres a la Pepita Casanellas, ens veiem obligats a<br \/>\ntraslladar l&#8217;esdeveniment a l&#8217;Institut de la Merc\u00e8. Tot i que inicialment podria semblar un canvi<br \/>\nsignificatiu, creiem que aquesta modificaci\u00f3 ofereix una oportunitat \u00fanica per enfortir la<br \/>\ncol\u00b7laboraci\u00f3 i enriquir l&#8217;experi\u00e8ncia dels nostres estudiants.<br \/>\nAquest trasllat ens brinda la possibilitat de treballar conjuntament amb els alumnes de<br \/>\ndiferents m\u00f2duls de Formaci\u00f3 Professional de l&#8217;Institut de la Merc\u00e8. Creiem fermament en la<br \/>\nimport\u00e0ncia de la col\u00b7laboraci\u00f3 entre institucions educatives, i aquesta situaci\u00f3 ens permet<br \/>\nunir forces per crear un festival memorable i enriquidor.<br \/>\nA m\u00e9s a m\u00e9s, volem destacar que aquesta col\u00b7laboraci\u00f3 no nom\u00e9s beneficiar\u00e0 la qualitat de<br \/>\nl&#8217;esdeveniment, si no que tamb\u00e9 oferir\u00e0 oportunitats valuoses pels nostres estudiants. Els<br \/>\nalumnes de diferents m\u00f2duls de FP de l&#8217;Institut de la Merc\u00e8 podran convalidar hores de<br \/>\npr\u00e0ctiques d&#8217;empresa a trav\u00e9s de la seva participaci\u00f3 en el festival. Aquesta \u00e9s una excel\u00b7lent<br \/>\noportunitat perqu\u00e8 els estudiants apliquin les seves habilitats i coneixements en un entorn<br \/>\nreal, mentre contribueixen a l&#8217;\u00e8xit del festival.<br \/>\nVolem expressar el nostre agra\u00efment sincer a l&#8217;Institut de la Merc\u00e8 per obrir les seves portes i<br \/>\noferir-nos la possibilitat de dur a terme el nostre festival a les seves instal\u00b7lacions. Aquesta<br \/>\ncol\u00b7laboraci\u00f3 ressalta la import\u00e0ncia de treballar junts per superar desafiaments i enriquir les<br \/>\nexperi\u00e8ncies educatives dels nostres estudiants.<br \/>\nDem\u00e0, finalment, arriba el gran dia. Estem plens d&#8217;entusiasme i expectaci\u00f3, sabent que<br \/>\naquesta col\u00b7laboraci\u00f3 \u00fanica far\u00e0 que el nostre festival sigui encara m\u00e9s especial. La comunitat<br \/>\neducativa en el seu conjunt est\u00e0 emocionada i llesta per gaudir d&#8217;un dia ple d&#8217;alegria,<br \/>\naprenentatge i col\u00b7laboraci\u00f3.<br \/>\nAgra\u00efm la vostra comprensi\u00f3 i suport continu mentre naveguem per aquests canvis. Estem<br \/>\nsegurs que aquest festival ser\u00e0 un testimoni de la resili\u00e8ncia i la creativitat de la nostra<br \/>\ncomunitat educativa.<br \/>\nEns veurem dem\u00e0 a l&#8217;Institut de la Merc\u00e8 per celebrar junts aquest emocionant esdeveniment!<br \/>\nAtentament,<br \/>\nEquip Directiu<br \/>\nEscola Enric Granados<\/p>\n<p><a href=\"https:\/\/agora.xtec.cat\/ceip-enric-granados\/wp-content\/uploads\/usu843\/2023\/12\/pexels-bruno-bueno-3903083-scaled.jpg\"><img loading=\"lazy\" decoding=\"async\" class=\"size-medium wp-image-6848 aligncenter\" src=\"https:\/\/agora.xtec.cat\/ceip-enric-granados\/wp-content\/uploads\/usu843\/2023\/12\/pexels-bruno-bueno-3903083-300x200.jpg\" alt=\"\" width=\"300\" height=\"200\" srcset=\"https:\/\/agora.xtec.cat\/ceip-enric-granados\/wp-content\/uploads\/usu843\/2023\/12\/pexels-bruno-bueno-3903083-300x200.jpg 300w, https:\/\/agora.xtec.cat\/ceip-enric-granados\/wp-content\/uploads\/usu843\/2023\/12\/pexels-bruno-bueno-3903083-1024x683.jpg 1024w, https:\/\/agora.xtec.cat\/ceip-enric-granados\/wp-content\/uploads\/usu843\/2023\/12\/pexels-bruno-bueno-3903083-768x512.jpg 768w, https:\/\/agora.xtec.cat\/ceip-enric-granados\/wp-content\/uploads\/usu843\/2023\/12\/pexels-bruno-bueno-3903083-1536x1024.jpg 1536w, https:\/\/agora.xtec.cat\/ceip-enric-granados\/wp-content\/uploads\/usu843\/2023\/12\/pexels-bruno-bueno-3903083-2048x1365.jpg 2048w\" sizes=\"auto, (max-width: 300px) 100vw, 300px\" \/><\/a><\/p>\n","protected":false},"excerpt":{"rendered":"<p>Estimada comunitat educativa, Estem emocionats de compartir una not\u00edcia que afectar\u00e0 el desenvolupament del nostre tan esperat festival d&#8217;aquest any. Degut a les obres a la Pepita Casanellas, ens veiem obligats a traslladar l&#8217;esdeveniment a l&#8217;Institut de la Merc\u00e8. Tot i que inicialment podria semblar un canvi significatiu, creiem que aquesta modificaci\u00f3 ofereix una oportunitat [&hellip;]<\/p>\n","protected":false},"author":1,"featured_media":0,"comment_status":"open","ping_status":"closed","sticky":false,"template":"","format":"standard","meta":{"_bbp_topic_count":0,"_bbp_reply_count":0,"_bbp_total_topic_count":0,"_bbp_total_reply_count":0,"_bbp_voice_count":0,"_bbp_anonymous_reply_count":0,"_bbp_topic_count_hidden":0,"_bbp_reply_count_hidden":0,"_bbp_forum_subforum_count":0,"site-sidebar-layout":"default","site-content-layout":"","ast-site-content-layout":"","site-content-style":"default","site-sidebar-style":"default","ast-global-header-display":"","ast-banner-title-visibility":"","ast-main-header-display":"","ast-hfb-above-header-display":"","ast-hfb-below-header-display":"","ast-hfb-mobile-header-display":"","site-post-title":"","ast-breadcrumbs-content":"","ast-featured-img":"","footer-sml-layout":"","theme-transparent-header-meta":"","adv-header-id-meta":"","stick-header-meta":"","header-above-stick-meta":"","header-main-stick-meta":"","header-below-stick-meta":"","astra-migrate-meta-layouts":"default","ast-page-background-enabled":"default","ast-page-background-meta":{"desktop":{"background-color":"var(--ast-global-color-4)","background-image":"","background-repeat":"repeat","background-position":"center center","background-size":"auto","background-attachment":"scroll","background-type":"","background-media":"","overlay-type":"","overlay-color":"","overlay-opacity":"","overlay-gradient":""},"tablet":{"background-color":"","background-image":"","background-repeat":"repeat","background-position":"center center","background-size":"auto","background-attachment":"scroll","background-type":"","background-media":"","overlay-type":"","overlay-color":"","overlay-opacity":"","overlay-gradient":""},"mobile":{"background-color":"","background-image":"","background-repeat":"repeat","background-position":"center center","background-size":"auto","background-attachment":"scroll","background-type":"","background-media":"","overlay-type":"","overlay-color":"","overlay-opacity":"","overlay-gradient":""}},"ast-content-background-meta":{"desktop":{"background-color":"var(--ast-global-color-5)","background-image":"","background-repeat":"repeat","background-position":"center center","background-size":"auto","background-attachment":"scroll","background-type":"","background-media":"","overlay-type":"","overlay-color":"","overlay-opacity":"","overlay-gradient":""},"tablet":{"background-color":"var(--ast-global-color-5)","background-image":"","background-repeat":"repeat","background-position":"center center","background-size":"auto","background-attachment":"scroll","background-type":"","background-media":"","overlay-type":"","overlay-color":"","overlay-opacity":"","overlay-gradient":""},"mobile":{"background-color":"var(--ast-global-color-5)","background-image":"","background-repeat":"repeat","background-position":"center center","background-size":"auto","background-attachment":"scroll","background-type":"","background-media":"","overlay-type":"","overlay-color":"","overlay-opacity":"","overlay-gradient":""}},"footnotes":""},"categories":[42,1,28,4],"tags":[],"class_list":["post-6847","post","type-post","status-publish","format-standard","hentry","category-concert-de-nadal","category-general","category-musica","category-portada"],"post_mailing_queue_ids":[],"_links":{"self":[{"href":"https:\/\/agora.xtec.cat\/ceip-enric-granados\/wp-json\/wp\/v2\/posts\/6847","targetHints":{"allow":["GET"]}}],"collection":[{"href":"https:\/\/agora.xtec.cat\/ceip-enric-granados\/wp-json\/wp\/v2\/posts"}],"about":[{"href":"https:\/\/agora.xtec.cat\/ceip-enric-granados\/wp-json\/wp\/v2\/types\/post"}],"author":[{"embeddable":true,"href":"https:\/\/agora.xtec.cat\/ceip-enric-granados\/wp-json\/wp\/v2\/users\/1"}],"replies":[{"embeddable":true,"href":"https:\/\/agora.xtec.cat\/ceip-enric-granados\/wp-json\/wp\/v2\/comments?post=6847"}],"version-history":[{"count":2,"href":"https:\/\/agora.xtec.cat\/ceip-enric-granados\/wp-json\/wp\/v2\/posts\/6847\/revisions"}],"predecessor-version":[{"id":6850,"href":"https:\/\/agora.xtec.cat\/ceip-enric-granados\/wp-json\/wp\/v2\/posts\/6847\/revisions\/6850"}],"wp:attachment":[{"href":"https:\/\/agora.xtec.cat\/ceip-enric-granados\/wp-json\/wp\/v2\/media?parent=6847"}],"wp:term":[{"taxonomy":"category","embeddable":true,"href":"https:\/\/agora.xtec.cat\/ceip-enric-granados\/wp-json\/wp\/v2\/categories?post=6847"},{"taxonomy":"post_tag","embeddable":true,"href":"https:\/\/agora.xtec.cat\/ceip-enric-granados\/wp-json\/wp\/v2\/tags?post=6847"}],"curies":[{"name":"wp","href":"https:\/\/api.w.org\/{rel}","templated":true}]}}