{"id":6819,"date":"2023-10-27T09:58:39","date_gmt":"2023-10-27T07:58:39","guid":{"rendered":"https:\/\/agora.xtec.cat\/ceip-enric-granados\/?p=6819"},"modified":"2023-11-06T12:24:48","modified_gmt":"2023-11-06T11:24:48","slug":"marinat-de-contes-al-inkfest2023","status":"publish","type":"post","link":"https:\/\/agora.xtec.cat\/ceip-enric-granados\/general\/marinat-de-contes-al-inkfest2023\/","title":{"rendered":"Marina\u2019t de contes al InkFest2023"},"content":{"rendered":"<p>El diumenge 22 d\u2019octubre les escoles de la Marina van participar en L\u2019<a href=\"https:\/\/lamarinaviva.cat\/inkfest2023\/\" target=\"_blank\" rel=\"noopener\" data-saferedirecturl=\"https:\/\/www.google.com\/url?q=https:\/\/lamarinaviva.cat\/inkfest2023\/&amp;source=gmail&amp;ust=1698476969475000&amp;usg=AOvVaw27wB3FcN-8GKwdk0N7qllS\"><b><span style=\"color: #ff9900;\">Ink fest 2023<\/span><\/b><\/a>\u00a0amb un mural gegant amb la imatge de la portada del\u00a0<b><span style=\"color: #ff9900;\">\u2018Marina\u2019t de contes\u2019<\/span><\/b>! \u00c9s un festival on la tinta \u00e9s la protagonista, amb artistes de diferents disciplines, exposicions, tallers i m\u00fasica\u2026<\/p>\n<p>Un mural gegant, 8 escoles participants, 135 peces i molt color. Totes les escoles de la Marina han participat de la creaci\u00f3 d\u2019un mural per l\u2019Ink fest 2023. Aquesta \u00e9s la imatge de portada del \u2018Marina\u2019t de contes, fet el darrer curs.<\/p>\n<p>&nbsp;<\/p>\n<p><a href=\"https:\/\/agora.xtec.cat\/ceip-enric-granados\/wp-content\/uploads\/usu843\/2023\/10\/IMG_20231025_120933_114_20231026132727.jpg\"><img loading=\"lazy\" decoding=\"async\" class=\"size-medium wp-image-6820 aligncenter\" src=\"https:\/\/agora.xtec.cat\/ceip-enric-granados\/wp-content\/uploads\/usu843\/2023\/10\/IMG_20231025_120933_114_20231026132727-300x219.jpg\" alt=\"\" width=\"300\" height=\"219\" srcset=\"https:\/\/agora.xtec.cat\/ceip-enric-granados\/wp-content\/uploads\/usu843\/2023\/10\/IMG_20231025_120933_114_20231026132727-300x219.jpg 300w, https:\/\/agora.xtec.cat\/ceip-enric-granados\/wp-content\/uploads\/usu843\/2023\/10\/IMG_20231025_120933_114_20231026132727-1024x749.jpg 1024w, https:\/\/agora.xtec.cat\/ceip-enric-granados\/wp-content\/uploads\/usu843\/2023\/10\/IMG_20231025_120933_114_20231026132727-768x562.jpg 768w, https:\/\/agora.xtec.cat\/ceip-enric-granados\/wp-content\/uploads\/usu843\/2023\/10\/IMG_20231025_120933_114_20231026132727-1536x1124.jpg 1536w, https:\/\/agora.xtec.cat\/ceip-enric-granados\/wp-content\/uploads\/usu843\/2023\/10\/IMG_20231025_120933_114_20231026132727.jpg 2000w\" sizes=\"auto, (max-width: 300px) 100vw, 300px\" \/><\/a><\/p>\n","protected":false},"excerpt":{"rendered":"<p>El diumenge 22 d\u2019octubre les escoles de la Marina van participar en L\u2019Ink fest 2023\u00a0amb un mural gegant amb la imatge de la portada del\u00a0\u2018Marina\u2019t de contes\u2019! \u00c9s un festival on la tinta \u00e9s la protagonista, amb artistes de diferents disciplines, exposicions, tallers i m\u00fasica\u2026 Un mural gegant, 8 escoles participants, 135 peces i molt [&hellip;]<\/p>\n","protected":false},"author":1,"featured_media":0,"comment_status":"open","ping_status":"closed","sticky":false,"template":"","format":"standard","meta":{"_bbp_topic_count":0,"_bbp_reply_count":0,"_bbp_total_topic_count":0,"_bbp_total_reply_count":0,"_bbp_voice_count":0,"_bbp_anonymous_reply_count":0,"_bbp_topic_count_hidden":0,"_bbp_reply_count_hidden":0,"_bbp_forum_subforum_count":0,"site-sidebar-layout":"default","site-content-layout":"","ast-site-content-layout":"","site-content-style":"default","site-sidebar-style":"default","ast-global-header-display":"","ast-banner-title-visibility":"","ast-main-header-display":"","ast-hfb-above-header-display":"","ast-hfb-below-header-display":"","ast-hfb-mobile-header-display":"","site-post-title":"","ast-breadcrumbs-content":"","ast-featured-img":"","footer-sml-layout":"","theme-transparent-header-meta":"","adv-header-id-meta":"","stick-header-meta":"","header-above-stick-meta":"","header-main-stick-meta":"","header-below-stick-meta":"","astra-migrate-meta-layouts":"default","ast-page-background-enabled":"default","ast-page-background-meta":{"desktop":{"background-color":"var(--ast-global-color-4)","background-image":"","background-repeat":"repeat","background-position":"center center","background-size":"auto","background-attachment":"scroll","background-type":"","background-media":"","overlay-type":"","overlay-color":"","overlay-opacity":"","overlay-gradient":""},"tablet":{"background-color":"","background-image":"","background-repeat":"repeat","background-position":"center center","background-size":"auto","background-attachment":"scroll","background-type":"","background-media":"","overlay-type":"","overlay-color":"","overlay-opacity":"","overlay-gradient":""},"mobile":{"background-color":"","background-image":"","background-repeat":"repeat","background-position":"center center","background-size":"auto","background-attachment":"scroll","background-type":"","background-media":"","overlay-type":"","overlay-color":"","overlay-opacity":"","overlay-gradient":""}},"ast-content-background-meta":{"desktop":{"background-color":"var(--ast-global-color-5)","background-image":"","background-repeat":"repeat","background-position":"center center","background-size":"auto","background-attachment":"scroll","background-type":"","background-media":"","overlay-type":"","overlay-color":"","overlay-opacity":"","overlay-gradient":""},"tablet":{"background-color":"var(--ast-global-color-5)","background-image":"","background-repeat":"repeat","background-position":"center center","background-size":"auto","background-attachment":"scroll","background-type":"","background-media":"","overlay-type":"","overlay-color":"","overlay-opacity":"","overlay-gradient":""},"mobile":{"background-color":"var(--ast-global-color-5)","background-image":"","background-repeat":"repeat","background-position":"center center","background-size":"auto","background-attachment":"scroll","background-type":"","background-media":"","overlay-type":"","overlay-color":"","overlay-opacity":"","overlay-gradient":""}},"footnotes":""},"categories":[1,4],"tags":[],"class_list":["post-6819","post","type-post","status-publish","format-standard","hentry","category-general","category-portada"],"post_mailing_queue_ids":[],"_links":{"self":[{"href":"https:\/\/agora.xtec.cat\/ceip-enric-granados\/wp-json\/wp\/v2\/posts\/6819","targetHints":{"allow":["GET"]}}],"collection":[{"href":"https:\/\/agora.xtec.cat\/ceip-enric-granados\/wp-json\/wp\/v2\/posts"}],"about":[{"href":"https:\/\/agora.xtec.cat\/ceip-enric-granados\/wp-json\/wp\/v2\/types\/post"}],"author":[{"embeddable":true,"href":"https:\/\/agora.xtec.cat\/ceip-enric-granados\/wp-json\/wp\/v2\/users\/1"}],"replies":[{"embeddable":true,"href":"https:\/\/agora.xtec.cat\/ceip-enric-granados\/wp-json\/wp\/v2\/comments?post=6819"}],"version-history":[{"count":1,"href":"https:\/\/agora.xtec.cat\/ceip-enric-granados\/wp-json\/wp\/v2\/posts\/6819\/revisions"}],"predecessor-version":[{"id":6821,"href":"https:\/\/agora.xtec.cat\/ceip-enric-granados\/wp-json\/wp\/v2\/posts\/6819\/revisions\/6821"}],"wp:attachment":[{"href":"https:\/\/agora.xtec.cat\/ceip-enric-granados\/wp-json\/wp\/v2\/media?parent=6819"}],"wp:term":[{"taxonomy":"category","embeddable":true,"href":"https:\/\/agora.xtec.cat\/ceip-enric-granados\/wp-json\/wp\/v2\/categories?post=6819"},{"taxonomy":"post_tag","embeddable":true,"href":"https:\/\/agora.xtec.cat\/ceip-enric-granados\/wp-json\/wp\/v2\/tags?post=6819"}],"curies":[{"name":"wp","href":"https:\/\/api.w.org\/{rel}","templated":true}]}}