{"id":6816,"date":"2023-10-26T09:51:00","date_gmt":"2023-10-26T07:51:00","guid":{"rendered":"https:\/\/agora.xtec.cat\/ceip-enric-granados\/?p=6816"},"modified":"2023-11-06T12:25:07","modified_gmt":"2023-11-06T11:25:07","slug":"revisions-bucodentals","status":"publish","type":"post","link":"https:\/\/agora.xtec.cat\/ceip-enric-granados\/general\/revisions-bucodentals\/","title":{"rendered":"REVISIONS BUCODENTALS"},"content":{"rendered":"<p>Avui \u00e9s un dia especial a la nostra escola, ja que estem realitzant revisions bucodentals per als alumnes d\u2019I4, primer i sis\u00e8 d&#8217;educaci\u00f3 prim\u00e0ria. Aquesta activitat \u00e9s una oportunitat important per cuidar la salut dental dels nostres alumnes i educar-los sobre la import\u00e0ncia de la higiene bucal.<\/p>\n<p>Durant les revisions bucodentals, cada alumne tindr\u00e0 l&#8217;oportunitat de ser at\u00e8s per un professional de la salut dental, qui revisar\u00e0 la seva boca i proporcionar\u00e0 consells pr\u00e0ctics per al correcte manteniment de les seves dents i genives. A m\u00e9s, s&#8217;identificaran possibles problemes dentals com c\u00e0ries o problemes de maloclusi\u00f3, per tal de poder actuar de manera preventiva i mantenir una salut oral \u00f2ptima.<\/p>\n<p>Aquests controls peri\u00f2dics s\u00f3n importants perqu\u00e8 permeten detectar i tractar de manera preco\u00e7 qualsevol problema dental, evitant complicacions futures. A m\u00e9s, promovem h\u00e0bits saludables entre els estudiants, ensenyant-los a realitzar una correcta higiene bucal i a entendre l&#8217;impacte que t\u00e9 en la seva salut general.<\/p>\n<p>En el cas dels alumnes de primer, \u00e9s especialment important iniciar-los en aquests controls odontol\u00f2gics perqu\u00e8 puguin adquirir el costum de visitar regularment el dentista i seguir les recomanacions per mantenir una boca sana. L&#8217;educaci\u00f3 en salut dental \u00e9s fonamental des de les primeres etapes de la vida per a prevenir problemes futurs.<\/p>\n<p>Per als alumnes de sis\u00e8, la revisi\u00f3 bucodental \u00e9s una oportunitat per avaluar el seu creixement dental i prendre les mesures adequades per corregir qualsevol maloclusi\u00f3 o problemes relacionats amb la seva dentadura permanent.<\/p>\n<p>Des del nostre col\u00b7legi, volem assegurar-nos que els nostres alumnes tinguin tots els recursos necessaris per a una salut oral \u00f2ptima. Per aix\u00f2, organitzem regularment activitats com les revisions bucodentals perqu\u00e8 puguin rebre l&#8217;atenci\u00f3 adequada i obtenir informaci\u00f3 valuosa sobre la seva higiene bucal.<\/p>\n<p>Recordem als pares i tutors la import\u00e0ncia de fer un seguiment adequat de les revisions bucodentals dels seus fills, aix\u00ed com de mantenir uns h\u00e0bits saludables a casa. Una bona higiene oral, combinada amb visites regulars al dentista, \u00e9s clau per a una boca sana i un somriure radiant.<\/p>\n<p>Estem emocionats per aquesta jornada de revisions bucodentals i esperem que sigui una experi\u00e8ncia positiva per a tots els alumnes. Gr\u00e0cies per la vostra col\u00b7laboraci\u00f3 en aquesta iniciativa per promoure la salut dental al nostre col\u00b7legi.<\/p>\n<p><a href=\"https:\/\/agora.xtec.cat\/ceip-enric-granados\/wp-content\/uploads\/usu843\/2023\/10\/FOTO-DENTISTA-scaled.jpg\"><img loading=\"lazy\" decoding=\"async\" class=\"size-medium wp-image-6817 aligncenter\" src=\"https:\/\/agora.xtec.cat\/ceip-enric-granados\/wp-content\/uploads\/usu843\/2023\/10\/FOTO-DENTISTA-300x200.jpg\" alt=\"\" width=\"300\" height=\"200\" srcset=\"https:\/\/agora.xtec.cat\/ceip-enric-granados\/wp-content\/uploads\/usu843\/2023\/10\/FOTO-DENTISTA-300x200.jpg 300w, https:\/\/agora.xtec.cat\/ceip-enric-granados\/wp-content\/uploads\/usu843\/2023\/10\/FOTO-DENTISTA-1024x683.jpg 1024w, https:\/\/agora.xtec.cat\/ceip-enric-granados\/wp-content\/uploads\/usu843\/2023\/10\/FOTO-DENTISTA-768x512.jpg 768w, https:\/\/agora.xtec.cat\/ceip-enric-granados\/wp-content\/uploads\/usu843\/2023\/10\/FOTO-DENTISTA-1536x1024.jpg 1536w, https:\/\/agora.xtec.cat\/ceip-enric-granados\/wp-content\/uploads\/usu843\/2023\/10\/FOTO-DENTISTA-2048x1365.jpg 2048w\" sizes=\"auto, (max-width: 300px) 100vw, 300px\" \/><\/a><\/p>\n","protected":false},"excerpt":{"rendered":"<p>Avui \u00e9s un dia especial a la nostra escola, ja que estem realitzant revisions bucodentals per als alumnes d\u2019I4, primer i sis\u00e8 d&#8217;educaci\u00f3 prim\u00e0ria. Aquesta activitat \u00e9s una oportunitat important per cuidar la salut dental dels nostres alumnes i educar-los sobre la import\u00e0ncia de la higiene bucal. Durant les revisions bucodentals, cada alumne tindr\u00e0 l&#8217;oportunitat [&hellip;]<\/p>\n","protected":false},"author":1,"featured_media":0,"comment_status":"open","ping_status":"closed","sticky":false,"template":"","format":"standard","meta":{"_bbp_topic_count":0,"_bbp_reply_count":0,"_bbp_total_topic_count":0,"_bbp_total_reply_count":0,"_bbp_voice_count":0,"_bbp_anonymous_reply_count":0,"_bbp_topic_count_hidden":0,"_bbp_reply_count_hidden":0,"_bbp_forum_subforum_count":0,"site-sidebar-layout":"default","site-content-layout":"","ast-site-content-layout":"","site-content-style":"default","site-sidebar-style":"default","ast-global-header-display":"","ast-banner-title-visibility":"","ast-main-header-display":"","ast-hfb-above-header-display":"","ast-hfb-below-header-display":"","ast-hfb-mobile-header-display":"","site-post-title":"","ast-breadcrumbs-content":"","ast-featured-img":"","footer-sml-layout":"","theme-transparent-header-meta":"","adv-header-id-meta":"","stick-header-meta":"","header-above-stick-meta":"","header-main-stick-meta":"","header-below-stick-meta":"","astra-migrate-meta-layouts":"default","ast-page-background-enabled":"default","ast-page-background-meta":{"desktop":{"background-color":"var(--ast-global-color-4)","background-image":"","background-repeat":"repeat","background-position":"center center","background-size":"auto","background-attachment":"scroll","background-type":"","background-media":"","overlay-type":"","overlay-color":"","overlay-opacity":"","overlay-gradient":""},"tablet":{"background-color":"","background-image":"","background-repeat":"repeat","background-position":"center center","background-size":"auto","background-attachment":"scroll","background-type":"","background-media":"","overlay-type":"","overlay-color":"","overlay-opacity":"","overlay-gradient":""},"mobile":{"background-color":"","background-image":"","background-repeat":"repeat","background-position":"center center","background-size":"auto","background-attachment":"scroll","background-type":"","background-media":"","overlay-type":"","overlay-color":"","overlay-opacity":"","overlay-gradient":""}},"ast-content-background-meta":{"desktop":{"background-color":"var(--ast-global-color-5)","background-image":"","background-repeat":"repeat","background-position":"center center","background-size":"auto","background-attachment":"scroll","background-type":"","background-media":"","overlay-type":"","overlay-color":"","overlay-opacity":"","overlay-gradient":""},"tablet":{"background-color":"var(--ast-global-color-5)","background-image":"","background-repeat":"repeat","background-position":"center center","background-size":"auto","background-attachment":"scroll","background-type":"","background-media":"","overlay-type":"","overlay-color":"","overlay-opacity":"","overlay-gradient":""},"mobile":{"background-color":"var(--ast-global-color-5)","background-image":"","background-repeat":"repeat","background-position":"center center","background-size":"auto","background-attachment":"scroll","background-type":"","background-media":"","overlay-type":"","overlay-color":"","overlay-opacity":"","overlay-gradient":""}},"footnotes":""},"categories":[1,4],"tags":[],"class_list":["post-6816","post","type-post","status-publish","format-standard","hentry","category-general","category-portada"],"post_mailing_queue_ids":[],"_links":{"self":[{"href":"https:\/\/agora.xtec.cat\/ceip-enric-granados\/wp-json\/wp\/v2\/posts\/6816","targetHints":{"allow":["GET"]}}],"collection":[{"href":"https:\/\/agora.xtec.cat\/ceip-enric-granados\/wp-json\/wp\/v2\/posts"}],"about":[{"href":"https:\/\/agora.xtec.cat\/ceip-enric-granados\/wp-json\/wp\/v2\/types\/post"}],"author":[{"embeddable":true,"href":"https:\/\/agora.xtec.cat\/ceip-enric-granados\/wp-json\/wp\/v2\/users\/1"}],"replies":[{"embeddable":true,"href":"https:\/\/agora.xtec.cat\/ceip-enric-granados\/wp-json\/wp\/v2\/comments?post=6816"}],"version-history":[{"count":1,"href":"https:\/\/agora.xtec.cat\/ceip-enric-granados\/wp-json\/wp\/v2\/posts\/6816\/revisions"}],"predecessor-version":[{"id":6818,"href":"https:\/\/agora.xtec.cat\/ceip-enric-granados\/wp-json\/wp\/v2\/posts\/6816\/revisions\/6818"}],"wp:attachment":[{"href":"https:\/\/agora.xtec.cat\/ceip-enric-granados\/wp-json\/wp\/v2\/media?parent=6816"}],"wp:term":[{"taxonomy":"category","embeddable":true,"href":"https:\/\/agora.xtec.cat\/ceip-enric-granados\/wp-json\/wp\/v2\/categories?post=6816"},{"taxonomy":"post_tag","embeddable":true,"href":"https:\/\/agora.xtec.cat\/ceip-enric-granados\/wp-json\/wp\/v2\/tags?post=6816"}],"curies":[{"name":"wp","href":"https:\/\/api.w.org\/{rel}","templated":true}]}}