{"id":666,"date":"2016-11-04T10:51:20","date_gmt":"2016-11-04T09:51:20","guid":{"rendered":"http:\/\/agora.xtec.cat\/ceip-enric-granados\/?p=666"},"modified":"2016-11-04T10:56:39","modified_gmt":"2016-11-04T09:56:39","slug":"eleccions-al-consell-escolar","status":"publish","type":"post","link":"https:\/\/agora.xtec.cat\/ceip-enric-granados\/general\/eleccions-al-consell-escolar\/","title":{"rendered":"Eleccions al Consell Escolar"},"content":{"rendered":"<p>Durant els mesos de novembre i desembre es dur\u00e0 a terme el proc\u00e9s de renovaci\u00f3 del 50% dels membres del Consell Escolar . Recordeu que el Consell Escolar \u00e9s l\u2019\u00f2rgan de participaci\u00f3 dels pares, mares o tutors legals dels alumnes,\u00a0 en el funcionament i govern de l\u2019escola.<\/p>\n<table style=\"border-color: #030303; background-color: #f2e474;\">\n<tbody>\n<tr>\n<td><\/td>\n<td><strong>Dilluns<\/strong><\/td>\n<td><strong>Dimarts<\/strong><\/td>\n<td><strong>Dimecres<\/strong><\/td>\n<td><strong>Dijous<\/strong><\/td>\n<td><strong>Divendres<\/strong><\/td>\n<\/tr>\n<tr>\n<td><strong>Novembre<\/strong><\/td>\n<td><strong>7<\/strong><\/td>\n<td><strong>8<\/strong><\/td>\n<td><strong>9<\/strong><\/td>\n<td><strong>10<\/strong><\/td>\n<td><strong>11<\/strong><\/td>\n<\/tr>\n<tr>\n<td><\/td>\n<td>-Inici proc\u00e9s electoral<\/p>\n<p>-Exposici\u00f3 Censos electorals<\/p>\n<p>-Publicaci\u00f3 del nombre de representants que s\u2019ha de renovar de cada sector<\/p>\n<p>-Inici termini presentaci\u00f3 candidatures<\/p>\n<p>-Sorteig vocals Meses electorals<\/td>\n<td>-Inici Reclamaci\u00f3 Censos electorals<\/td>\n<td><\/td>\n<td><\/td>\n<td>-Constituci\u00f3 Meses Electorals<\/p>\n<p>-Resoluci\u00f3 reclamacions i aprovaci\u00f3 cens electoral<\/td>\n<\/tr>\n<tr>\n<td><\/td>\n<td><strong>14<\/strong><\/td>\n<td><strong>15<\/strong><\/td>\n<td><strong>16<\/strong><\/td>\n<td><strong>17<\/strong><\/td>\n<td><strong>18<\/strong><\/td>\n<\/tr>\n<tr>\n<td><\/td>\n<td>-Publicaci\u00f3 Cens definitiu<\/p>\n<p>-Final termini presentaci\u00f3 candidatures<\/td>\n<td>-Validaci\u00f3 candidatures<\/td>\n<td>-Proclamaci\u00f3 i publicaci\u00f3 candidatures<\/td>\n<td><\/td>\n<td><\/td>\n<\/tr>\n<tr>\n<td><\/td>\n<td><strong>21<\/strong><\/td>\n<td><strong>22<\/strong><\/td>\n<td><strong>23<\/strong><\/td>\n<td><strong>24<\/strong><\/td>\n<td><strong>25<\/strong><\/td>\n<\/tr>\n<tr>\n<td><\/td>\n<td><\/td>\n<td><\/td>\n<td><\/td>\n<td><\/td>\n<td><\/td>\n<\/tr>\n<tr>\n<td><\/td>\n<td><strong>28<\/strong><\/td>\n<td><strong>29<\/strong><\/td>\n<td><strong>30<\/strong><\/td>\n<td><strong>1<\/strong><\/td>\n<td><strong>2<\/strong><\/td>\n<\/tr>\n<tr>\n<td><\/td>\n<td>-Eleccions Sector Professorat i PAS<\/p>\n<p>-Proclamaci\u00f3 resultats<\/td>\n<td><\/td>\n<td><\/td>\n<td><strong>&#8211;<\/strong> Eleccions sector Pares i Mares<\/p>\n<p>-Proclamaci\u00f3 resultats<\/td>\n<td><\/td>\n<\/tr>\n<tr>\n<td>\u00a0<strong>Desembre<\/strong><\/td>\n<td><strong>5<\/strong><\/td>\n<td><strong>6<\/strong><\/td>\n<td><strong>7<\/strong><\/td>\n<td><strong>8<\/strong><\/td>\n<td><strong>9<\/strong><\/td>\n<\/tr>\n<tr>\n<td><\/td>\n<td><\/td>\n<td><\/td>\n<td><\/td>\n<td><\/td>\n<td><\/td>\n<\/tr>\n<tr>\n<td><\/td>\n<td><strong>12<\/strong><\/td>\n<td><strong>13<\/strong><\/td>\n<td><strong>14<\/strong><\/td>\n<td><strong>15<\/strong><\/td>\n<td><strong>16<\/strong><\/td>\n<\/tr>\n<tr>\n<td><\/td>\n<td><\/td>\n<td><\/td>\n<td>-Constituci\u00f3 nou Consell escolar<\/td>\n<td><\/td>\n<td><\/td>\n<\/tr>\n<\/tbody>\n<\/table>\n","protected":false},"excerpt":{"rendered":"<p>Durant els mesos de novembre i desembre es dur\u00e0 a terme el proc\u00e9s de renovaci\u00f3 del 50% dels membres del Consell Escolar . Recordeu que el Consell Escolar \u00e9s l\u2019\u00f2rgan de participaci\u00f3 dels pares, mares o tutors legals dels alumnes,  en el funcionament i govern de l\u2019escola .<\/p>\n","protected":false},"author":1,"featured_media":0,"comment_status":"open","ping_status":"open","sticky":false,"template":"","format":"standard","meta":{"_bbp_topic_count":0,"_bbp_reply_count":0,"_bbp_total_topic_count":0,"_bbp_total_reply_count":0,"_bbp_voice_count":0,"_bbp_anonymous_reply_count":0,"_bbp_topic_count_hidden":0,"_bbp_reply_count_hidden":0,"_bbp_forum_subforum_count":0,"site-sidebar-layout":"default","site-content-layout":"","ast-site-content-layout":"","site-content-style":"default","site-sidebar-style":"default","ast-global-header-display":"","ast-banner-title-visibility":"","ast-main-header-display":"","ast-hfb-above-header-display":"","ast-hfb-below-header-display":"","ast-hfb-mobile-header-display":"","site-post-title":"","ast-breadcrumbs-content":"","ast-featured-img":"","footer-sml-layout":"","theme-transparent-header-meta":"","adv-header-id-meta":"","stick-header-meta":"","header-above-stick-meta":"","header-main-stick-meta":"","header-below-stick-meta":"","astra-migrate-meta-layouts":"default","ast-page-background-enabled":"default","ast-page-background-meta":{"desktop":{"background-color":"var(--ast-global-color-4)","background-image":"","background-repeat":"repeat","background-position":"center center","background-size":"auto","background-attachment":"scroll","background-type":"","background-media":"","overlay-type":"","overlay-color":"","overlay-opacity":"","overlay-gradient":""},"tablet":{"background-color":"","background-image":"","background-repeat":"repeat","background-position":"center center","background-size":"auto","background-attachment":"scroll","background-type":"","background-media":"","overlay-type":"","overlay-color":"","overlay-opacity":"","overlay-gradient":""},"mobile":{"background-color":"","background-image":"","background-repeat":"repeat","background-position":"center center","background-size":"auto","background-attachment":"scroll","background-type":"","background-media":"","overlay-type":"","overlay-color":"","overlay-opacity":"","overlay-gradient":""}},"ast-content-background-meta":{"desktop":{"background-color":"var(--ast-global-color-5)","background-image":"","background-repeat":"repeat","background-position":"center center","background-size":"auto","background-attachment":"scroll","background-type":"","background-media":"","overlay-type":"","overlay-color":"","overlay-opacity":"","overlay-gradient":""},"tablet":{"background-color":"var(--ast-global-color-5)","background-image":"","background-repeat":"repeat","background-position":"center center","background-size":"auto","background-attachment":"scroll","background-type":"","background-media":"","overlay-type":"","overlay-color":"","overlay-opacity":"","overlay-gradient":""},"mobile":{"background-color":"var(--ast-global-color-5)","background-image":"","background-repeat":"repeat","background-position":"center center","background-size":"auto","background-attachment":"scroll","background-type":"","background-media":"","overlay-type":"","overlay-color":"","overlay-opacity":"","overlay-gradient":""}},"footnotes":""},"categories":[1,4],"tags":[102,103,101],"class_list":["post-666","post","type-post","status-publish","format-standard","hentry","category-general","category-portada","tag-comunitat-educativa","tag-consell-escolar","tag-participacio"],"post_mailing_queue_ids":[],"_links":{"self":[{"href":"https:\/\/agora.xtec.cat\/ceip-enric-granados\/wp-json\/wp\/v2\/posts\/666","targetHints":{"allow":["GET"]}}],"collection":[{"href":"https:\/\/agora.xtec.cat\/ceip-enric-granados\/wp-json\/wp\/v2\/posts"}],"about":[{"href":"https:\/\/agora.xtec.cat\/ceip-enric-granados\/wp-json\/wp\/v2\/types\/post"}],"author":[{"embeddable":true,"href":"https:\/\/agora.xtec.cat\/ceip-enric-granados\/wp-json\/wp\/v2\/users\/1"}],"replies":[{"embeddable":true,"href":"https:\/\/agora.xtec.cat\/ceip-enric-granados\/wp-json\/wp\/v2\/comments?post=666"}],"version-history":[{"count":2,"href":"https:\/\/agora.xtec.cat\/ceip-enric-granados\/wp-json\/wp\/v2\/posts\/666\/revisions"}],"predecessor-version":[{"id":668,"href":"https:\/\/agora.xtec.cat\/ceip-enric-granados\/wp-json\/wp\/v2\/posts\/666\/revisions\/668"}],"wp:attachment":[{"href":"https:\/\/agora.xtec.cat\/ceip-enric-granados\/wp-json\/wp\/v2\/media?parent=666"}],"wp:term":[{"taxonomy":"category","embeddable":true,"href":"https:\/\/agora.xtec.cat\/ceip-enric-granados\/wp-json\/wp\/v2\/categories?post=666"},{"taxonomy":"post_tag","embeddable":true,"href":"https:\/\/agora.xtec.cat\/ceip-enric-granados\/wp-json\/wp\/v2\/tags?post=666"}],"curies":[{"name":"wp","href":"https:\/\/api.w.org\/{rel}","templated":true}]}}