{"id":6477,"date":"2022-02-24T16:02:00","date_gmt":"2022-02-24T15:02:00","guid":{"rendered":"https:\/\/agora.xtec.cat\/ceip-enric-granados\/?p=6477"},"modified":"2022-02-24T16:02:00","modified_gmt":"2022-02-24T15:02:00","slug":"cantania-2022-clara-lart-per-dins","status":"publish","type":"post","link":"https:\/\/agora.xtec.cat\/ceip-enric-granados\/musica\/cantania-2022-clara-lart-per-dins\/","title":{"rendered":"CANT\u00c0NIA 2022: CLARA, L&#8217;ART PER DINS!"},"content":{"rendered":"<p style=\"text-align: left;\"><strong><img loading=\"lazy\" decoding=\"async\" class=\"alignleft\" src=\"http:\/\/blocs.xtec.cat\/bondiaambmelodia\/files\/2022\/01\/Captura-de-pantalla-2022-01-09-a-les-17.36.15-1024x890.png\" alt=\"CANT\u00c0NIA 2022 \u201cCLARA, L'ART PER DINS\u201d | BON DIA AMB MELODIA\" width=\"366\" height=\"318\" \/><\/strong><\/p>\n<p style=\"text-align: left;\"><strong>CANT\u00c0NIA 2022: CLARA, L&#8217;ART PER DINS.<\/strong><\/p>\n<p style=\"font-family: 'Helvetica Neue', Helvetica, Helvetica, Arial, sans-serif; font-size: 16px;\">Aquest \u00e9s l\u2019espai de la Cant\u00e0nia 2022.<\/p>\n<p>SINOPSI:<\/p>\n<p style=\"font-family: 'Helvetica Neue', Helvetica, Helvetica, Arial, sans-serif; font-size: 16px;\">&#8220;Despr\u00e9s de passar quinze dies a casa la seva \u00e0via Blanca \u2014dues setmanes fant\u00e0stiques en qu\u00e8 s\u2019ho han passat la mar de b\u00e9 fent tota mena de coses\u2014, la Clara espera avorrida que la seva mare la vingui a buscar. Per\u00f2 abans, totes dues tindran temps de viure una altra perip\u00e8cia. A les golfes l\u2019\u00e0via Blanca hi t\u00e9 guardat un marc enorme sense cap quadre, i proposa a la seva neta que travessin el marc\u2026 D\u2019aquesta manera, la Clara i la Blanca comen\u00e7aran una \u00faltima aventura, aquesta vegada dins de les obres d\u2019art, un m\u00f3n m\u00e0gic i meravell\u00f3s on s\u2019alteren les dist\u00e0ncies i el temps corre a una altra velocitat.&#8221;<\/p>\n<p>&nbsp;<\/p>\n<p>Podeu escoltar les can\u00e7ons aqu\u00ed: <a href=\"https:\/\/auditoridigital.cat\/album\/cantania-2022-clara-lart-per-dins\/\">https:\/\/auditoridigital.cat\/album\/cantania-2022-clara-lart-per-dins\/<\/a><\/p>\n","protected":false},"excerpt":{"rendered":"<p>CANT\u00c0NIA 2022: CLARA, L&#8217;ART PER DINS. Aquest \u00e9s l\u2019espai de la Cant\u00e0nia 2022. SINOPSI: &#8220;Despr\u00e9s de passar quinze dies a casa la seva \u00e0via Blanca \u2014dues setmanes fant\u00e0stiques en qu\u00e8 s\u2019ho han passat la mar de b\u00e9 fent tota mena de coses\u2014, la Clara espera avorrida que la seva mare la vingui a buscar. Per\u00f2 [&hellip;]<\/p>\n","protected":false},"author":131,"featured_media":0,"comment_status":"open","ping_status":"closed","sticky":false,"template":"","format":"standard","meta":{"_bbp_topic_count":0,"_bbp_reply_count":0,"_bbp_total_topic_count":0,"_bbp_total_reply_count":0,"_bbp_voice_count":0,"_bbp_anonymous_reply_count":0,"_bbp_topic_count_hidden":0,"_bbp_reply_count_hidden":0,"_bbp_forum_subforum_count":0,"site-sidebar-layout":"default","site-content-layout":"","ast-site-content-layout":"","site-content-style":"default","site-sidebar-style":"default","ast-global-header-display":"","ast-banner-title-visibility":"","ast-main-header-display":"","ast-hfb-above-header-display":"","ast-hfb-below-header-display":"","ast-hfb-mobile-header-display":"","site-post-title":"","ast-breadcrumbs-content":"","ast-featured-img":"","footer-sml-layout":"","theme-transparent-header-meta":"","adv-header-id-meta":"","stick-header-meta":"","header-above-stick-meta":"","header-main-stick-meta":"","header-below-stick-meta":"","astra-migrate-meta-layouts":"default","ast-page-background-enabled":"default","ast-page-background-meta":{"desktop":{"background-color":"var(--ast-global-color-4)","background-image":"","background-repeat":"repeat","background-position":"center center","background-size":"auto","background-attachment":"scroll","background-type":"","background-media":"","overlay-type":"","overlay-color":"","overlay-opacity":"","overlay-gradient":""},"tablet":{"background-color":"","background-image":"","background-repeat":"repeat","background-position":"center center","background-size":"auto","background-attachment":"scroll","background-type":"","background-media":"","overlay-type":"","overlay-color":"","overlay-opacity":"","overlay-gradient":""},"mobile":{"background-color":"","background-image":"","background-repeat":"repeat","background-position":"center center","background-size":"auto","background-attachment":"scroll","background-type":"","background-media":"","overlay-type":"","overlay-color":"","overlay-opacity":"","overlay-gradient":""}},"ast-content-background-meta":{"desktop":{"background-color":"var(--ast-global-color-5)","background-image":"","background-repeat":"repeat","background-position":"center center","background-size":"auto","background-attachment":"scroll","background-type":"","background-media":"","overlay-type":"","overlay-color":"","overlay-opacity":"","overlay-gradient":""},"tablet":{"background-color":"var(--ast-global-color-5)","background-image":"","background-repeat":"repeat","background-position":"center center","background-size":"auto","background-attachment":"scroll","background-type":"","background-media":"","overlay-type":"","overlay-color":"","overlay-opacity":"","overlay-gradient":""},"mobile":{"background-color":"var(--ast-global-color-5)","background-image":"","background-repeat":"repeat","background-position":"center center","background-size":"auto","background-attachment":"scroll","background-type":"","background-media":"","overlay-type":"","overlay-color":"","overlay-opacity":"","overlay-gradient":""}},"footnotes":""},"categories":[226,28],"tags":[],"class_list":["post-6477","post","type-post","status-publish","format-standard","hentry","category-cantania","category-musica"],"post_mailing_queue_ids":[],"_links":{"self":[{"href":"https:\/\/agora.xtec.cat\/ceip-enric-granados\/wp-json\/wp\/v2\/posts\/6477","targetHints":{"allow":["GET"]}}],"collection":[{"href":"https:\/\/agora.xtec.cat\/ceip-enric-granados\/wp-json\/wp\/v2\/posts"}],"about":[{"href":"https:\/\/agora.xtec.cat\/ceip-enric-granados\/wp-json\/wp\/v2\/types\/post"}],"author":[{"embeddable":true,"href":"https:\/\/agora.xtec.cat\/ceip-enric-granados\/wp-json\/wp\/v2\/users\/131"}],"replies":[{"embeddable":true,"href":"https:\/\/agora.xtec.cat\/ceip-enric-granados\/wp-json\/wp\/v2\/comments?post=6477"}],"version-history":[{"count":2,"href":"https:\/\/agora.xtec.cat\/ceip-enric-granados\/wp-json\/wp\/v2\/posts\/6477\/revisions"}],"predecessor-version":[{"id":6479,"href":"https:\/\/agora.xtec.cat\/ceip-enric-granados\/wp-json\/wp\/v2\/posts\/6477\/revisions\/6479"}],"wp:attachment":[{"href":"https:\/\/agora.xtec.cat\/ceip-enric-granados\/wp-json\/wp\/v2\/media?parent=6477"}],"wp:term":[{"taxonomy":"category","embeddable":true,"href":"https:\/\/agora.xtec.cat\/ceip-enric-granados\/wp-json\/wp\/v2\/categories?post=6477"},{"taxonomy":"post_tag","embeddable":true,"href":"https:\/\/agora.xtec.cat\/ceip-enric-granados\/wp-json\/wp\/v2\/tags?post=6477"}],"curies":[{"name":"wp","href":"https:\/\/api.w.org\/{rel}","templated":true}]}}