{"id":6189,"date":"2021-03-10T12:04:28","date_gmt":"2021-03-10T11:04:28","guid":{"rendered":"http:\/\/agora.xtec.cat\/ceip-enric-granados\/?p=6189"},"modified":"2021-04-06T10:10:14","modified_gmt":"2021-04-06T08:10:14","slug":"ama-ama-y-ensancha-el-alma","status":"publish","type":"post","link":"https:\/\/agora.xtec.cat\/ceip-enric-granados\/general\/ama-ama-y-ensancha-el-alma\/","title":{"rendered":"\u00a1Ama, ama y ensancha el alma!"},"content":{"rendered":"<h4>Bon dia!!<\/h4>\n<h4>Us comparteixo un v\u00eddeo d&#8217;una versi\u00f3 que hem fet de la can\u00e7\u00f3 <em>&#8220;Ama y ensancha el alma&#8221;<\/em> de la banda de rock Extremoduro amb el grup de 6\u00e8\ud83c\udfb8\ud83c\udfb6<\/h4>\n<div class=\"ast-oembed-container \" style=\"height: 100%;\"><iframe loading=\"lazy\" title=\"Ama y ensancha el alma\" width=\"500\" height=\"281\" src=\"https:\/\/www.youtube.com\/embed\/hKAuYefXR2Q?feature=oembed\" frameborder=\"0\" allow=\"accelerometer; autoplay; clipboard-write; encrypted-media; gyroscope; picture-in-picture; web-share\" referrerpolicy=\"strict-origin-when-cross-origin\" allowfullscreen><\/iframe><\/div>\n<h4>Us deixo tamb\u00e9 la lletra de la can\u00e7\u00f3:<\/h4>\n<h4 class=\"ujudUb\">&#8220;Quisiera que mi voz fuera tan fuerte<br \/>\nque a veces retumbaran las monta\u00f1as<br \/>\ny escuch\u00e1rais las mentes-social-adormecidas<br \/>\nlas palabras de amor de mi garganta.<\/h4>\n<h4 class=\"ujudUb\">Abrid los brazos, la mente y repart\u00edos<br \/>\nque s\u00f3lo os ense\u00f1aron el odio y la avar\u00edcia.<br \/>\nYo quiero que todos como hermanos<br \/>\nrepartamos amores, l\u00e1grimas y sonrisas.<\/h4>\n<h4 class=\"ujudUb\">De peque\u00f1o me impusieron las costumbres,<br \/>\nme educaron para hombre adinerado.<br \/>\nPero ahora prefiero ser un indio<br \/>\nque un importante abogado.<\/h4>\n<h4 class=\"ujudUb\">Hay que dejar el camino social alquitranado<br \/>\nporque en \u00e9l se nos queda pegada la pezu\u00f1a<br \/>\nhay que volar, libre al sol y al viento,<br \/>\nrepartiendo el amor que tengas dentro.&#8221;<\/h4>\n<h3><\/h3>\n<h3>Destigem que us agradi molt!!<\/h3>\n<h3>Una abra\u00e7ada!!<\/h3>\n","protected":false},"excerpt":{"rendered":"<p>Bon dia!! Us comparteixo un v\u00eddeo d&#8217;una versi\u00f3 que hem fet de la can\u00e7\u00f3 &#8220;Ama y ensancha el alma&#8221; de la banda de rock Extremoduro amb el grup de 6\u00e8\ud83c\udfb8\ud83c\udfb6 Us deixo tamb\u00e9 la lletra de la can\u00e7\u00f3: &#8220;Quisiera que mi voz fuera tan fuerte que a veces retumbaran las monta\u00f1as y escuch\u00e1rais las mentes-social-adormecidas [&hellip;]<\/p>\n","protected":false},"author":131,"featured_media":6193,"comment_status":"open","ping_status":"closed","sticky":false,"template":"","format":"standard","meta":{"_bbp_topic_count":0,"_bbp_reply_count":0,"_bbp_total_topic_count":0,"_bbp_total_reply_count":0,"_bbp_voice_count":0,"_bbp_anonymous_reply_count":0,"_bbp_topic_count_hidden":0,"_bbp_reply_count_hidden":0,"_bbp_forum_subforum_count":0,"site-sidebar-layout":"default","site-content-layout":"","ast-site-content-layout":"","site-content-style":"default","site-sidebar-style":"default","ast-global-header-display":"","ast-banner-title-visibility":"","ast-main-header-display":"","ast-hfb-above-header-display":"","ast-hfb-below-header-display":"","ast-hfb-mobile-header-display":"","site-post-title":"","ast-breadcrumbs-content":"","ast-featured-img":"","footer-sml-layout":"","theme-transparent-header-meta":"","adv-header-id-meta":"","stick-header-meta":"","header-above-stick-meta":"","header-main-stick-meta":"","header-below-stick-meta":"","astra-migrate-meta-layouts":"default","ast-page-background-enabled":"default","ast-page-background-meta":{"desktop":{"background-color":"var(--ast-global-color-4)","background-image":"","background-repeat":"repeat","background-position":"center center","background-size":"auto","background-attachment":"scroll","background-type":"","background-media":"","overlay-type":"","overlay-color":"","overlay-opacity":"","overlay-gradient":""},"tablet":{"background-color":"","background-image":"","background-repeat":"repeat","background-position":"center center","background-size":"auto","background-attachment":"scroll","background-type":"","background-media":"","overlay-type":"","overlay-color":"","overlay-opacity":"","overlay-gradient":""},"mobile":{"background-color":"","background-image":"","background-repeat":"repeat","background-position":"center center","background-size":"auto","background-attachment":"scroll","background-type":"","background-media":"","overlay-type":"","overlay-color":"","overlay-opacity":"","overlay-gradient":""}},"ast-content-background-meta":{"desktop":{"background-color":"var(--ast-global-color-5)","background-image":"","background-repeat":"repeat","background-position":"center center","background-size":"auto","background-attachment":"scroll","background-type":"","background-media":"","overlay-type":"","overlay-color":"","overlay-opacity":"","overlay-gradient":""},"tablet":{"background-color":"var(--ast-global-color-5)","background-image":"","background-repeat":"repeat","background-position":"center center","background-size":"auto","background-attachment":"scroll","background-type":"","background-media":"","overlay-type":"","overlay-color":"","overlay-opacity":"","overlay-gradient":""},"mobile":{"background-color":"var(--ast-global-color-5)","background-image":"","background-repeat":"repeat","background-position":"center center","background-size":"auto","background-attachment":"scroll","background-type":"","background-media":"","overlay-type":"","overlay-color":"","overlay-opacity":"","overlay-gradient":""}},"footnotes":""},"categories":[36,1,28,4,413],"tags":[],"class_list":["post-6189","post","type-post","status-publish","format-standard","has-post-thumbnail","hentry","category-cicle-superior","category-general","category-musica","category-portada","category-rebost-fotos-2020-2021"],"post_mailing_queue_ids":[],"_links":{"self":[{"href":"https:\/\/agora.xtec.cat\/ceip-enric-granados\/wp-json\/wp\/v2\/posts\/6189","targetHints":{"allow":["GET"]}}],"collection":[{"href":"https:\/\/agora.xtec.cat\/ceip-enric-granados\/wp-json\/wp\/v2\/posts"}],"about":[{"href":"https:\/\/agora.xtec.cat\/ceip-enric-granados\/wp-json\/wp\/v2\/types\/post"}],"author":[{"embeddable":true,"href":"https:\/\/agora.xtec.cat\/ceip-enric-granados\/wp-json\/wp\/v2\/users\/131"}],"replies":[{"embeddable":true,"href":"https:\/\/agora.xtec.cat\/ceip-enric-granados\/wp-json\/wp\/v2\/comments?post=6189"}],"version-history":[{"count":3,"href":"https:\/\/agora.xtec.cat\/ceip-enric-granados\/wp-json\/wp\/v2\/posts\/6189\/revisions"}],"predecessor-version":[{"id":6192,"href":"https:\/\/agora.xtec.cat\/ceip-enric-granados\/wp-json\/wp\/v2\/posts\/6189\/revisions\/6192"}],"wp:featuredmedia":[{"embeddable":true,"href":"https:\/\/agora.xtec.cat\/ceip-enric-granados\/wp-json\/wp\/v2\/media\/6193"}],"wp:attachment":[{"href":"https:\/\/agora.xtec.cat\/ceip-enric-granados\/wp-json\/wp\/v2\/media?parent=6189"}],"wp:term":[{"taxonomy":"category","embeddable":true,"href":"https:\/\/agora.xtec.cat\/ceip-enric-granados\/wp-json\/wp\/v2\/categories?post=6189"},{"taxonomy":"post_tag","embeddable":true,"href":"https:\/\/agora.xtec.cat\/ceip-enric-granados\/wp-json\/wp\/v2\/tags?post=6189"}],"curies":[{"name":"wp","href":"https:\/\/api.w.org\/{rel}","templated":true}]}}