{"id":5900,"date":"2020-12-18T09:35:15","date_gmt":"2020-12-18T08:35:15","guid":{"rendered":"http:\/\/agora.xtec.cat\/ceip-enric-granados\/?p=5900"},"modified":"2020-12-18T09:36:19","modified_gmt":"2020-12-18T08:36:19","slug":"concert-de-nadal-virtual-2020","status":"publish","type":"post","link":"https:\/\/agora.xtec.cat\/ceip-enric-granados\/portada\/concert-de-nadal-virtual-2020\/","title":{"rendered":"CONCERT DE NADAL VIRTUAL 2020!!"},"content":{"rendered":"<div class=\"ast-oembed-container \" style=\"height: 100%;\"><iframe loading=\"lazy\" title=\"Concert de Nadal 2020\" width=\"500\" height=\"281\" src=\"https:\/\/www.youtube.com\/embed\/Xo9LHvBJCVA?feature=oembed\" frameborder=\"0\" allow=\"accelerometer; autoplay; clipboard-write; encrypted-media; gyroscope; picture-in-picture; web-share\" referrerpolicy=\"strict-origin-when-cross-origin\" allowfullscreen><\/iframe><\/div>\n<p>Benvolgudes fam\u00edlies!<\/p>\n<p>Com ja sabeu aquest any no hem pogut celebrar el nostre tradicional concert de Nadal a la sala Pepita Casanellas. Ens ha fet pena no poder realitzar-lo ni convidar-vos a veure&#8217;l ja que \u00e9s una data molt esperada per tothom i, especialment, l&#8217;alumnat s&#8217;esfor\u00e7a molt perqu\u00e8 sigui tot un \u00e8xit! Tot i aix\u00ed, hem volgut regalar-vos un concert de Nadal una mica m\u00e9s curt i en format v\u00eddeo per\u00f2 amb m\u00e9s il\u00b7lusi\u00f3 que mai i hem utilitzat dos escenaris preciosos elaborats entre tots i totes a partir de cartrons!!<\/p>\n<p>L&#8217;escola Enric Granados us desitgem Bon Nadal i un 2021 carregat d&#8217;alegries, de salut, de moments compartits amb les nostres fam\u00edlies, amics i companys, de viatges, de somriures sense mascareta&#8230;! En definitiva, un any el m\u00e9s &#8220;normal&#8221; possible!!<\/p>\n<p>Esperem que us agradi molt perqu\u00e8 l&#8217;hem fet amb tot el nostre amor!<\/p>\n<p>Ens veiem el segon trimestre amb les piles carregades!<\/p>\n<p>Moltes gr\u00e0cies! Celebrem la vida!<\/p>\n<p style=\"text-align: left;\">Escola Enric Granados.<\/p>\n<p><a href=\"https:\/\/agora.xtec.cat\/ceip-enric-granados\/wp-content\/uploads\/usu843\/2020\/12\/IMG-20201211-WA0065.jpg\"><img loading=\"lazy\" decoding=\"async\" class=\"wp-image-5901 alignleft\" src=\"https:\/\/agora.xtec.cat\/ceip-enric-granados\/wp-content\/uploads\/usu843\/2020\/12\/IMG-20201211-WA0065-1024x1024.jpg\" alt=\"\" width=\"593\" height=\"593\" srcset=\"https:\/\/agora.xtec.cat\/ceip-enric-granados\/wp-content\/uploads\/usu843\/2020\/12\/IMG-20201211-WA0065-1024x1024.jpg 1024w, https:\/\/agora.xtec.cat\/ceip-enric-granados\/wp-content\/uploads\/usu843\/2020\/12\/IMG-20201211-WA0065-150x150.jpg 150w, https:\/\/agora.xtec.cat\/ceip-enric-granados\/wp-content\/uploads\/usu843\/2020\/12\/IMG-20201211-WA0065-300x300.jpg 300w, https:\/\/agora.xtec.cat\/ceip-enric-granados\/wp-content\/uploads\/usu843\/2020\/12\/IMG-20201211-WA0065-768x768.jpg 768w, https:\/\/agora.xtec.cat\/ceip-enric-granados\/wp-content\/uploads\/usu843\/2020\/12\/IMG-20201211-WA0065.jpg 1564w\" sizes=\"auto, (max-width: 593px) 100vw, 593px\" \/><\/a><\/p>\n","protected":false},"excerpt":{"rendered":"<p>Benvolgudes fam\u00edlies! Com ja sabeu aquest any no hem pogut celebrar el nostre tradicional concert de Nadal a la sala Pepita Casanellas. Ens ha fet pena no poder realitzar-lo ni convidar-vos a veure&#8217;l ja que \u00e9s una data molt esperada per tothom i, especialment, l&#8217;alumnat s&#8217;esfor\u00e7a molt perqu\u00e8 sigui tot un \u00e8xit! Tot i aix\u00ed, [&hellip;]<\/p>\n","protected":false},"author":131,"featured_media":4615,"comment_status":"open","ping_status":"closed","sticky":false,"template":"","format":"standard","meta":{"_bbp_topic_count":0,"_bbp_reply_count":0,"_bbp_total_topic_count":0,"_bbp_total_reply_count":0,"_bbp_voice_count":0,"_bbp_anonymous_reply_count":0,"_bbp_topic_count_hidden":0,"_bbp_reply_count_hidden":0,"_bbp_forum_subforum_count":0,"site-sidebar-layout":"default","site-content-layout":"","ast-site-content-layout":"","site-content-style":"default","site-sidebar-style":"default","ast-global-header-display":"","ast-banner-title-visibility":"","ast-main-header-display":"","ast-hfb-above-header-display":"","ast-hfb-below-header-display":"","ast-hfb-mobile-header-display":"","site-post-title":"","ast-breadcrumbs-content":"","ast-featured-img":"","footer-sml-layout":"","theme-transparent-header-meta":"","adv-header-id-meta":"","stick-header-meta":"","header-above-stick-meta":"","header-main-stick-meta":"","header-below-stick-meta":"","astra-migrate-meta-layouts":"default","ast-page-background-enabled":"default","ast-page-background-meta":{"desktop":{"background-color":"var(--ast-global-color-4)","background-image":"","background-repeat":"repeat","background-position":"center center","background-size":"auto","background-attachment":"scroll","background-type":"","background-media":"","overlay-type":"","overlay-color":"","overlay-opacity":"","overlay-gradient":""},"tablet":{"background-color":"","background-image":"","background-repeat":"repeat","background-position":"center center","background-size":"auto","background-attachment":"scroll","background-type":"","background-media":"","overlay-type":"","overlay-color":"","overlay-opacity":"","overlay-gradient":""},"mobile":{"background-color":"","background-image":"","background-repeat":"repeat","background-position":"center center","background-size":"auto","background-attachment":"scroll","background-type":"","background-media":"","overlay-type":"","overlay-color":"","overlay-opacity":"","overlay-gradient":""}},"ast-content-background-meta":{"desktop":{"background-color":"var(--ast-global-color-5)","background-image":"","background-repeat":"repeat","background-position":"center center","background-size":"auto","background-attachment":"scroll","background-type":"","background-media":"","overlay-type":"","overlay-color":"","overlay-opacity":"","overlay-gradient":""},"tablet":{"background-color":"var(--ast-global-color-5)","background-image":"","background-repeat":"repeat","background-position":"center center","background-size":"auto","background-attachment":"scroll","background-type":"","background-media":"","overlay-type":"","overlay-color":"","overlay-opacity":"","overlay-gradient":""},"mobile":{"background-color":"var(--ast-global-color-5)","background-image":"","background-repeat":"repeat","background-position":"center center","background-size":"auto","background-attachment":"scroll","background-type":"","background-media":"","overlay-type":"","overlay-color":"","overlay-opacity":"","overlay-gradient":""}},"footnotes":""},"categories":[42,28,4,413],"tags":[],"class_list":["post-5900","post","type-post","status-publish","format-standard","has-post-thumbnail","hentry","category-concert-de-nadal","category-musica","category-portada","category-rebost-fotos-2020-2021"],"post_mailing_queue_ids":[],"_links":{"self":[{"href":"https:\/\/agora.xtec.cat\/ceip-enric-granados\/wp-json\/wp\/v2\/posts\/5900","targetHints":{"allow":["GET"]}}],"collection":[{"href":"https:\/\/agora.xtec.cat\/ceip-enric-granados\/wp-json\/wp\/v2\/posts"}],"about":[{"href":"https:\/\/agora.xtec.cat\/ceip-enric-granados\/wp-json\/wp\/v2\/types\/post"}],"author":[{"embeddable":true,"href":"https:\/\/agora.xtec.cat\/ceip-enric-granados\/wp-json\/wp\/v2\/users\/131"}],"replies":[{"embeddable":true,"href":"https:\/\/agora.xtec.cat\/ceip-enric-granados\/wp-json\/wp\/v2\/comments?post=5900"}],"version-history":[{"count":3,"href":"https:\/\/agora.xtec.cat\/ceip-enric-granados\/wp-json\/wp\/v2\/posts\/5900\/revisions"}],"predecessor-version":[{"id":5904,"href":"https:\/\/agora.xtec.cat\/ceip-enric-granados\/wp-json\/wp\/v2\/posts\/5900\/revisions\/5904"}],"wp:featuredmedia":[{"embeddable":true,"href":"https:\/\/agora.xtec.cat\/ceip-enric-granados\/wp-json\/wp\/v2\/media\/4615"}],"wp:attachment":[{"href":"https:\/\/agora.xtec.cat\/ceip-enric-granados\/wp-json\/wp\/v2\/media?parent=5900"}],"wp:term":[{"taxonomy":"category","embeddable":true,"href":"https:\/\/agora.xtec.cat\/ceip-enric-granados\/wp-json\/wp\/v2\/categories?post=5900"},{"taxonomy":"post_tag","embeddable":true,"href":"https:\/\/agora.xtec.cat\/ceip-enric-granados\/wp-json\/wp\/v2\/tags?post=5900"}],"curies":[{"name":"wp","href":"https:\/\/api.w.org\/{rel}","templated":true}]}}