{"id":479,"date":"2016-05-31T08:41:07","date_gmt":"2016-05-31T07:41:07","guid":{"rendered":"http:\/\/agora.xtec.cat\/ceip-enric-granados\/?p=479"},"modified":"2016-05-31T08:41:07","modified_gmt":"2016-05-31T07:41:07","slug":"com-fem-teatre-a-lescola","status":"publish","type":"post","link":"https:\/\/agora.xtec.cat\/ceip-enric-granados\/teatre\/com-fem-teatre-a-lescola\/","title":{"rendered":"Com fem teatre a l&#8217;escola"},"content":{"rendered":"<p><strong>METODOLOGIA<\/strong><br \/>\nMitjan\u00e7ant diferents jocs i exercicis, i aprofitant tots els recursos que ens ofereix l\u2019art dram\u00e0tic, treballem diferents valors com: respecte, toler\u00e0ncia, diversitat, solidaritat, no-viol\u00e8ncia, di\u00e0leg, comunicaci\u00f3, integraci\u00f3, comprensi\u00f3, treball en equip, empat\u00eda, cooperaci\u00f3, reflexi\u00f3, etc.<br \/>\nAl mateix temps els alumnes construeixen un espectacle teatral de creaci\u00f3 col\u2022lectiva, segons les seves inquietuds i interessos, que es representar\u00e0 a l\u2019escola davant de pares i alumnes.<br \/>\n<strong>OBJECTIUS<\/strong><br \/>\nTreballar l\u2019expressi\u00f3 oral.<br \/>\nDesenvolupar el treball en equip i la cooperaci\u00f3.<br \/>\nPotenciar l\u2019atenci\u00f3 i la concentraci\u00f3.<br \/>\nTreballar l\u2019autoestima.Incidir en el respecte i la responsabilitat.<br \/>\nEstablir un espai d\u2019expressi\u00f3 lliure i de creativitat.<br \/>\n<strong>CONTINGUTS<\/strong><br \/>\nEntrenament actoral.<br \/>\nExercicis de relaxaci\u00f3, veu i respiraci\u00f3.<br \/>\nImprovisaci\u00f3 teatral.<br \/>\nCreaci\u00f3 de personatges.<br \/>\nMaquillatge, vestuari, escenografia\u2026<br \/>\nJocs d\u2019escolta, coordinaci\u00f3, cooperaci\u00f3, expressi\u00f3 corporal\u2026<\/p>\n","protected":false},"excerpt":{"rendered":"<p>METODOLOGIA Mitjan\u00e7ant diferents jocs i exercicis, i aprofitant tots els recursos que ens ofereix l\u2019art dram\u00e0tic, treballem diferents valors com: respecte, toler\u00e0ncia, diversitat, solidaritat, no-viol\u00e8ncia, di\u00e0leg, comunicaci\u00f3, integraci\u00f3, comprensi\u00f3, treball en equip, empat\u00eda, cooperaci\u00f3, reflexi\u00f3, etc. Al mateix temps els alumnes construeixen un espectacle teatral de creaci\u00f3 col\u2022lectiva, segons les seves inquietuds i interessos, que [&hellip;]<\/p>\n","protected":false},"author":1,"featured_media":0,"comment_status":"open","ping_status":"open","sticky":false,"template":"","format":"standard","meta":{"_bbp_topic_count":0,"_bbp_reply_count":0,"_bbp_total_topic_count":0,"_bbp_total_reply_count":0,"_bbp_voice_count":0,"_bbp_anonymous_reply_count":0,"_bbp_topic_count_hidden":0,"_bbp_reply_count_hidden":0,"_bbp_forum_subforum_count":0,"site-sidebar-layout":"default","site-content-layout":"","ast-site-content-layout":"","site-content-style":"default","site-sidebar-style":"default","ast-global-header-display":"","ast-banner-title-visibility":"","ast-main-header-display":"","ast-hfb-above-header-display":"","ast-hfb-below-header-display":"","ast-hfb-mobile-header-display":"","site-post-title":"","ast-breadcrumbs-content":"","ast-featured-img":"","footer-sml-layout":"","theme-transparent-header-meta":"","adv-header-id-meta":"","stick-header-meta":"","header-above-stick-meta":"","header-main-stick-meta":"","header-below-stick-meta":"","astra-migrate-meta-layouts":"default","ast-page-background-enabled":"default","ast-page-background-meta":{"desktop":{"background-color":"var(--ast-global-color-4)","background-image":"","background-repeat":"repeat","background-position":"center center","background-size":"auto","background-attachment":"scroll","background-type":"","background-media":"","overlay-type":"","overlay-color":"","overlay-opacity":"","overlay-gradient":""},"tablet":{"background-color":"","background-image":"","background-repeat":"repeat","background-position":"center center","background-size":"auto","background-attachment":"scroll","background-type":"","background-media":"","overlay-type":"","overlay-color":"","overlay-opacity":"","overlay-gradient":""},"mobile":{"background-color":"","background-image":"","background-repeat":"repeat","background-position":"center center","background-size":"auto","background-attachment":"scroll","background-type":"","background-media":"","overlay-type":"","overlay-color":"","overlay-opacity":"","overlay-gradient":""}},"ast-content-background-meta":{"desktop":{"background-color":"var(--ast-global-color-5)","background-image":"","background-repeat":"repeat","background-position":"center center","background-size":"auto","background-attachment":"scroll","background-type":"","background-media":"","overlay-type":"","overlay-color":"","overlay-opacity":"","overlay-gradient":""},"tablet":{"background-color":"var(--ast-global-color-5)","background-image":"","background-repeat":"repeat","background-position":"center center","background-size":"auto","background-attachment":"scroll","background-type":"","background-media":"","overlay-type":"","overlay-color":"","overlay-opacity":"","overlay-gradient":""},"mobile":{"background-color":"var(--ast-global-color-5)","background-image":"","background-repeat":"repeat","background-position":"center center","background-size":"auto","background-attachment":"scroll","background-type":"","background-media":"","overlay-type":"","overlay-color":"","overlay-opacity":"","overlay-gradient":""}},"footnotes":""},"categories":[45],"tags":[27,64,63],"class_list":["post-479","post","type-post","status-publish","format-standard","hentry","category-teatre","tag-activitats","tag-expressio-oral","tag-teatre"],"post_mailing_queue_ids":[],"_links":{"self":[{"href":"https:\/\/agora.xtec.cat\/ceip-enric-granados\/wp-json\/wp\/v2\/posts\/479","targetHints":{"allow":["GET"]}}],"collection":[{"href":"https:\/\/agora.xtec.cat\/ceip-enric-granados\/wp-json\/wp\/v2\/posts"}],"about":[{"href":"https:\/\/agora.xtec.cat\/ceip-enric-granados\/wp-json\/wp\/v2\/types\/post"}],"author":[{"embeddable":true,"href":"https:\/\/agora.xtec.cat\/ceip-enric-granados\/wp-json\/wp\/v2\/users\/1"}],"replies":[{"embeddable":true,"href":"https:\/\/agora.xtec.cat\/ceip-enric-granados\/wp-json\/wp\/v2\/comments?post=479"}],"version-history":[{"count":1,"href":"https:\/\/agora.xtec.cat\/ceip-enric-granados\/wp-json\/wp\/v2\/posts\/479\/revisions"}],"predecessor-version":[{"id":480,"href":"https:\/\/agora.xtec.cat\/ceip-enric-granados\/wp-json\/wp\/v2\/posts\/479\/revisions\/480"}],"wp:attachment":[{"href":"https:\/\/agora.xtec.cat\/ceip-enric-granados\/wp-json\/wp\/v2\/media?parent=479"}],"wp:term":[{"taxonomy":"category","embeddable":true,"href":"https:\/\/agora.xtec.cat\/ceip-enric-granados\/wp-json\/wp\/v2\/categories?post=479"},{"taxonomy":"post_tag","embeddable":true,"href":"https:\/\/agora.xtec.cat\/ceip-enric-granados\/wp-json\/wp\/v2\/tags?post=479"}],"curies":[{"name":"wp","href":"https:\/\/api.w.org\/{rel}","templated":true}]}}