{"id":382,"date":"2016-04-28T11:49:48","date_gmt":"2016-04-28T10:49:48","guid":{"rendered":"http:\/\/agora.xtec.cat\/ceip-enric-granados\/?p=382"},"modified":"2016-05-25T09:38:29","modified_gmt":"2016-05-25T08:38:29","slug":"colonies-curs-2015-2016","status":"publish","type":"post","link":"https:\/\/agora.xtec.cat\/ceip-enric-granados\/portada\/colonies-curs-2015-2016\/","title":{"rendered":"Col\u00f2nies curs 2015-2016"},"content":{"rendered":"<p>Les col\u00f2nies del curs 2015-2016 es faran els dies 26 i 27 de maig de 2016 a la <a href=\"http:\/\/colonies-penyafort.com\/casa-de-col%C3%B2nies\/\" target=\"_blank\">casa de col\u00f2nies Penyafort<\/a>, a <a href=\"http:\/\/www.pontons.org\/index.php?menu=61\" target=\"_blank\">Pontons (Alt Pened\u00e8s)<\/a>. Els alumnes que no vagin de col\u00f2nies han d&#8217;assistir\u00a0 a l&#8217;escola aquells mateixos dies amb l&#8217;horari habitual (9h a 13 i 15 a 17 h.) Els servei de menjador funcionar\u00e0 amb normalitat.<\/p>\n<p>El preu \u00e9s de 65 \u20ac (L&#8217;autocar el subvenciona l&#8217;escola). Pagaments: 1r. del 23 de novembre al 15 de desembre 2015: 20 \u20ac 2n. de l&#8217; 1 al 29 de febrer de 2016: 25 \u20ac 3r. de l&#8217; 1 al 30 d&#8217;abril de 2016: 20\u20ac<\/p>\n<p>Documents necessaris per a les col\u00f2nies de l&#8217;escola:<\/p>\n<ul>\n<li><a href=\"https:\/\/agora.xtec.cat\/ceip-enric-granados\/docs\/documents-de-les-colonies\/\" target=\"_blank\">Autoritzaci\u00f3.<\/a><\/li>\n<li><a href=\"https:\/\/agora.xtec.cat\/ceip-enric-granados\/docs\/documents-de-les-colonies\/\" target=\"_blank\">Dades significatives<\/a>.<\/li>\n<li><a href=\"https:\/\/agora.xtec.cat\/ceip-enric-granados\/docs\/documents-de-les-colonies\/\" target=\"_blank\">Qu\u00e8 cal portar<\/a>.<\/li>\n<li><a href=\"https:\/\/agora.xtec.cat\/ceip-enric-granados\/docs\/documents-de-les-colonies\/\" target=\"_blank\">Activitats<\/a>.<\/li>\n<\/ul>\n","protected":false},"excerpt":{"rendered":"<p>Les col\u00f2nies del curs 2015-2016 es faran els dies 26 i 27 de maig de 2016 a la casa de col\u00f2nies Penyafort, a Pontons (Alt Pened\u00e8s). Els alumnes que no vagin de col\u00f2nies han d&#8217;assistir\u00a0 a l&#8217;escola aquells mateixos dies amb l&#8217;horari habitual (9h a 13 i 15 a 17 h.) Els servei de menjador [&hellip;]<\/p>\n","protected":false},"author":1,"featured_media":0,"comment_status":"open","ping_status":"open","sticky":false,"template":"","format":"standard","meta":{"_bbp_topic_count":0,"_bbp_reply_count":0,"_bbp_total_topic_count":0,"_bbp_total_reply_count":0,"_bbp_voice_count":0,"_bbp_anonymous_reply_count":0,"_bbp_topic_count_hidden":0,"_bbp_reply_count_hidden":0,"_bbp_forum_subforum_count":0,"site-sidebar-layout":"default","site-content-layout":"","ast-site-content-layout":"","site-content-style":"default","site-sidebar-style":"default","ast-global-header-display":"","ast-banner-title-visibility":"","ast-main-header-display":"","ast-hfb-above-header-display":"","ast-hfb-below-header-display":"","ast-hfb-mobile-header-display":"","site-post-title":"","ast-breadcrumbs-content":"","ast-featured-img":"","footer-sml-layout":"","theme-transparent-header-meta":"","adv-header-id-meta":"","stick-header-meta":"","header-above-stick-meta":"","header-main-stick-meta":"","header-below-stick-meta":"","astra-migrate-meta-layouts":"default","ast-page-background-enabled":"default","ast-page-background-meta":{"desktop":{"background-color":"var(--ast-global-color-4)","background-image":"","background-repeat":"repeat","background-position":"center center","background-size":"auto","background-attachment":"scroll","background-type":"","background-media":"","overlay-type":"","overlay-color":"","overlay-opacity":"","overlay-gradient":""},"tablet":{"background-color":"","background-image":"","background-repeat":"repeat","background-position":"center center","background-size":"auto","background-attachment":"scroll","background-type":"","background-media":"","overlay-type":"","overlay-color":"","overlay-opacity":"","overlay-gradient":""},"mobile":{"background-color":"","background-image":"","background-repeat":"repeat","background-position":"center center","background-size":"auto","background-attachment":"scroll","background-type":"","background-media":"","overlay-type":"","overlay-color":"","overlay-opacity":"","overlay-gradient":""}},"ast-content-background-meta":{"desktop":{"background-color":"var(--ast-global-color-5)","background-image":"","background-repeat":"repeat","background-position":"center center","background-size":"auto","background-attachment":"scroll","background-type":"","background-media":"","overlay-type":"","overlay-color":"","overlay-opacity":"","overlay-gradient":""},"tablet":{"background-color":"var(--ast-global-color-5)","background-image":"","background-repeat":"repeat","background-position":"center center","background-size":"auto","background-attachment":"scroll","background-type":"","background-media":"","overlay-type":"","overlay-color":"","overlay-opacity":"","overlay-gradient":""},"mobile":{"background-color":"var(--ast-global-color-5)","background-image":"","background-repeat":"repeat","background-position":"center center","background-size":"auto","background-attachment":"scroll","background-type":"","background-media":"","overlay-type":"","overlay-color":"","overlay-opacity":"","overlay-gradient":""}},"footnotes":""},"categories":[47,4],"tags":[27,49,16],"class_list":["post-382","post","type-post","status-publish","format-standard","hentry","category-colonies","category-portada","tag-activitats","tag-colonies","tag-sortides"],"post_mailing_queue_ids":[],"_links":{"self":[{"href":"https:\/\/agora.xtec.cat\/ceip-enric-granados\/wp-json\/wp\/v2\/posts\/382","targetHints":{"allow":["GET"]}}],"collection":[{"href":"https:\/\/agora.xtec.cat\/ceip-enric-granados\/wp-json\/wp\/v2\/posts"}],"about":[{"href":"https:\/\/agora.xtec.cat\/ceip-enric-granados\/wp-json\/wp\/v2\/types\/post"}],"author":[{"embeddable":true,"href":"https:\/\/agora.xtec.cat\/ceip-enric-granados\/wp-json\/wp\/v2\/users\/1"}],"replies":[{"embeddable":true,"href":"https:\/\/agora.xtec.cat\/ceip-enric-granados\/wp-json\/wp\/v2\/comments?post=382"}],"version-history":[{"count":4,"href":"https:\/\/agora.xtec.cat\/ceip-enric-granados\/wp-json\/wp\/v2\/posts\/382\/revisions"}],"predecessor-version":[{"id":472,"href":"https:\/\/agora.xtec.cat\/ceip-enric-granados\/wp-json\/wp\/v2\/posts\/382\/revisions\/472"}],"wp:attachment":[{"href":"https:\/\/agora.xtec.cat\/ceip-enric-granados\/wp-json\/wp\/v2\/media?parent=382"}],"wp:term":[{"taxonomy":"category","embeddable":true,"href":"https:\/\/agora.xtec.cat\/ceip-enric-granados\/wp-json\/wp\/v2\/categories?post=382"},{"taxonomy":"post_tag","embeddable":true,"href":"https:\/\/agora.xtec.cat\/ceip-enric-granados\/wp-json\/wp\/v2\/tags?post=382"}],"curies":[{"name":"wp","href":"https:\/\/api.w.org\/{rel}","templated":true}]}}