{"id":3138,"date":"2020-03-17T11:17:35","date_gmt":"2020-03-17T10:17:35","guid":{"rendered":"http:\/\/agora.xtec.cat\/ceip-enric-granados\/?p=3138"},"modified":"2020-04-01T19:03:24","modified_gmt":"2020-04-01T17:03:24","slug":"jornada-de-portes-obertes","status":"publish","type":"post","link":"https:\/\/agora.xtec.cat\/ceip-enric-granados\/general\/jornada-de-portes-obertes\/","title":{"rendered":"Jornada de portes obertes"},"content":{"rendered":"<p style=\"text-align: justify;\">El passat 12 de mar\u00e7 v\u00e0rem celebrar les nostres portes obertes. Donada la excepcionalitat dels moments actuals, us oferim el material que vam distribuir en aquestes portes obertes. Estigueu al cas de les instruccions que dona el <a href=\"http:\/\/ensenyament.gencat.cat\/ca\/actualitat\/coronavirus\/\" target=\"_blank\" rel=\"noopener noreferrer\">Departament d&#8217;Educaci\u00f3 de la Generalitat de Catalunya<\/a> i el <a href=\"https:\/\/www.edubcn.cat\/ca\/el_consorci\/sala_de_premsa\/coronavirus\" target=\"_blank\" rel=\"noopener noreferrer\">Consorci d&#8217;Educaci\u00f3 de Barcelona<\/a> sobre la preinscripci\u00f3 del curs 2020-2021. Aix\u00ed mateix podeu consultar al mateix CEB sobre els ajuts al menjador escolar d&#8217;enguany. Gr\u00e0cies per la vostra comprensi\u00f3 i col\u00b7laboraci\u00f3.<\/p>\n<p style=\"text-align: justify;\"><a href=\"https:\/\/agora.xtec.cat\/ceip-enric-granados\/wp-content\/uploads\/usu843\/2020\/03\/TRIPTIC-2020.pdf\">Tr\u00edptic de les portes obertes pel curs 2020-2021<\/a><\/p>\n<p style=\"text-align: justify;\"><iframe loading=\"lazy\" src=\"https:\/\/www.youtube.com\/embed\/IT1nHX9MSUs\" width=\"560\" height=\"315\" frameborder=\"0\"><\/iframe><\/p>\n<p><a href=\"https:\/\/agora.xtec.cat\/ceip-enric-granados\/wp-content\/uploads\/usu843\/2020\/02\/pancarta_enricgranados-web.jpg\">&#8211;<img loading=\"lazy\" decoding=\"async\" class=\"size-large wp-image-3091\" src=\"https:\/\/agora.xtec.cat\/ceip-enric-granados\/wp-content\/uploads\/usu843\/2020\/02\/pancarta_enricgranados-web-1024x256.jpg\" alt=\"\" width=\"560\" height=\"315\" \/><\/a><\/p>\n","protected":false},"excerpt":{"rendered":"<p>El passat 12 de mar\u00e7 v\u00e0rem celebrar les nostres portes obertes. Donada la excepcionalitat dels moments actuals, us oferim el material que vam distribuir en aquestes portes obertes. Estigueu al cas de les instruccions que dona el Departament d&#8217;Educaci\u00f3 de la Generalitat de Catalunya i el Consorci d&#8217;Educaci\u00f3 de Barcelona sobre la preinscripci\u00f3 del curs [&hellip;]<\/p>\n","protected":false},"author":1,"featured_media":3249,"comment_status":"closed","ping_status":"closed","sticky":false,"template":"","format":"standard","meta":{"_bbp_topic_count":0,"_bbp_reply_count":0,"_bbp_total_topic_count":0,"_bbp_total_reply_count":0,"_bbp_voice_count":0,"_bbp_anonymous_reply_count":0,"_bbp_topic_count_hidden":0,"_bbp_reply_count_hidden":0,"_bbp_forum_subforum_count":0,"site-sidebar-layout":"default","site-content-layout":"","ast-site-content-layout":"","site-content-style":"default","site-sidebar-style":"default","ast-global-header-display":"","ast-banner-title-visibility":"","ast-main-header-display":"","ast-hfb-above-header-display":"","ast-hfb-below-header-display":"","ast-hfb-mobile-header-display":"","site-post-title":"","ast-breadcrumbs-content":"","ast-featured-img":"","footer-sml-layout":"","theme-transparent-header-meta":"","adv-header-id-meta":"","stick-header-meta":"","header-above-stick-meta":"","header-main-stick-meta":"","header-below-stick-meta":"","astra-migrate-meta-layouts":"default","ast-page-background-enabled":"default","ast-page-background-meta":{"desktop":{"background-color":"var(--ast-global-color-4)","background-image":"","background-repeat":"repeat","background-position":"center center","background-size":"auto","background-attachment":"scroll","background-type":"","background-media":"","overlay-type":"","overlay-color":"","overlay-opacity":"","overlay-gradient":""},"tablet":{"background-color":"","background-image":"","background-repeat":"repeat","background-position":"center center","background-size":"auto","background-attachment":"scroll","background-type":"","background-media":"","overlay-type":"","overlay-color":"","overlay-opacity":"","overlay-gradient":""},"mobile":{"background-color":"","background-image":"","background-repeat":"repeat","background-position":"center center","background-size":"auto","background-attachment":"scroll","background-type":"","background-media":"","overlay-type":"","overlay-color":"","overlay-opacity":"","overlay-gradient":""}},"ast-content-background-meta":{"desktop":{"background-color":"var(--ast-global-color-5)","background-image":"","background-repeat":"repeat","background-position":"center center","background-size":"auto","background-attachment":"scroll","background-type":"","background-media":"","overlay-type":"","overlay-color":"","overlay-opacity":"","overlay-gradient":""},"tablet":{"background-color":"var(--ast-global-color-5)","background-image":"","background-repeat":"repeat","background-position":"center center","background-size":"auto","background-attachment":"scroll","background-type":"","background-media":"","overlay-type":"","overlay-color":"","overlay-opacity":"","overlay-gradient":""},"mobile":{"background-color":"var(--ast-global-color-5)","background-image":"","background-repeat":"repeat","background-position":"center center","background-size":"auto","background-attachment":"scroll","background-type":"","background-media":"","overlay-type":"","overlay-color":"","overlay-opacity":"","overlay-gradient":""}},"footnotes":""},"categories":[1,4],"tags":[],"class_list":["post-3138","post","type-post","status-publish","format-standard","has-post-thumbnail","hentry","category-general","category-portada"],"post_mailing_queue_ids":[],"_links":{"self":[{"href":"https:\/\/agora.xtec.cat\/ceip-enric-granados\/wp-json\/wp\/v2\/posts\/3138","targetHints":{"allow":["GET"]}}],"collection":[{"href":"https:\/\/agora.xtec.cat\/ceip-enric-granados\/wp-json\/wp\/v2\/posts"}],"about":[{"href":"https:\/\/agora.xtec.cat\/ceip-enric-granados\/wp-json\/wp\/v2\/types\/post"}],"author":[{"embeddable":true,"href":"https:\/\/agora.xtec.cat\/ceip-enric-granados\/wp-json\/wp\/v2\/users\/1"}],"replies":[{"embeddable":true,"href":"https:\/\/agora.xtec.cat\/ceip-enric-granados\/wp-json\/wp\/v2\/comments?post=3138"}],"version-history":[{"count":3,"href":"https:\/\/agora.xtec.cat\/ceip-enric-granados\/wp-json\/wp\/v2\/posts\/3138\/revisions"}],"predecessor-version":[{"id":3247,"href":"https:\/\/agora.xtec.cat\/ceip-enric-granados\/wp-json\/wp\/v2\/posts\/3138\/revisions\/3247"}],"wp:featuredmedia":[{"embeddable":true,"href":"https:\/\/agora.xtec.cat\/ceip-enric-granados\/wp-json\/wp\/v2\/media\/3249"}],"wp:attachment":[{"href":"https:\/\/agora.xtec.cat\/ceip-enric-granados\/wp-json\/wp\/v2\/media?parent=3138"}],"wp:term":[{"taxonomy":"category","embeddable":true,"href":"https:\/\/agora.xtec.cat\/ceip-enric-granados\/wp-json\/wp\/v2\/categories?post=3138"},{"taxonomy":"post_tag","embeddable":true,"href":"https:\/\/agora.xtec.cat\/ceip-enric-granados\/wp-json\/wp\/v2\/tags?post=3138"}],"curies":[{"name":"wp","href":"https:\/\/api.w.org\/{rel}","templated":true}]}}