{"id":3055,"date":"2020-02-20T16:59:55","date_gmt":"2020-02-20T15:59:55","guid":{"rendered":"http:\/\/agora.xtec.cat\/ceip-enric-granados\/?p=3055"},"modified":"2020-02-21T12:34:44","modified_gmt":"2020-02-21T11:34:44","slug":"avui-comenca-el-carnaval-avui-es-dijous-gras","status":"publish","type":"post","link":"https:\/\/agora.xtec.cat\/ceip-enric-granados\/portada\/avui-comenca-el-carnaval-avui-es-dijous-gras\/","title":{"rendered":"Avui comen\u00e7a el carnaval, avui \u00e9s dijous gras"},"content":{"rendered":"<p>Avui \u00e9s dijous gras i comen\u00e7a el Carnaval. Els nens i nenes de 6\u00e8 us volem engrescar amb aquestes fotos tan divertides.<\/p>\n<div id=\"1A704\" style=\"width: 100%; max-width: 600px; height: 400px; display: none;\"><img decoding=\"async\" src=\"https:\/\/agora.xtec.cat\/ceip-enric-granados\/wp-content\/uploads\/usu843\/2020\/02\/IMG-20200220-WA0018-150x150.jpg\" data-link=\"https:\/\/agora.xtec.cat\/ceip-enric-granados\/wp-admin\/\/media.php?attachment_id=3054&amp;action=edit\" \/><br \/>\n<img decoding=\"async\" src=\"https:\/\/agora.xtec.cat\/ceip-enric-granados\/wp-content\/uploads\/usu843\/2020\/02\/IMG-20200220-WA0017-150x150.jpg\" data-link=\"https:\/\/agora.xtec.cat\/ceip-enric-granados\/wp-admin\/\/media.php?attachment_id=3053&amp;action=edit\" \/><br \/>\n<img decoding=\"async\" src=\"https:\/\/agora.xtec.cat\/ceip-enric-granados\/wp-content\/uploads\/usu843\/2020\/02\/IMG-20200220-WA0034-150x150.jpg\" data-link=\"https:\/\/agora.xtec.cat\/ceip-enric-granados\/wp-admin\/\/media.php?attachment_id=3050&amp;action=edit\" \/><br \/>\n<img decoding=\"async\" src=\"https:\/\/agora.xtec.cat\/ceip-enric-granados\/wp-content\/uploads\/usu843\/2020\/02\/IMG-20200220-WA0033-150x150.jpg\" data-link=\"https:\/\/agora.xtec.cat\/ceip-enric-granados\/wp-admin\/\/media.php?attachment_id=3049&amp;action=edit\" \/><br \/>\n<img decoding=\"async\" src=\"https:\/\/agora.xtec.cat\/ceip-enric-granados\/wp-content\/uploads\/usu843\/2020\/02\/IMG-20200220-WA0032-150x150.jpg\" data-link=\"https:\/\/agora.xtec.cat\/ceip-enric-granados\/wp-admin\/\/media.php?attachment_id=3048&amp;action=edit\" \/><br \/>\n<img decoding=\"async\" src=\"https:\/\/agora.xtec.cat\/ceip-enric-granados\/wp-content\/uploads\/usu843\/2020\/02\/IMG-20200220-WA0031-150x150.jpg\" data-link=\"https:\/\/agora.xtec.cat\/ceip-enric-granados\/wp-admin\/\/media.php?attachment_id=3047&amp;action=edit\" \/><br \/>\n<img decoding=\"async\" src=\"https:\/\/agora.xtec.cat\/ceip-enric-granados\/wp-content\/uploads\/usu843\/2020\/02\/IMG-20200220-WA0030-150x150.jpg\" data-link=\"https:\/\/agora.xtec.cat\/ceip-enric-granados\/wp-admin\/\/media.php?attachment_id=3046&amp;action=edit\" \/><br \/>\n<img decoding=\"async\" src=\"https:\/\/agora.xtec.cat\/ceip-enric-granados\/wp-content\/uploads\/usu843\/2020\/02\/IMG-20200220-WA0029-150x150.jpg\" data-link=\"https:\/\/agora.xtec.cat\/ceip-enric-granados\/wp-admin\/\/media.php?attachment_id=3045&amp;action=edit\" \/><br \/>\n<img decoding=\"async\" src=\"https:\/\/agora.xtec.cat\/ceip-enric-granados\/wp-content\/uploads\/usu843\/2020\/02\/IMG-20200220-WA0028-150x150.jpg\" data-link=\"https:\/\/agora.xtec.cat\/ceip-enric-granados\/wp-admin\/\/media.php?attachment_id=3044&amp;action=edit\" \/><br \/>\n<img decoding=\"async\" src=\"https:\/\/agora.xtec.cat\/ceip-enric-granados\/wp-content\/uploads\/usu843\/2020\/02\/IMG-20200220-WA0027-150x150.jpg\" data-link=\"https:\/\/agora.xtec.cat\/ceip-enric-granados\/wp-admin\/\/media.php?attachment_id=3043&amp;action=edit\" \/><br \/>\n<img decoding=\"async\" src=\"https:\/\/agora.xtec.cat\/ceip-enric-granados\/wp-content\/uploads\/usu843\/2020\/02\/IMG-20200220-WA0026-150x150.jpg\" data-link=\"https:\/\/agora.xtec.cat\/ceip-enric-granados\/wp-admin\/\/media.php?attachment_id=3042&amp;action=edit\" \/><br \/>\n<img decoding=\"async\" src=\"https:\/\/agora.xtec.cat\/ceip-enric-granados\/wp-content\/uploads\/usu843\/2020\/02\/IMG-20200220-WA0025-150x150.jpg\" data-link=\"https:\/\/agora.xtec.cat\/ceip-enric-granados\/wp-admin\/\/media.php?attachment_id=3041&amp;action=edit\" \/><br \/>\n<img decoding=\"async\" src=\"https:\/\/agora.xtec.cat\/ceip-enric-granados\/wp-content\/uploads\/usu843\/2020\/02\/IMG-20200220-WA0024-150x150.jpg\" data-link=\"https:\/\/agora.xtec.cat\/ceip-enric-granados\/wp-admin\/\/media.php?attachment_id=3040&amp;action=edit\" \/><br \/>\n<img decoding=\"async\" src=\"https:\/\/agora.xtec.cat\/ceip-enric-granados\/wp-content\/uploads\/usu843\/2020\/02\/IMG-20200220-WA0023-150x150.jpg\" data-link=\"https:\/\/agora.xtec.cat\/ceip-enric-granados\/wp-admin\/\/media.php?attachment_id=3039&amp;action=edit\" \/><br \/>\n<img decoding=\"async\" src=\"https:\/\/agora.xtec.cat\/ceip-enric-granados\/wp-content\/uploads\/usu843\/2020\/02\/IMG-20200220-WA0022-150x150.jpg\" data-link=\"https:\/\/agora.xtec.cat\/ceip-enric-granados\/wp-admin\/\/media.php?attachment_id=3038&amp;action=edit\" \/><br \/>\n<img decoding=\"async\" src=\"https:\/\/agora.xtec.cat\/ceip-enric-granados\/wp-content\/uploads\/usu843\/2020\/02\/IMG-20200220-WA0021-150x150.jpg\" data-link=\"https:\/\/agora.xtec.cat\/ceip-enric-granados\/wp-admin\/\/media.php?attachment_id=3037&amp;action=edit\" \/><br \/>\n<img decoding=\"async\" src=\"https:\/\/agora.xtec.cat\/ceip-enric-granados\/wp-content\/uploads\/usu843\/2020\/02\/IMG-20200220-WA0020-150x150.jpg\" data-link=\"https:\/\/agora.xtec.cat\/ceip-enric-granados\/wp-admin\/\/media.php?attachment_id=3036&amp;action=edit\" \/><br \/>\n<img decoding=\"async\" src=\"https:\/\/agora.xtec.cat\/ceip-enric-granados\/wp-content\/uploads\/usu843\/2020\/02\/IMG-20200220-WA0019-150x150.jpg\" data-link=\"https:\/\/agora.xtec.cat\/ceip-enric-granados\/wp-admin\/\/media.php?attachment_id=3035&amp;action=edit\" \/><\/div>\n<p><script type=\"text\/javascript\" src=\"https:\/\/cdn.jsdelivr.net\/npm\/jquery@3.4.1\/dist\/jquery.min.js\"><\/script><br \/>\n<script>\n  (MyGalleries=(typeof MyGalleries === 'undefined' ? [] : MyGalleries)).push({gallId:'#1A704',autoplay:true,lightbox:true,debug:false,popupLinks:true});\n  if(typeof GalleryLoaded === 'undefined'){\n    GalleryLoaded = jQuery(function(){\n      jQuery.ajax({url:'https:\/\/cdn.jsdelivr.net\/npm\/galleria@1.5.7\/dist\/galleria.min.js',dataType:'script',cache:true}).done(function(){\n        Galleria.loadTheme('https:\/\/cdn.jsdelivr.net\/npm\/galleria@1.5.7\/dist\/themes\/classic\/galleria.classic.js');\n        for(var n in MyGalleries){\n          Galleria.run(MyGalleries[n].gallId, MyGalleries[n]);\n          jQuery(MyGalleries[n].gallId).css('display','block');\n        }\n      });\n    });\n  }\n<\/script><\/p>\n","protected":false},"excerpt":{"rendered":"<p>Avui \u00e9s dijous gras i comen\u00e7a el Carnaval. Els nens i nenes de 6\u00e8 us volem engrescar amb aquestes fotos tan divertides.<\/p>\n","protected":false},"author":1,"featured_media":0,"comment_status":"closed","ping_status":"closed","sticky":false,"template":"","format":"standard","meta":{"_bbp_topic_count":0,"_bbp_reply_count":0,"_bbp_total_topic_count":0,"_bbp_total_reply_count":0,"_bbp_voice_count":0,"_bbp_anonymous_reply_count":0,"_bbp_topic_count_hidden":0,"_bbp_reply_count_hidden":0,"_bbp_forum_subforum_count":0,"site-sidebar-layout":"default","site-content-layout":"","ast-site-content-layout":"","site-content-style":"default","site-sidebar-style":"default","ast-global-header-display":"","ast-banner-title-visibility":"","ast-main-header-display":"","ast-hfb-above-header-display":"","ast-hfb-below-header-display":"","ast-hfb-mobile-header-display":"","site-post-title":"","ast-breadcrumbs-content":"","ast-featured-img":"","footer-sml-layout":"","theme-transparent-header-meta":"","adv-header-id-meta":"","stick-header-meta":"","header-above-stick-meta":"","header-main-stick-meta":"","header-below-stick-meta":"","astra-migrate-meta-layouts":"default","ast-page-background-enabled":"default","ast-page-background-meta":{"desktop":{"background-color":"var(--ast-global-color-4)","background-image":"","background-repeat":"repeat","background-position":"center center","background-size":"auto","background-attachment":"scroll","background-type":"","background-media":"","overlay-type":"","overlay-color":"","overlay-opacity":"","overlay-gradient":""},"tablet":{"background-color":"","background-image":"","background-repeat":"repeat","background-position":"center center","background-size":"auto","background-attachment":"scroll","background-type":"","background-media":"","overlay-type":"","overlay-color":"","overlay-opacity":"","overlay-gradient":""},"mobile":{"background-color":"","background-image":"","background-repeat":"repeat","background-position":"center center","background-size":"auto","background-attachment":"scroll","background-type":"","background-media":"","overlay-type":"","overlay-color":"","overlay-opacity":"","overlay-gradient":""}},"ast-content-background-meta":{"desktop":{"background-color":"var(--ast-global-color-5)","background-image":"","background-repeat":"repeat","background-position":"center center","background-size":"auto","background-attachment":"scroll","background-type":"","background-media":"","overlay-type":"","overlay-color":"","overlay-opacity":"","overlay-gradient":""},"tablet":{"background-color":"var(--ast-global-color-5)","background-image":"","background-repeat":"repeat","background-position":"center center","background-size":"auto","background-attachment":"scroll","background-type":"","background-media":"","overlay-type":"","overlay-color":"","overlay-opacity":"","overlay-gradient":""},"mobile":{"background-color":"var(--ast-global-color-5)","background-image":"","background-repeat":"repeat","background-position":"center center","background-size":"auto","background-attachment":"scroll","background-type":"","background-media":"","overlay-type":"","overlay-color":"","overlay-opacity":"","overlay-gradient":""}},"footnotes":""},"categories":[36,4,203],"tags":[220,221],"class_list":["post-3055","post","type-post","status-publish","format-standard","hentry","category-cicle-superior","category-portada","category-rebost-fotos-2019-2020","tag-carnaval","tag-dijous-gras"],"post_mailing_queue_ids":[],"_links":{"self":[{"href":"https:\/\/agora.xtec.cat\/ceip-enric-granados\/wp-json\/wp\/v2\/posts\/3055","targetHints":{"allow":["GET"]}}],"collection":[{"href":"https:\/\/agora.xtec.cat\/ceip-enric-granados\/wp-json\/wp\/v2\/posts"}],"about":[{"href":"https:\/\/agora.xtec.cat\/ceip-enric-granados\/wp-json\/wp\/v2\/types\/post"}],"author":[{"embeddable":true,"href":"https:\/\/agora.xtec.cat\/ceip-enric-granados\/wp-json\/wp\/v2\/users\/1"}],"replies":[{"embeddable":true,"href":"https:\/\/agora.xtec.cat\/ceip-enric-granados\/wp-json\/wp\/v2\/comments?post=3055"}],"version-history":[{"count":3,"href":"https:\/\/agora.xtec.cat\/ceip-enric-granados\/wp-json\/wp\/v2\/posts\/3055\/revisions"}],"predecessor-version":[{"id":3066,"href":"https:\/\/agora.xtec.cat\/ceip-enric-granados\/wp-json\/wp\/v2\/posts\/3055\/revisions\/3066"}],"wp:attachment":[{"href":"https:\/\/agora.xtec.cat\/ceip-enric-granados\/wp-json\/wp\/v2\/media?parent=3055"}],"wp:term":[{"taxonomy":"category","embeddable":true,"href":"https:\/\/agora.xtec.cat\/ceip-enric-granados\/wp-json\/wp\/v2\/categories?post=3055"},{"taxonomy":"post_tag","embeddable":true,"href":"https:\/\/agora.xtec.cat\/ceip-enric-granados\/wp-json\/wp\/v2\/tags?post=3055"}],"curies":[{"name":"wp","href":"https:\/\/api.w.org\/{rel}","templated":true}]}}