{"id":2989,"date":"2020-02-10T10:40:35","date_gmt":"2020-02-10T09:40:35","guid":{"rendered":"http:\/\/agora.xtec.cat\/ceip-enric-granados\/?p=2989"},"modified":"2020-02-10T10:40:35","modified_gmt":"2020-02-10T09:40:35","slug":"compostatge-amb-cucs-vermicompostatge","status":"publish","type":"post","link":"https:\/\/agora.xtec.cat\/ceip-enric-granados\/general\/compostatge-amb-cucs-vermicompostatge\/","title":{"rendered":"Compostatge amb cucs (Vermicompostatge)"},"content":{"rendered":"<p><a href=\"https:\/\/agora.xtec.cat\/ceip-enric-granados\/wp-content\/uploads\/usu843\/2020\/02\/vermicompostatge.pdf\" target=\"_blank\" rel=\"noopener noreferrer\">Vermicompostatge<\/a> \u00a0\u00a0\u00a0 |\u00a0\u00a0 <a href=\"https:\/\/photos.app.goo.gl\/Xxqwc3TqUTHfa1P29\" target=\"_blank\" rel=\"noopener noreferrer\"><u><span style=\"color: #0066cc;\">\u00c0lbum de fotos<\/span><\/u><\/a><\/p>\n<p><span style=\"color: #000000; font-family: Arial;\">Dins del projecte de l&#8217;hort aquest any hem comen\u00e7at amb la realitzaci\u00f3 de compost utilitzant cucs de Calif\u00f2rnia.<\/span><\/p>\n<p><span style=\"color: #000000; font-family: Arial;\">Hem estudiat la morfologia dels cucs, la seva import\u00e0ncia en el proc\u00e9s de compostatge a la natura, la import\u00e0ncia del reciclatge&#8230;<\/span><\/p>\n<p><span style=\"color: #000000; font-family: Arial;\">Utilitzem el menjar de la cuina que amablement en Quim, el cuiner, ens guarda: fulles de col, peles de patates, peles de ceba, trossets de carbass\u00f3&#8230; i l&#8217;esmicolem per a facilitar-li el treball al cucs.<\/span><\/p>\n<p><span style=\"color: #000000; font-family: Arial;\">Cada setmana els alimentem i aprenem alguna cosa m\u00e9s sobre els nostres nous convidats: els Cucs de Calif\u00f2rnia <\/span><\/p>\n<p><a href=\"https:\/\/agora.xtec.cat\/ceip-enric-granados\/wp-content\/uploads\/usu843\/2020\/02\/vermicompostatge.pdf\">Vermicompostatge<\/a><\/p>\n<p><a href=\"https:\/\/photos.app.goo.gl\/Xxqwc3TqUTHfa1P29\" target=\"_blank\" rel=\"noopener noreferrer\">\u00c0lbum de fotos<\/a><\/p>\n<p>&nbsp;<\/p>\n","protected":false},"excerpt":{"rendered":"<p>Vermicompostatge \u00a0\u00a0\u00a0 |\u00a0\u00a0 \u00c0lbum de fotos Dins del projecte de l&#8217;hort aquest any hem comen\u00e7at amb la realitzaci\u00f3 de compost utilitzant cucs de Calif\u00f2rnia. Hem estudiat la morfologia dels cucs, la seva import\u00e0ncia en el proc\u00e9s de compostatge a la natura, la import\u00e0ncia del reciclatge&#8230; Utilitzem el menjar de la cuina que amablement en Quim, [&hellip;]<\/p>\n","protected":false},"author":1,"featured_media":2993,"comment_status":"closed","ping_status":"closed","sticky":false,"template":"","format":"standard","meta":{"_bbp_topic_count":0,"_bbp_reply_count":0,"_bbp_total_topic_count":0,"_bbp_total_reply_count":0,"_bbp_voice_count":0,"_bbp_anonymous_reply_count":0,"_bbp_topic_count_hidden":0,"_bbp_reply_count_hidden":0,"_bbp_forum_subforum_count":0,"site-sidebar-layout":"default","site-content-layout":"","ast-site-content-layout":"","site-content-style":"default","site-sidebar-style":"default","ast-global-header-display":"","ast-banner-title-visibility":"","ast-main-header-display":"","ast-hfb-above-header-display":"","ast-hfb-below-header-display":"","ast-hfb-mobile-header-display":"","site-post-title":"","ast-breadcrumbs-content":"","ast-featured-img":"","footer-sml-layout":"","theme-transparent-header-meta":"","adv-header-id-meta":"","stick-header-meta":"","header-above-stick-meta":"","header-main-stick-meta":"","header-below-stick-meta":"","astra-migrate-meta-layouts":"default","ast-page-background-enabled":"default","ast-page-background-meta":{"desktop":{"background-color":"var(--ast-global-color-4)","background-image":"","background-repeat":"repeat","background-position":"center center","background-size":"auto","background-attachment":"scroll","background-type":"","background-media":"","overlay-type":"","overlay-color":"","overlay-opacity":"","overlay-gradient":""},"tablet":{"background-color":"","background-image":"","background-repeat":"repeat","background-position":"center center","background-size":"auto","background-attachment":"scroll","background-type":"","background-media":"","overlay-type":"","overlay-color":"","overlay-opacity":"","overlay-gradient":""},"mobile":{"background-color":"","background-image":"","background-repeat":"repeat","background-position":"center center","background-size":"auto","background-attachment":"scroll","background-type":"","background-media":"","overlay-type":"","overlay-color":"","overlay-opacity":"","overlay-gradient":""}},"ast-content-background-meta":{"desktop":{"background-color":"var(--ast-global-color-5)","background-image":"","background-repeat":"repeat","background-position":"center center","background-size":"auto","background-attachment":"scroll","background-type":"","background-media":"","overlay-type":"","overlay-color":"","overlay-opacity":"","overlay-gradient":""},"tablet":{"background-color":"var(--ast-global-color-5)","background-image":"","background-repeat":"repeat","background-position":"center center","background-size":"auto","background-attachment":"scroll","background-type":"","background-media":"","overlay-type":"","overlay-color":"","overlay-opacity":"","overlay-gradient":""},"mobile":{"background-color":"var(--ast-global-color-5)","background-image":"","background-repeat":"repeat","background-position":"center center","background-size":"auto","background-attachment":"scroll","background-type":"","background-media":"","overlay-type":"","overlay-color":"","overlay-opacity":"","overlay-gradient":""}},"footnotes":""},"categories":[1,2,4,5,203],"tags":[219,218],"class_list":["post-2989","post","type-post","status-publish","format-standard","has-post-thumbnail","hentry","category-general","category-parvulari","category-portada","category-primaria","category-rebost-fotos-2019-2020","tag-cucs","tag-experimentem"],"post_mailing_queue_ids":[],"_links":{"self":[{"href":"https:\/\/agora.xtec.cat\/ceip-enric-granados\/wp-json\/wp\/v2\/posts\/2989","targetHints":{"allow":["GET"]}}],"collection":[{"href":"https:\/\/agora.xtec.cat\/ceip-enric-granados\/wp-json\/wp\/v2\/posts"}],"about":[{"href":"https:\/\/agora.xtec.cat\/ceip-enric-granados\/wp-json\/wp\/v2\/types\/post"}],"author":[{"embeddable":true,"href":"https:\/\/agora.xtec.cat\/ceip-enric-granados\/wp-json\/wp\/v2\/users\/1"}],"replies":[{"embeddable":true,"href":"https:\/\/agora.xtec.cat\/ceip-enric-granados\/wp-json\/wp\/v2\/comments?post=2989"}],"version-history":[{"count":3,"href":"https:\/\/agora.xtec.cat\/ceip-enric-granados\/wp-json\/wp\/v2\/posts\/2989\/revisions"}],"predecessor-version":[{"id":2994,"href":"https:\/\/agora.xtec.cat\/ceip-enric-granados\/wp-json\/wp\/v2\/posts\/2989\/revisions\/2994"}],"wp:featuredmedia":[{"embeddable":true,"href":"https:\/\/agora.xtec.cat\/ceip-enric-granados\/wp-json\/wp\/v2\/media\/2993"}],"wp:attachment":[{"href":"https:\/\/agora.xtec.cat\/ceip-enric-granados\/wp-json\/wp\/v2\/media?parent=2989"}],"wp:term":[{"taxonomy":"category","embeddable":true,"href":"https:\/\/agora.xtec.cat\/ceip-enric-granados\/wp-json\/wp\/v2\/categories?post=2989"},{"taxonomy":"post_tag","embeddable":true,"href":"https:\/\/agora.xtec.cat\/ceip-enric-granados\/wp-json\/wp\/v2\/tags?post=2989"}],"curies":[{"name":"wp","href":"https:\/\/api.w.org\/{rel}","templated":true}]}}