{"id":2983,"date":"2020-02-05T12:24:15","date_gmt":"2020-02-05T11:24:15","guid":{"rendered":"http:\/\/agora.xtec.cat\/ceip-enric-granados\/?p=2983"},"modified":"2020-02-05T12:25:33","modified_gmt":"2020-02-05T11:25:33","slug":"aprenem-a-pensar","status":"publish","type":"post","link":"https:\/\/agora.xtec.cat\/ceip-enric-granados\/general\/aprenem-a-pensar\/","title":{"rendered":"Aprenem a pensar"},"content":{"rendered":"<p><a href=\"https:\/\/photos.app.goo.gl\/RuvFavjx5CYMSWBh6\" target=\"_blank\" rel=\"noopener noreferrer\">\u00c0lbum de fotos<\/a><\/p>\n<p>Els nens i nenes de Cicle.Mitj\u00e0 hem comen\u00e7at a <strong>programar<\/strong>!<\/p>\n<p>Qu\u00e8 fem?<\/p>\n<p>Diverses activitats per introduir el <strong>pensament &#8220;computacional&#8221;<\/strong> de forma l\u00fadica i divertida, <span style=\"font-family: inherit; font-size: 1em;\">primer amb el cos i despr\u00e9s apliquem el que hem apr\u00e9s a l&#8217;ordinador.<\/span><\/p>\n<p>La <strong>programaci\u00f3<\/strong> ens ajuda a planificar, busquem qu\u00e8 necessitem i quines passes hem de seguir per arribar als objectius o reptes que ens proposem.<\/p>\n<p>Aix\u00ed doncs, desenvolupem habilitats transversals, comencem a pensar de forma diferent, pensem, reflexionem i ordenem les nostres idees.<\/p>\n<p>Aprenem a resoldre petits problemes i comprovem que tenim diverses solucions per arribar al mateix punt.<\/p>\n<p>Provem i analitzem els resultats, i ens ho passem molt b\u00e9!<\/p>\n<p><a href=\"https:\/\/photos.app.goo.gl\/RuvFavjx5CYMSWBh6\" target=\"_blank\" rel=\"noopener noreferrer\">\u00c0lbum de fotos<\/a><\/p>\n<p>&nbsp;<\/p>\n<p>&nbsp;<\/p>\n<p>&nbsp;<\/p>\n<p>&nbsp;<\/p>\n","protected":false},"excerpt":{"rendered":"<p>\u00c0lbum de fotos Els nens i nenes de Cicle.Mitj\u00e0 hem comen\u00e7at a programar! Qu\u00e8 fem? Diverses activitats per introduir el pensament &#8220;computacional&#8221; de forma l\u00fadica i divertida, primer amb el cos i despr\u00e9s apliquem el que hem apr\u00e9s a l&#8217;ordinador. La programaci\u00f3 ens ajuda a planificar, busquem qu\u00e8 necessitem i quines passes hem de seguir [&hellip;]<\/p>\n","protected":false},"author":132,"featured_media":2986,"comment_status":"closed","ping_status":"closed","sticky":false,"template":"","format":"standard","meta":{"_bbp_topic_count":0,"_bbp_reply_count":0,"_bbp_total_topic_count":0,"_bbp_total_reply_count":0,"_bbp_voice_count":0,"_bbp_anonymous_reply_count":0,"_bbp_topic_count_hidden":0,"_bbp_reply_count_hidden":0,"_bbp_forum_subforum_count":0,"site-sidebar-layout":"default","site-content-layout":"","ast-site-content-layout":"","site-content-style":"default","site-sidebar-style":"default","ast-global-header-display":"","ast-banner-title-visibility":"","ast-main-header-display":"","ast-hfb-above-header-display":"","ast-hfb-below-header-display":"","ast-hfb-mobile-header-display":"","site-post-title":"","ast-breadcrumbs-content":"","ast-featured-img":"","footer-sml-layout":"","theme-transparent-header-meta":"","adv-header-id-meta":"","stick-header-meta":"","header-above-stick-meta":"","header-main-stick-meta":"","header-below-stick-meta":"","astra-migrate-meta-layouts":"default","ast-page-background-enabled":"default","ast-page-background-meta":{"desktop":{"background-color":"var(--ast-global-color-4)","background-image":"","background-repeat":"repeat","background-position":"center center","background-size":"auto","background-attachment":"scroll","background-type":"","background-media":"","overlay-type":"","overlay-color":"","overlay-opacity":"","overlay-gradient":""},"tablet":{"background-color":"","background-image":"","background-repeat":"repeat","background-position":"center center","background-size":"auto","background-attachment":"scroll","background-type":"","background-media":"","overlay-type":"","overlay-color":"","overlay-opacity":"","overlay-gradient":""},"mobile":{"background-color":"","background-image":"","background-repeat":"repeat","background-position":"center center","background-size":"auto","background-attachment":"scroll","background-type":"","background-media":"","overlay-type":"","overlay-color":"","overlay-opacity":"","overlay-gradient":""}},"ast-content-background-meta":{"desktop":{"background-color":"var(--ast-global-color-5)","background-image":"","background-repeat":"repeat","background-position":"center center","background-size":"auto","background-attachment":"scroll","background-type":"","background-media":"","overlay-type":"","overlay-color":"","overlay-opacity":"","overlay-gradient":""},"tablet":{"background-color":"var(--ast-global-color-5)","background-image":"","background-repeat":"repeat","background-position":"center center","background-size":"auto","background-attachment":"scroll","background-type":"","background-media":"","overlay-type":"","overlay-color":"","overlay-opacity":"","overlay-gradient":""},"mobile":{"background-color":"var(--ast-global-color-5)","background-image":"","background-repeat":"repeat","background-position":"center center","background-size":"auto","background-attachment":"scroll","background-type":"","background-media":"","overlay-type":"","overlay-color":"","overlay-opacity":"","overlay-gradient":""}},"footnotes":""},"categories":[35,1,4,5,203],"tags":[216,217],"class_list":["post-2983","post","type-post","status-publish","format-standard","has-post-thumbnail","hentry","category-cicle-mitja","category-general","category-portada","category-primaria","category-rebost-fotos-2019-2020","tag-activitats-tac","tag-programacio-a-primaria"],"post_mailing_queue_ids":[],"_links":{"self":[{"href":"https:\/\/agora.xtec.cat\/ceip-enric-granados\/wp-json\/wp\/v2\/posts\/2983","targetHints":{"allow":["GET"]}}],"collection":[{"href":"https:\/\/agora.xtec.cat\/ceip-enric-granados\/wp-json\/wp\/v2\/posts"}],"about":[{"href":"https:\/\/agora.xtec.cat\/ceip-enric-granados\/wp-json\/wp\/v2\/types\/post"}],"author":[{"embeddable":true,"href":"https:\/\/agora.xtec.cat\/ceip-enric-granados\/wp-json\/wp\/v2\/users\/132"}],"replies":[{"embeddable":true,"href":"https:\/\/agora.xtec.cat\/ceip-enric-granados\/wp-json\/wp\/v2\/comments?post=2983"}],"version-history":[{"count":3,"href":"https:\/\/agora.xtec.cat\/ceip-enric-granados\/wp-json\/wp\/v2\/posts\/2983\/revisions"}],"predecessor-version":[{"id":2988,"href":"https:\/\/agora.xtec.cat\/ceip-enric-granados\/wp-json\/wp\/v2\/posts\/2983\/revisions\/2988"}],"wp:featuredmedia":[{"embeddable":true,"href":"https:\/\/agora.xtec.cat\/ceip-enric-granados\/wp-json\/wp\/v2\/media\/2986"}],"wp:attachment":[{"href":"https:\/\/agora.xtec.cat\/ceip-enric-granados\/wp-json\/wp\/v2\/media?parent=2983"}],"wp:term":[{"taxonomy":"category","embeddable":true,"href":"https:\/\/agora.xtec.cat\/ceip-enric-granados\/wp-json\/wp\/v2\/categories?post=2983"},{"taxonomy":"post_tag","embeddable":true,"href":"https:\/\/agora.xtec.cat\/ceip-enric-granados\/wp-json\/wp\/v2\/tags?post=2983"}],"curies":[{"name":"wp","href":"https:\/\/api.w.org\/{rel}","templated":true}]}}