{"id":2958,"date":"2020-01-28T12:40:22","date_gmt":"2020-01-28T11:40:22","guid":{"rendered":"http:\/\/agora.xtec.cat\/ceip-enric-granados\/?p=2958"},"modified":"2020-01-29T09:34:25","modified_gmt":"2020-01-29T08:34:25","slug":"anem-de-colonies","status":"publish","type":"post","link":"https:\/\/agora.xtec.cat\/ceip-enric-granados\/parvulari\/anem-de-colonies\/","title":{"rendered":"Anem de col\u00f2nies"},"content":{"rendered":"<h6><strong>Documentaci\u00f3: <a href=\"https:\/\/agora.xtec.cat\/ceip-enric-granados\/wp-content\/uploads\/usu843\/2020\/01\/terminis-pagament.pdf\" target=\"_blank\" rel=\"noopener noreferrer\">Terminis del pagament<\/a> | <a href=\"https:\/\/agora.xtec.cat\/ceip-enric-granados\/wp-content\/uploads\/usu843\/2020\/01\/autoritzacio.pdf\" target=\"_blank\" rel=\"noopener noreferrer\">Autoritzaci\u00f3<\/a> | <a href=\"https:\/\/agora.xtec.cat\/ceip-enric-granados\/wp-content\/uploads\/usu843\/2020\/01\/COLONIES-QUE-CAL-PORTAR-2.pdf\" target=\"_blank\" rel=\"noopener noreferrer\">Que cal portar a les col\u00f2nies?<\/a><\/strong><\/h6>\n<p><strong>Benvolgudes fam\u00edlies:<\/strong><\/p>\n<h6>Com cada any l&#8217;escola ha decidit anar de col\u00f2nies amb els vostres fills i filles a Calafell i ens dirigim a tots vosaltres per saber quants podeu venir. El lloc escollit per passar dos dies i una nit (11 i 12 de maig de 2020) \u00e9s la casa <a href=\"https:\/\/www.peretarres.org\/cases-colonies-albergs\/cases-colonies-albergs-catalunya-balears\/cases-colonies-albergs-catalunya\/casa-de-colonies-artur-martorell-calafell-tarragona\" target=\"_blank\" rel=\"noopener noreferrer\">\u201cArtur Martorell\u201d <\/a>situada a <a href=\"http:\/\/turisme.calafell.cat\/\" target=\"_blank\" rel=\"noopener noreferrer\">Calafell<\/a> <a href=\"http:\/\/turismebaixpenedes.cat\/\" target=\"_blank\" rel=\"noopener noreferrer\">(Baix Pened\u00e8s)<\/a>. Com tots els anys hi haur\u00e0 facilitat de pagament (Us recordem que el pagament es pot fer en efectiu, targeta i tamb\u00e9 amb targeta solid\u00e0ria. Tamb\u00e9 podeu passar per direcci\u00f3 i comentar la vostra situaci\u00f3 personalment). Per tal de poder concretar la reserva i autocars, us preguem que contesteu abans del 7 de febrer.<\/h6>\n","protected":false},"excerpt":{"rendered":"<p>Documentaci\u00f3: Terminis del pagament | Autoritzaci\u00f3 | Que cal portar a les col\u00f2nies? Benvolgudes fam\u00edlies: Com cada any l&#8217;escola ha decidit anar de col\u00f2nies amb els vostres fills i filles a Calafell i ens dirigim a tots vosaltres per saber quants podeu venir. El lloc escollit per passar dos dies i una nit (11 i [&hellip;]<\/p>\n","protected":false},"author":1,"featured_media":434,"comment_status":"closed","ping_status":"closed","sticky":false,"template":"","format":"standard","meta":{"_bbp_topic_count":0,"_bbp_reply_count":0,"_bbp_total_topic_count":0,"_bbp_total_reply_count":0,"_bbp_voice_count":0,"_bbp_anonymous_reply_count":0,"_bbp_topic_count_hidden":0,"_bbp_reply_count_hidden":0,"_bbp_forum_subforum_count":0,"site-sidebar-layout":"default","site-content-layout":"","ast-site-content-layout":"","site-content-style":"default","site-sidebar-style":"default","ast-global-header-display":"","ast-banner-title-visibility":"","ast-main-header-display":"","ast-hfb-above-header-display":"","ast-hfb-below-header-display":"","ast-hfb-mobile-header-display":"","site-post-title":"","ast-breadcrumbs-content":"","ast-featured-img":"","footer-sml-layout":"","theme-transparent-header-meta":"","adv-header-id-meta":"","stick-header-meta":"","header-above-stick-meta":"","header-main-stick-meta":"","header-below-stick-meta":"","astra-migrate-meta-layouts":"default","ast-page-background-enabled":"default","ast-page-background-meta":{"desktop":{"background-color":"var(--ast-global-color-4)","background-image":"","background-repeat":"repeat","background-position":"center center","background-size":"auto","background-attachment":"scroll","background-type":"","background-media":"","overlay-type":"","overlay-color":"","overlay-opacity":"","overlay-gradient":""},"tablet":{"background-color":"","background-image":"","background-repeat":"repeat","background-position":"center center","background-size":"auto","background-attachment":"scroll","background-type":"","background-media":"","overlay-type":"","overlay-color":"","overlay-opacity":"","overlay-gradient":""},"mobile":{"background-color":"","background-image":"","background-repeat":"repeat","background-position":"center center","background-size":"auto","background-attachment":"scroll","background-type":"","background-media":"","overlay-type":"","overlay-color":"","overlay-opacity":"","overlay-gradient":""}},"ast-content-background-meta":{"desktop":{"background-color":"var(--ast-global-color-5)","background-image":"","background-repeat":"repeat","background-position":"center center","background-size":"auto","background-attachment":"scroll","background-type":"","background-media":"","overlay-type":"","overlay-color":"","overlay-opacity":"","overlay-gradient":""},"tablet":{"background-color":"var(--ast-global-color-5)","background-image":"","background-repeat":"repeat","background-position":"center center","background-size":"auto","background-attachment":"scroll","background-type":"","background-media":"","overlay-type":"","overlay-color":"","overlay-opacity":"","overlay-gradient":""},"mobile":{"background-color":"var(--ast-global-color-5)","background-image":"","background-repeat":"repeat","background-position":"center center","background-size":"auto","background-attachment":"scroll","background-type":"","background-media":"","overlay-type":"","overlay-color":"","overlay-opacity":"","overlay-gradient":""}},"footnotes":""},"categories":[47,2,4,5,203],"tags":[49],"class_list":["post-2958","post","type-post","status-publish","format-standard","has-post-thumbnail","hentry","category-colonies","category-parvulari","category-portada","category-primaria","category-rebost-fotos-2019-2020","tag-colonies"],"post_mailing_queue_ids":[],"_links":{"self":[{"href":"https:\/\/agora.xtec.cat\/ceip-enric-granados\/wp-json\/wp\/v2\/posts\/2958","targetHints":{"allow":["GET"]}}],"collection":[{"href":"https:\/\/agora.xtec.cat\/ceip-enric-granados\/wp-json\/wp\/v2\/posts"}],"about":[{"href":"https:\/\/agora.xtec.cat\/ceip-enric-granados\/wp-json\/wp\/v2\/types\/post"}],"author":[{"embeddable":true,"href":"https:\/\/agora.xtec.cat\/ceip-enric-granados\/wp-json\/wp\/v2\/users\/1"}],"replies":[{"embeddable":true,"href":"https:\/\/agora.xtec.cat\/ceip-enric-granados\/wp-json\/wp\/v2\/comments?post=2958"}],"version-history":[{"count":4,"href":"https:\/\/agora.xtec.cat\/ceip-enric-granados\/wp-json\/wp\/v2\/posts\/2958\/revisions"}],"predecessor-version":[{"id":2975,"href":"https:\/\/agora.xtec.cat\/ceip-enric-granados\/wp-json\/wp\/v2\/posts\/2958\/revisions\/2975"}],"wp:featuredmedia":[{"embeddable":true,"href":"https:\/\/agora.xtec.cat\/ceip-enric-granados\/wp-json\/wp\/v2\/media\/434"}],"wp:attachment":[{"href":"https:\/\/agora.xtec.cat\/ceip-enric-granados\/wp-json\/wp\/v2\/media?parent=2958"}],"wp:term":[{"taxonomy":"category","embeddable":true,"href":"https:\/\/agora.xtec.cat\/ceip-enric-granados\/wp-json\/wp\/v2\/categories?post=2958"},{"taxonomy":"post_tag","embeddable":true,"href":"https:\/\/agora.xtec.cat\/ceip-enric-granados\/wp-json\/wp\/v2\/tags?post=2958"}],"curies":[{"name":"wp","href":"https:\/\/api.w.org\/{rel}","templated":true}]}}