{"id":2900,"date":"2019-12-09T12:15:22","date_gmt":"2019-12-09T11:15:22","guid":{"rendered":"http:\/\/agora.xtec.cat\/ceip-enric-granados\/?p=2900"},"modified":"2019-12-09T12:33:31","modified_gmt":"2019-12-09T11:33:31","slug":"cursos-de-formacio-de-la-fapac","status":"publish","type":"post","link":"https:\/\/agora.xtec.cat\/ceip-enric-granados\/portada\/cursos-de-formacio-de-la-fapac\/","title":{"rendered":"Cursos de formaci\u00f3 de la FAPAC"},"content":{"rendered":"<p><strong>Comencen els cursos de formaci\u00f3 de la FaPaC:\u00a0<\/strong>Curs de Gesti\u00f3 B\u00e0sica per a AMPA\/ AFA-de Sants Montju\u00efc.<\/p>\n<p><strong><a href=\"https:\/\/fapac.cat\/agenda\/curs-gestio-basica-ampa-afa-barcelona-sants-montjuic\/\" target=\"_blank\" rel=\"noopener noreferrer\">Inscripcions al curs de gesti\u00f3 b\u00e0sica<\/a> <\/strong><\/p>\n<p><strong>A qui va dirigit:\u00a0<\/strong>A totes les persones que col\u00b7laboren o s\u2019incorporen a les AMPA\/AFA.<\/p>\n<p><strong>Qu\u00e8 fem:\u00a0<\/strong>Donem les eines per facilitar l\u2019organitzaci\u00f3 de l\u2019AMPA\/AFA, d\u2019acord a la legislaci\u00f3 vigent.\u00a0Donem a con\u00e8ixer informaci\u00f3 rellevant sobre el funcionament i l\u2019organitzaci\u00f3 de l\u2019AMPA\/AFA i del centre educatiu.\u00a0Potenciem el desenvolupament de recursos, procediments i estrat\u00e8gies per materialitzar la participaci\u00f3.<\/p>\n<p><strong>\u00a0Continguts del curs:<\/strong><\/p>\n<ol>\n<li>La FaPaC i la seva *relaci\u00f3 amb les AMPA\/AFA s\u00f2cies*.<\/li>\n<li>Els *espais de participaci\u00f3* de l\u2019AMPA\/AFA com a membres de la comunitat educativa: Consell Escolar del Centre, Consell Escolar Municipal i Comissi\u00f3 de Garanties i Admissi\u00f3.<\/li>\n<li>L\u2019AMPA\/AFA i la seva *organitzaci\u00f3*: entitat jur\u00eddica; estatuts, quotes, socis; els \u00f2rgans de govern; relleus de c\u00e0rrecs; gesti\u00f3 b\u00e0sica.<\/li>\n<li>*Assegurances*: de responsabilitat civil, d\u2019accidents. Funcionament web d\u2019assegurances.<\/li>\n<li>*Protecci\u00f3 de dades*.<\/li>\n<li>*Menjador escolar*: normativa aplicable, organitzaci\u00f3 del servei (pla de funcionament, tipus de gesti\u00f3, contractes amb empreses per la prestaci\u00f3 del servei).<\/li>\n<li>*Activitats extraescolars*.<\/li>\n<li>*Llibres de text* (distribuci\u00f3 i socialitzaci\u00f3).<\/li>\n<li>*Fiscalitat* (recomanacions i obligacions fiscals).<\/li>\n<\/ol>\n<p><strong> <a href=\"https:\/\/fapac.cat\/agenda\/curs-gestio-basica-ampa-afa-barcelona-sants-montjuic\/\" target=\"_blank\" rel=\"noopener noreferrer\">Inscripcions al curs de gesti\u00f3 b\u00e0sica<\/a> <\/strong>\u00a0Totes les formacions s\u00f3n gratu\u00eftes<\/p>\n<p><strong>A on i quan:\u00a0<\/strong>Escola Enric Granados\u00a0 Passeig de la Zona Franca 98-104 08038 Barcelona.\u00a0 dimecres 11 de desembre de 17.00 -19.30 hores<\/p>\n","protected":false},"excerpt":{"rendered":"<p>Comencen els cursos de formaci\u00f3 de la FaPaC:\u00a0Curs de Gesti\u00f3 B\u00e0sica per a AMPA\/ AFA-de Sants Montju\u00efc. Inscripcions al curs de gesti\u00f3 b\u00e0sica A qui va dirigit:\u00a0A totes les persones que col\u00b7laboren o s\u2019incorporen a les AMPA\/AFA. Qu\u00e8 fem:\u00a0Donem les eines per facilitar l\u2019organitzaci\u00f3 de l\u2019AMPA\/AFA, d\u2019acord a la legislaci\u00f3 vigent.\u00a0Donem a con\u00e8ixer informaci\u00f3 rellevant [&hellip;]<\/p>\n","protected":false},"author":1,"featured_media":2899,"comment_status":"closed","ping_status":"closed","sticky":false,"template":"","format":"standard","meta":{"_bbp_topic_count":0,"_bbp_reply_count":0,"_bbp_total_topic_count":0,"_bbp_total_reply_count":0,"_bbp_voice_count":0,"_bbp_anonymous_reply_count":0,"_bbp_topic_count_hidden":0,"_bbp_reply_count_hidden":0,"_bbp_forum_subforum_count":0,"site-sidebar-layout":"default","site-content-layout":"","ast-site-content-layout":"","site-content-style":"default","site-sidebar-style":"default","ast-global-header-display":"","ast-banner-title-visibility":"","ast-main-header-display":"","ast-hfb-above-header-display":"","ast-hfb-below-header-display":"","ast-hfb-mobile-header-display":"","site-post-title":"","ast-breadcrumbs-content":"","ast-featured-img":"","footer-sml-layout":"","theme-transparent-header-meta":"","adv-header-id-meta":"","stick-header-meta":"","header-above-stick-meta":"","header-main-stick-meta":"","header-below-stick-meta":"","astra-migrate-meta-layouts":"default","ast-page-background-enabled":"default","ast-page-background-meta":{"desktop":{"background-color":"var(--ast-global-color-4)","background-image":"","background-repeat":"repeat","background-position":"center center","background-size":"auto","background-attachment":"scroll","background-type":"","background-media":"","overlay-type":"","overlay-color":"","overlay-opacity":"","overlay-gradient":""},"tablet":{"background-color":"","background-image":"","background-repeat":"repeat","background-position":"center center","background-size":"auto","background-attachment":"scroll","background-type":"","background-media":"","overlay-type":"","overlay-color":"","overlay-opacity":"","overlay-gradient":""},"mobile":{"background-color":"","background-image":"","background-repeat":"repeat","background-position":"center center","background-size":"auto","background-attachment":"scroll","background-type":"","background-media":"","overlay-type":"","overlay-color":"","overlay-opacity":"","overlay-gradient":""}},"ast-content-background-meta":{"desktop":{"background-color":"var(--ast-global-color-5)","background-image":"","background-repeat":"repeat","background-position":"center center","background-size":"auto","background-attachment":"scroll","background-type":"","background-media":"","overlay-type":"","overlay-color":"","overlay-opacity":"","overlay-gradient":""},"tablet":{"background-color":"var(--ast-global-color-5)","background-image":"","background-repeat":"repeat","background-position":"center center","background-size":"auto","background-attachment":"scroll","background-type":"","background-media":"","overlay-type":"","overlay-color":"","overlay-opacity":"","overlay-gradient":""},"mobile":{"background-color":"var(--ast-global-color-5)","background-image":"","background-repeat":"repeat","background-position":"center center","background-size":"auto","background-attachment":"scroll","background-type":"","background-media":"","overlay-type":"","overlay-color":"","overlay-opacity":"","overlay-gradient":""}},"footnotes":""},"categories":[4],"tags":[207,131,206],"class_list":["post-2900","post","type-post","status-publish","format-standard","has-post-thumbnail","hentry","category-portada","tag-afa","tag-ampa","tag-fapac"],"post_mailing_queue_ids":[],"_links":{"self":[{"href":"https:\/\/agora.xtec.cat\/ceip-enric-granados\/wp-json\/wp\/v2\/posts\/2900","targetHints":{"allow":["GET"]}}],"collection":[{"href":"https:\/\/agora.xtec.cat\/ceip-enric-granados\/wp-json\/wp\/v2\/posts"}],"about":[{"href":"https:\/\/agora.xtec.cat\/ceip-enric-granados\/wp-json\/wp\/v2\/types\/post"}],"author":[{"embeddable":true,"href":"https:\/\/agora.xtec.cat\/ceip-enric-granados\/wp-json\/wp\/v2\/users\/1"}],"replies":[{"embeddable":true,"href":"https:\/\/agora.xtec.cat\/ceip-enric-granados\/wp-json\/wp\/v2\/comments?post=2900"}],"version-history":[{"count":2,"href":"https:\/\/agora.xtec.cat\/ceip-enric-granados\/wp-json\/wp\/v2\/posts\/2900\/revisions"}],"predecessor-version":[{"id":2903,"href":"https:\/\/agora.xtec.cat\/ceip-enric-granados\/wp-json\/wp\/v2\/posts\/2900\/revisions\/2903"}],"wp:featuredmedia":[{"embeddable":true,"href":"https:\/\/agora.xtec.cat\/ceip-enric-granados\/wp-json\/wp\/v2\/media\/2899"}],"wp:attachment":[{"href":"https:\/\/agora.xtec.cat\/ceip-enric-granados\/wp-json\/wp\/v2\/media?parent=2900"}],"wp:term":[{"taxonomy":"category","embeddable":true,"href":"https:\/\/agora.xtec.cat\/ceip-enric-granados\/wp-json\/wp\/v2\/categories?post=2900"},{"taxonomy":"post_tag","embeddable":true,"href":"https:\/\/agora.xtec.cat\/ceip-enric-granados\/wp-json\/wp\/v2\/tags?post=2900"}],"curies":[{"name":"wp","href":"https:\/\/api.w.org\/{rel}","templated":true}]}}