{"id":2733,"date":"2019-09-04T14:04:50","date_gmt":"2019-09-04T12:04:50","guid":{"rendered":"http:\/\/agora.xtec.cat\/ceip-enric-granados\/?p=2733"},"modified":"2019-10-04T10:20:20","modified_gmt":"2019-10-04T08:20:20","slug":"a-latencio-de-les-families","status":"publish","type":"post","link":"https:\/\/agora.xtec.cat\/ceip-enric-granados\/portada\/a-latencio-de-les-families\/","title":{"rendered":"A l&#8217;atenci\u00f3 de les fam\u00edlies"},"content":{"rendered":"<p><a href=\"https:\/\/agora.xtec.cat\/ceip-enric-granados\/wp-content\/uploads\/usu843\/2019\/09\/Calendari-2019-2020.pdf\">Calendari escolar 2019-2020<\/a><\/p>\n<p>Data d&#8217;inici de les classes: 12 de setembre.<\/p>\n<p>Horari lectiu: de 9 hores a 13 hores (del 12 de setembre a 27 de setembre, ambd\u00f3s inclosos).<\/p>\n<p>Horari de menjador: de 13 hores a 14 hores. Aquest servei \u00e9s opcional (del 12 de setembre a 27 de setembre, ambd\u00f3s inclosos).<\/p>\n<p>Horari d&#8217;acollida: de 14 hores a 16 hores. Aquest servei \u00e9s opcional (del 12 de setembre a 27 de setembre, ambd\u00f3s inclosos).<\/p>\n<p><a href=\"https:\/\/agora.xtec.cat\/ceip-enric-granados\/wp-content\/uploads\/usu843\/2019\/07\/LLIBRES-TEXT-2019-2020.pdf\" target=\"_blank\" rel=\"noopener noreferrer\">Llibres de text curs 2019-2020<\/a><\/p>\n<p>La venda de llibres es realitzar\u00e0 des del 12 de setembre fins el 20 de setembre.<\/p>\n<p><strong>P3, P4 i P5<\/strong> hauran d&#8217;abonar <strong>40 \u20ac<\/strong> en concepte de material complementari<\/p>\n<p><strong>Material escolar:<\/strong><\/p>\n<p>40 \u20ac (pagament directament a l&#8217;Ampa durant la venda dels llibres de text)<\/p>\n<p>Paquet de 500 folis tamany Din4 de 80 grs. (alumnes de P4, P5, 1r, 2n, 3r, 4t, 5\u00e8 i 6\u00e8)<br \/>\n1 paquet de 500 folis tamany A3 per a p\u00e0rvuls 3 anys.<br \/>\n5 \u20ac (en concepte de copisteria).<br \/>\nHi haur\u00e0 a la vostra disposici\u00f3 samarretes i xandalls amb el logotip de l\u2019escola<\/p>\n","protected":false},"excerpt":{"rendered":"<p>Calendari escolar 2019-2020 Data d&#8217;inici de les classes: 12 de setembre. Horari lectiu: de 9 hores a 13 hores (del 12 de setembre a 27 de setembre, ambd\u00f3s inclosos). Horari de menjador: de 13 hores a 14 hores. Aquest servei \u00e9s opcional (del 12 de setembre a 27 de setembre, ambd\u00f3s inclosos). Horari d&#8217;acollida: de [&hellip;]<\/p>\n","protected":false},"author":1,"featured_media":0,"comment_status":"open","ping_status":"closed","sticky":false,"template":"","format":"standard","meta":{"_bbp_topic_count":0,"_bbp_reply_count":0,"_bbp_total_topic_count":0,"_bbp_total_reply_count":0,"_bbp_voice_count":0,"_bbp_anonymous_reply_count":0,"_bbp_topic_count_hidden":0,"_bbp_reply_count_hidden":0,"_bbp_forum_subforum_count":0,"site-sidebar-layout":"default","site-content-layout":"","ast-site-content-layout":"","site-content-style":"default","site-sidebar-style":"default","ast-global-header-display":"","ast-banner-title-visibility":"","ast-main-header-display":"","ast-hfb-above-header-display":"","ast-hfb-below-header-display":"","ast-hfb-mobile-header-display":"","site-post-title":"","ast-breadcrumbs-content":"","ast-featured-img":"","footer-sml-layout":"","theme-transparent-header-meta":"","adv-header-id-meta":"","stick-header-meta":"","header-above-stick-meta":"","header-main-stick-meta":"","header-below-stick-meta":"","astra-migrate-meta-layouts":"default","ast-page-background-enabled":"default","ast-page-background-meta":{"desktop":{"background-color":"var(--ast-global-color-4)","background-image":"","background-repeat":"repeat","background-position":"center center","background-size":"auto","background-attachment":"scroll","background-type":"","background-media":"","overlay-type":"","overlay-color":"","overlay-opacity":"","overlay-gradient":""},"tablet":{"background-color":"","background-image":"","background-repeat":"repeat","background-position":"center center","background-size":"auto","background-attachment":"scroll","background-type":"","background-media":"","overlay-type":"","overlay-color":"","overlay-opacity":"","overlay-gradient":""},"mobile":{"background-color":"","background-image":"","background-repeat":"repeat","background-position":"center center","background-size":"auto","background-attachment":"scroll","background-type":"","background-media":"","overlay-type":"","overlay-color":"","overlay-opacity":"","overlay-gradient":""}},"ast-content-background-meta":{"desktop":{"background-color":"var(--ast-global-color-5)","background-image":"","background-repeat":"repeat","background-position":"center center","background-size":"auto","background-attachment":"scroll","background-type":"","background-media":"","overlay-type":"","overlay-color":"","overlay-opacity":"","overlay-gradient":""},"tablet":{"background-color":"var(--ast-global-color-5)","background-image":"","background-repeat":"repeat","background-position":"center center","background-size":"auto","background-attachment":"scroll","background-type":"","background-media":"","overlay-type":"","overlay-color":"","overlay-opacity":"","overlay-gradient":""},"mobile":{"background-color":"var(--ast-global-color-5)","background-image":"","background-repeat":"repeat","background-position":"center center","background-size":"auto","background-attachment":"scroll","background-type":"","background-media":"","overlay-type":"","overlay-color":"","overlay-opacity":"","overlay-gradient":""}},"footnotes":""},"categories":[4],"tags":[],"class_list":["post-2733","post","type-post","status-publish","format-standard","hentry","category-portada"],"post_mailing_queue_ids":[],"_links":{"self":[{"href":"https:\/\/agora.xtec.cat\/ceip-enric-granados\/wp-json\/wp\/v2\/posts\/2733","targetHints":{"allow":["GET"]}}],"collection":[{"href":"https:\/\/agora.xtec.cat\/ceip-enric-granados\/wp-json\/wp\/v2\/posts"}],"about":[{"href":"https:\/\/agora.xtec.cat\/ceip-enric-granados\/wp-json\/wp\/v2\/types\/post"}],"author":[{"embeddable":true,"href":"https:\/\/agora.xtec.cat\/ceip-enric-granados\/wp-json\/wp\/v2\/users\/1"}],"replies":[{"embeddable":true,"href":"https:\/\/agora.xtec.cat\/ceip-enric-granados\/wp-json\/wp\/v2\/comments?post=2733"}],"version-history":[{"count":3,"href":"https:\/\/agora.xtec.cat\/ceip-enric-granados\/wp-json\/wp\/v2\/posts\/2733\/revisions"}],"predecessor-version":[{"id":2757,"href":"https:\/\/agora.xtec.cat\/ceip-enric-granados\/wp-json\/wp\/v2\/posts\/2733\/revisions\/2757"}],"wp:attachment":[{"href":"https:\/\/agora.xtec.cat\/ceip-enric-granados\/wp-json\/wp\/v2\/media?parent=2733"}],"wp:term":[{"taxonomy":"category","embeddable":true,"href":"https:\/\/agora.xtec.cat\/ceip-enric-granados\/wp-json\/wp\/v2\/categories?post=2733"},{"taxonomy":"post_tag","embeddable":true,"href":"https:\/\/agora.xtec.cat\/ceip-enric-granados\/wp-json\/wp\/v2\/tags?post=2733"}],"curies":[{"name":"wp","href":"https:\/\/api.w.org\/{rel}","templated":true}]}}