{"id":2687,"date":"2019-06-06T12:43:33","date_gmt":"2019-06-06T10:43:33","guid":{"rendered":"http:\/\/agora.xtec.cat\/ceip-enric-granados\/?p=2687"},"modified":"2019-06-12T10:51:22","modified_gmt":"2019-06-12T08:51:22","slug":"teatre-de-3r-caixa-deines-de-la-marina","status":"publish","type":"post","link":"https:\/\/agora.xtec.cat\/ceip-enric-granados\/portada\/teatre-de-3r-caixa-deines-de-la-marina\/","title":{"rendered":"Teatre de 3r. Caixa d&#8217;Eines de La Marina"},"content":{"rendered":"<p><a href=\"https:\/\/youtu.be\/mI__EG-W3nU\" target=\"_blank\" rel=\"noopener noreferrer\">Clip de v\u00eddeo<\/a><\/p>\n<p>Els alumnes de tercer, dins les activitats de la Caixa d&#8217;Eines de la Marina, representaran el proper dimarts 11 de juny l&#8217;obra:\u00a0<strong>BABA IAG\u00c0.\u00a0<\/strong>A la\u00a0<a href=\"https:\/\/ca.wikipedia.org\/wiki\/Mitologia_eslava\">mitologia eslava<\/a>, la\u00a0<strong>Baba Iag\u00e0<\/strong>\u00a0(<em>\u0411\u0430\u0301\u0431\u0430-\u044f\u0433\u0430\u0301<\/em>\u00a0en\u00a0<a href=\"https:\/\/ca.wikipedia.org\/wiki\/Rus\">rus<\/a>,\u00a0<em>Baba Jaga<\/em>\u00a0en\u00a0<a href=\"https:\/\/ca.wikipedia.org\/wiki\/Polon%C3%A8s\">polon\u00e8s<\/a>) \u00e9s un personatge sorgit dels antics cultes\u00a0<a href=\"https:\/\/ca.wikipedia.org\/wiki\/Matriarcat\">matriarcals<\/a>. Baba Iag\u00e0 \u00e9s una de tres germanes amb el mateix nom, representada com una dona vella amb aspecte deformat i ferotge. Des del segle XIX, a la Baba Iag\u00e0 se la representa com una bruixa que viatja volant dins un morter (i armada amb la m\u00e0 de morter). Viu a la part m\u00e9s profunda del bosc, en una cabanya que acostuma a tenir una o dues potes de pollastre. La Baba Iag\u00e0 pot ajudar o fer la vida impossible a aquells que la busquen o se la troben.\u00a0Direcci\u00f3: Giovanna Pezzullo. La Caixa d\u2019Eines (Teatre dels Sentits).<\/p>\n<p><iframe loading=\"lazy\" src=\"https:\/\/www.youtube.com\/embed\/mI__EG-W3nU\" width=\"560\" height=\"315\" frameborder=\"0\" allowfullscreen=\"allowfullscreen\"><\/iframe><\/p>\n","protected":false},"excerpt":{"rendered":"<p>Clip de v\u00eddeo Els alumnes de tercer, dins les activitats de la Caixa d&#8217;Eines de la Marina, representaran el proper dimarts 11 de juny l&#8217;obra:\u00a0BABA IAG\u00c0.\u00a0A la\u00a0mitologia eslava, la\u00a0Baba Iag\u00e0\u00a0(\u0411\u0430\u0301\u0431\u0430-\u044f\u0433\u0430\u0301\u00a0en\u00a0rus,\u00a0Baba Jaga\u00a0en\u00a0polon\u00e8s) \u00e9s un personatge sorgit dels antics cultes\u00a0matriarcals. Baba Iag\u00e0 \u00e9s una de tres germanes amb el mateix nom, representada com una dona vella amb [&hellip;]<\/p>\n","protected":false},"author":1,"featured_media":2662,"comment_status":"closed","ping_status":"closed","sticky":false,"template":"","format":"standard","meta":{"_bbp_topic_count":0,"_bbp_reply_count":0,"_bbp_total_topic_count":0,"_bbp_total_reply_count":0,"_bbp_voice_count":0,"_bbp_anonymous_reply_count":0,"_bbp_topic_count_hidden":0,"_bbp_reply_count_hidden":0,"_bbp_forum_subforum_count":0,"site-sidebar-layout":"default","site-content-layout":"","ast-site-content-layout":"","site-content-style":"default","site-sidebar-style":"default","ast-global-header-display":"","ast-banner-title-visibility":"","ast-main-header-display":"","ast-hfb-above-header-display":"","ast-hfb-below-header-display":"","ast-hfb-mobile-header-display":"","site-post-title":"","ast-breadcrumbs-content":"","ast-featured-img":"","footer-sml-layout":"","theme-transparent-header-meta":"","adv-header-id-meta":"","stick-header-meta":"","header-above-stick-meta":"","header-main-stick-meta":"","header-below-stick-meta":"","astra-migrate-meta-layouts":"default","ast-page-background-enabled":"default","ast-page-background-meta":{"desktop":{"background-color":"var(--ast-global-color-4)","background-image":"","background-repeat":"repeat","background-position":"center center","background-size":"auto","background-attachment":"scroll","background-type":"","background-media":"","overlay-type":"","overlay-color":"","overlay-opacity":"","overlay-gradient":""},"tablet":{"background-color":"","background-image":"","background-repeat":"repeat","background-position":"center center","background-size":"auto","background-attachment":"scroll","background-type":"","background-media":"","overlay-type":"","overlay-color":"","overlay-opacity":"","overlay-gradient":""},"mobile":{"background-color":"","background-image":"","background-repeat":"repeat","background-position":"center center","background-size":"auto","background-attachment":"scroll","background-type":"","background-media":"","overlay-type":"","overlay-color":"","overlay-opacity":"","overlay-gradient":""}},"ast-content-background-meta":{"desktop":{"background-color":"var(--ast-global-color-5)","background-image":"","background-repeat":"repeat","background-position":"center center","background-size":"auto","background-attachment":"scroll","background-type":"","background-media":"","overlay-type":"","overlay-color":"","overlay-opacity":"","overlay-gradient":""},"tablet":{"background-color":"var(--ast-global-color-5)","background-image":"","background-repeat":"repeat","background-position":"center center","background-size":"auto","background-attachment":"scroll","background-type":"","background-media":"","overlay-type":"","overlay-color":"","overlay-opacity":"","overlay-gradient":""},"mobile":{"background-color":"var(--ast-global-color-5)","background-image":"","background-repeat":"repeat","background-position":"center center","background-size":"auto","background-attachment":"scroll","background-type":"","background-media":"","overlay-type":"","overlay-color":"","overlay-opacity":"","overlay-gradient":""}},"footnotes":""},"categories":[35,4,5,166],"tags":[199,200,63],"class_list":["post-2687","post","type-post","status-publish","format-standard","has-post-thumbnail","hentry","category-cicle-mitja","category-portada","category-primaria","category-rebost-fotos-2018-2019","tag-caixa-deines","tag-la-marina","tag-teatre"],"post_mailing_queue_ids":[],"_links":{"self":[{"href":"https:\/\/agora.xtec.cat\/ceip-enric-granados\/wp-json\/wp\/v2\/posts\/2687","targetHints":{"allow":["GET"]}}],"collection":[{"href":"https:\/\/agora.xtec.cat\/ceip-enric-granados\/wp-json\/wp\/v2\/posts"}],"about":[{"href":"https:\/\/agora.xtec.cat\/ceip-enric-granados\/wp-json\/wp\/v2\/types\/post"}],"author":[{"embeddable":true,"href":"https:\/\/agora.xtec.cat\/ceip-enric-granados\/wp-json\/wp\/v2\/users\/1"}],"replies":[{"embeddable":true,"href":"https:\/\/agora.xtec.cat\/ceip-enric-granados\/wp-json\/wp\/v2\/comments?post=2687"}],"version-history":[{"count":2,"href":"https:\/\/agora.xtec.cat\/ceip-enric-granados\/wp-json\/wp\/v2\/posts\/2687\/revisions"}],"predecessor-version":[{"id":2692,"href":"https:\/\/agora.xtec.cat\/ceip-enric-granados\/wp-json\/wp\/v2\/posts\/2687\/revisions\/2692"}],"wp:featuredmedia":[{"embeddable":true,"href":"https:\/\/agora.xtec.cat\/ceip-enric-granados\/wp-json\/wp\/v2\/media\/2662"}],"wp:attachment":[{"href":"https:\/\/agora.xtec.cat\/ceip-enric-granados\/wp-json\/wp\/v2\/media?parent=2687"}],"wp:term":[{"taxonomy":"category","embeddable":true,"href":"https:\/\/agora.xtec.cat\/ceip-enric-granados\/wp-json\/wp\/v2\/categories?post=2687"},{"taxonomy":"post_tag","embeddable":true,"href":"https:\/\/agora.xtec.cat\/ceip-enric-granados\/wp-json\/wp\/v2\/tags?post=2687"}],"curies":[{"name":"wp","href":"https:\/\/api.w.org\/{rel}","templated":true}]}}