{"id":2685,"date":"2019-06-06T13:00:22","date_gmt":"2019-06-06T11:00:22","guid":{"rendered":"http:\/\/agora.xtec.cat\/ceip-enric-granados\/?p=2685"},"modified":"2019-06-12T09:45:35","modified_gmt":"2019-06-12T07:45:35","slug":"sudansa-encontres-de-dansa-a-lescola-2019","status":"publish","type":"post","link":"https:\/\/agora.xtec.cat\/ceip-enric-granados\/portada\/sudansa-encontres-de-dansa-a-lescola-2019\/","title":{"rendered":"SUDANSA Encontres de dansa a l&#8217;escola 2019"},"content":{"rendered":"<p>Els nens i nenes de <strong>quart<\/strong> aquest dissabte <strong>8 de juny de 2019<\/strong> tenen el final del projecte de cicle mitj\u00e0 que consistir\u00e0 en la representaci\u00f3 al <strong>Mercat de les Flors<\/strong> de tota la seva feina del curs amb la core\u00f2grafa <strong>Cecilia Colacray, <\/strong>anomenat <strong>\u201cLes paraules m\u00e0giques\u201d.\u00a0 <\/strong>Aquests treballs coreogr\u00e0fics s\u2019han basat en una exploraci\u00f3 de la forma po\u00e8tica del <strong>Haiku<\/strong> japon\u00e8s.Actuaran amb altres escoles que tamb\u00e9 han participat en aquest projecte anomenat\u00a0\u00a0\u00a0 \u201c<strong>Encontres de dansa a l\u2019Escola\u201d.\u00a0 <\/strong>\u00a0El projecte\u00a0 \u00e9s el resultat d\u2019un treball de creaci\u00f3 coreogr\u00e0fica de dos anys de durada que ha associat a core\u00f2grafs de companyies professionals amb els alumnes i mestres de l\u2019Escola dins d\u2019un proc\u00e9s de formaci\u00f3 rec\u00edproca i de composici\u00f3. Dissabte <strong>8 de juny de 2019<\/strong> al <strong>Mercat de les Flors<\/strong> (carrer Lleida 59 de Barcelona. <strong>Sessi\u00f3 18\u201915<\/strong>. Entrades disponibles a les taquilles del mercat de les Flors el mateix dia 8 de juny.<\/p>\n","protected":false},"excerpt":{"rendered":"<p>Els nens i nenes de quart aquest dissabte 8 de juny de 2019 tenen el final del projecte de cicle mitj\u00e0 que consistir\u00e0 en la representaci\u00f3 al Mercat de les Flors de tota la seva feina del curs amb la core\u00f2grafa Cecilia Colacray, anomenat \u201cLes paraules m\u00e0giques\u201d.\u00a0 Aquests treballs coreogr\u00e0fics s\u2019han basat en una exploraci\u00f3 [&hellip;]<\/p>\n","protected":false},"author":1,"featured_media":2665,"comment_status":"closed","ping_status":"closed","sticky":false,"template":"","format":"standard","meta":{"_bbp_topic_count":0,"_bbp_reply_count":0,"_bbp_total_topic_count":0,"_bbp_total_reply_count":0,"_bbp_voice_count":0,"_bbp_anonymous_reply_count":0,"_bbp_topic_count_hidden":0,"_bbp_reply_count_hidden":0,"_bbp_forum_subforum_count":0,"site-sidebar-layout":"default","site-content-layout":"","ast-site-content-layout":"","site-content-style":"default","site-sidebar-style":"default","ast-global-header-display":"","ast-banner-title-visibility":"","ast-main-header-display":"","ast-hfb-above-header-display":"","ast-hfb-below-header-display":"","ast-hfb-mobile-header-display":"","site-post-title":"","ast-breadcrumbs-content":"","ast-featured-img":"","footer-sml-layout":"","theme-transparent-header-meta":"","adv-header-id-meta":"","stick-header-meta":"","header-above-stick-meta":"","header-main-stick-meta":"","header-below-stick-meta":"","astra-migrate-meta-layouts":"default","ast-page-background-enabled":"default","ast-page-background-meta":{"desktop":{"background-color":"var(--ast-global-color-4)","background-image":"","background-repeat":"repeat","background-position":"center center","background-size":"auto","background-attachment":"scroll","background-type":"","background-media":"","overlay-type":"","overlay-color":"","overlay-opacity":"","overlay-gradient":""},"tablet":{"background-color":"","background-image":"","background-repeat":"repeat","background-position":"center center","background-size":"auto","background-attachment":"scroll","background-type":"","background-media":"","overlay-type":"","overlay-color":"","overlay-opacity":"","overlay-gradient":""},"mobile":{"background-color":"","background-image":"","background-repeat":"repeat","background-position":"center center","background-size":"auto","background-attachment":"scroll","background-type":"","background-media":"","overlay-type":"","overlay-color":"","overlay-opacity":"","overlay-gradient":""}},"ast-content-background-meta":{"desktop":{"background-color":"var(--ast-global-color-5)","background-image":"","background-repeat":"repeat","background-position":"center center","background-size":"auto","background-attachment":"scroll","background-type":"","background-media":"","overlay-type":"","overlay-color":"","overlay-opacity":"","overlay-gradient":""},"tablet":{"background-color":"var(--ast-global-color-5)","background-image":"","background-repeat":"repeat","background-position":"center center","background-size":"auto","background-attachment":"scroll","background-type":"","background-media":"","overlay-type":"","overlay-color":"","overlay-opacity":"","overlay-gradient":""},"mobile":{"background-color":"var(--ast-global-color-5)","background-image":"","background-repeat":"repeat","background-position":"center center","background-size":"auto","background-attachment":"scroll","background-type":"","background-media":"","overlay-type":"","overlay-color":"","overlay-opacity":"","overlay-gradient":""}},"footnotes":""},"categories":[35,4,166],"tags":[202,201],"class_list":["post-2685","post","type-post","status-publish","format-standard","has-post-thumbnail","hentry","category-cicle-mitja","category-portada","category-rebost-fotos-2018-2019","tag-mercat-de-les-flors","tag-sudansa"],"post_mailing_queue_ids":[],"_links":{"self":[{"href":"https:\/\/agora.xtec.cat\/ceip-enric-granados\/wp-json\/wp\/v2\/posts\/2685","targetHints":{"allow":["GET"]}}],"collection":[{"href":"https:\/\/agora.xtec.cat\/ceip-enric-granados\/wp-json\/wp\/v2\/posts"}],"about":[{"href":"https:\/\/agora.xtec.cat\/ceip-enric-granados\/wp-json\/wp\/v2\/types\/post"}],"author":[{"embeddable":true,"href":"https:\/\/agora.xtec.cat\/ceip-enric-granados\/wp-json\/wp\/v2\/users\/1"}],"replies":[{"embeddable":true,"href":"https:\/\/agora.xtec.cat\/ceip-enric-granados\/wp-json\/wp\/v2\/comments?post=2685"}],"version-history":[{"count":1,"href":"https:\/\/agora.xtec.cat\/ceip-enric-granados\/wp-json\/wp\/v2\/posts\/2685\/revisions"}],"predecessor-version":[{"id":2686,"href":"https:\/\/agora.xtec.cat\/ceip-enric-granados\/wp-json\/wp\/v2\/posts\/2685\/revisions\/2686"}],"wp:featuredmedia":[{"embeddable":true,"href":"https:\/\/agora.xtec.cat\/ceip-enric-granados\/wp-json\/wp\/v2\/media\/2665"}],"wp:attachment":[{"href":"https:\/\/agora.xtec.cat\/ceip-enric-granados\/wp-json\/wp\/v2\/media?parent=2685"}],"wp:term":[{"taxonomy":"category","embeddable":true,"href":"https:\/\/agora.xtec.cat\/ceip-enric-granados\/wp-json\/wp\/v2\/categories?post=2685"},{"taxonomy":"post_tag","embeddable":true,"href":"https:\/\/agora.xtec.cat\/ceip-enric-granados\/wp-json\/wp\/v2\/tags?post=2685"}],"curies":[{"name":"wp","href":"https:\/\/api.w.org\/{rel}","templated":true}]}}