{"id":2614,"date":"2019-04-03T11:35:55","date_gmt":"2019-04-03T09:35:55","guid":{"rendered":"http:\/\/agora.xtec.cat\/ceip-enric-granados\/?p=2614"},"modified":"2019-04-03T11:46:34","modified_gmt":"2019-04-03T09:46:34","slug":"dansa-ara","status":"publish","type":"post","link":"https:\/\/agora.xtec.cat\/ceip-enric-granados\/general\/dansa-ara\/","title":{"rendered":"Dansa Ara"},"content":{"rendered":"<p><a href=\"https:\/\/photos.app.goo.gl\/Sg6YyaSiGeo81dop6\" target=\"_blank\" rel=\"noopener\">\u00c0lbum de fotos<\/a><\/p>\n<p>Les nenes i nens de 2n van participar un cop mes en el projecte Dansa Ara, celebrat al Palau Sant Jordi. Realment va ser una experi\u00e8ncia inoblidable, engrescadora i vital. Van gaudir tant ells com les mestres que les acompanyaven! Dansa Ara \u00e9s un gran esdeveniment de dansa contempor\u00e0nia organitzat per l\u2019<a href=\"http:\/\/www.barcelona.cat\" target=\"_blank\" rel=\"noopener noreferrer\">Ajuntament de Barcelona<\/a> i adre\u00e7at a l\u2019alumnat de cicle inicial d\u2019escoles de Barcelona. Vol promocionar l\u2019aprenentatge de les habilitats r\u00edtmiques i art\u00edstiques dels infants mitjan\u00e7ant la dansa contempor\u00e0nia (<a href=\"http:\/\/www.mouelcos.cat\/?p=6493\" target=\"_blank\" rel=\"noopener\">Mou el cos, desvetlla la ment<\/a>).<\/p>\n<p><a href=\"https:\/\/photos.app.goo.gl\/Sg6YyaSiGeo81dop6\" target=\"_blank\" rel=\"noopener\">\u00c0lbum de fotos<\/a><\/p>\n<p><a href=\"https:\/\/youtu.be\/LPMocExVBn8\" target=\"_blank\" rel=\"noopener\">Dansa Ara<\/a><\/p>\n<p><a href=\"http:\/\/ajuntament.barcelona.cat\/ciutateducadora\/ca\/projectes\/dansa-ara-0\" target=\"_blank\" rel=\"noopener\">Descripci\u00f3 del projecte Dansa Ara<\/a><\/p>\n","protected":false},"excerpt":{"rendered":"<p>\u00c0lbum de fotos Les nenes i nens de 2n van participar un cop mes en el projecte Dansa Ara, celebrat al Palau Sant Jordi. Realment va ser una experi\u00e8ncia inoblidable, engrescadora i vital. Van gaudir tant ells com les mestres que les acompanyaven! Dansa Ara \u00e9s un gran esdeveniment de dansa contempor\u00e0nia organitzat per l\u2019Ajuntament [&hellip;]<\/p>\n","protected":false},"author":1,"featured_media":2617,"comment_status":"closed","ping_status":"closed","sticky":false,"template":"","format":"standard","meta":{"_bbp_topic_count":0,"_bbp_reply_count":0,"_bbp_total_topic_count":0,"_bbp_total_reply_count":0,"_bbp_voice_count":0,"_bbp_anonymous_reply_count":0,"_bbp_topic_count_hidden":0,"_bbp_reply_count_hidden":0,"_bbp_forum_subforum_count":0,"site-sidebar-layout":"default","site-content-layout":"","ast-site-content-layout":"","site-content-style":"default","site-sidebar-style":"default","ast-global-header-display":"","ast-banner-title-visibility":"","ast-main-header-display":"","ast-hfb-above-header-display":"","ast-hfb-below-header-display":"","ast-hfb-mobile-header-display":"","site-post-title":"","ast-breadcrumbs-content":"","ast-featured-img":"","footer-sml-layout":"","theme-transparent-header-meta":"","adv-header-id-meta":"","stick-header-meta":"","header-above-stick-meta":"","header-main-stick-meta":"","header-below-stick-meta":"","astra-migrate-meta-layouts":"default","ast-page-background-enabled":"default","ast-page-background-meta":{"desktop":{"background-color":"var(--ast-global-color-4)","background-image":"","background-repeat":"repeat","background-position":"center center","background-size":"auto","background-attachment":"scroll","background-type":"","background-media":"","overlay-type":"","overlay-color":"","overlay-opacity":"","overlay-gradient":""},"tablet":{"background-color":"","background-image":"","background-repeat":"repeat","background-position":"center center","background-size":"auto","background-attachment":"scroll","background-type":"","background-media":"","overlay-type":"","overlay-color":"","overlay-opacity":"","overlay-gradient":""},"mobile":{"background-color":"","background-image":"","background-repeat":"repeat","background-position":"center center","background-size":"auto","background-attachment":"scroll","background-type":"","background-media":"","overlay-type":"","overlay-color":"","overlay-opacity":"","overlay-gradient":""}},"ast-content-background-meta":{"desktop":{"background-color":"var(--ast-global-color-5)","background-image":"","background-repeat":"repeat","background-position":"center center","background-size":"auto","background-attachment":"scroll","background-type":"","background-media":"","overlay-type":"","overlay-color":"","overlay-opacity":"","overlay-gradient":""},"tablet":{"background-color":"var(--ast-global-color-5)","background-image":"","background-repeat":"repeat","background-position":"center center","background-size":"auto","background-attachment":"scroll","background-type":"","background-media":"","overlay-type":"","overlay-color":"","overlay-opacity":"","overlay-gradient":""},"mobile":{"background-color":"var(--ast-global-color-5)","background-image":"","background-repeat":"repeat","background-position":"center center","background-size":"auto","background-attachment":"scroll","background-type":"","background-media":"","overlay-type":"","overlay-color":"","overlay-opacity":"","overlay-gradient":""}},"footnotes":""},"categories":[34,1,28,4,166],"tags":[161],"class_list":["post-2614","post","type-post","status-publish","format-standard","has-post-thumbnail","hentry","category-cicle-inicial","category-general","category-musica","category-portada","category-rebost-fotos-2018-2019","tag-dansa-ara"],"post_mailing_queue_ids":[],"_links":{"self":[{"href":"https:\/\/agora.xtec.cat\/ceip-enric-granados\/wp-json\/wp\/v2\/posts\/2614","targetHints":{"allow":["GET"]}}],"collection":[{"href":"https:\/\/agora.xtec.cat\/ceip-enric-granados\/wp-json\/wp\/v2\/posts"}],"about":[{"href":"https:\/\/agora.xtec.cat\/ceip-enric-granados\/wp-json\/wp\/v2\/types\/post"}],"author":[{"embeddable":true,"href":"https:\/\/agora.xtec.cat\/ceip-enric-granados\/wp-json\/wp\/v2\/users\/1"}],"replies":[{"embeddable":true,"href":"https:\/\/agora.xtec.cat\/ceip-enric-granados\/wp-json\/wp\/v2\/comments?post=2614"}],"version-history":[{"count":3,"href":"https:\/\/agora.xtec.cat\/ceip-enric-granados\/wp-json\/wp\/v2\/posts\/2614\/revisions"}],"predecessor-version":[{"id":2621,"href":"https:\/\/agora.xtec.cat\/ceip-enric-granados\/wp-json\/wp\/v2\/posts\/2614\/revisions\/2621"}],"wp:featuredmedia":[{"embeddable":true,"href":"https:\/\/agora.xtec.cat\/ceip-enric-granados\/wp-json\/wp\/v2\/media\/2617"}],"wp:attachment":[{"href":"https:\/\/agora.xtec.cat\/ceip-enric-granados\/wp-json\/wp\/v2\/media?parent=2614"}],"wp:term":[{"taxonomy":"category","embeddable":true,"href":"https:\/\/agora.xtec.cat\/ceip-enric-granados\/wp-json\/wp\/v2\/categories?post=2614"},{"taxonomy":"post_tag","embeddable":true,"href":"https:\/\/agora.xtec.cat\/ceip-enric-granados\/wp-json\/wp\/v2\/tags?post=2614"}],"curies":[{"name":"wp","href":"https:\/\/api.w.org\/{rel}","templated":true}]}}