{"id":2559,"date":"2019-03-29T08:00:50","date_gmt":"2019-03-29T07:00:50","guid":{"rendered":"http:\/\/agora.xtec.cat\/ceip-enric-granados\/?p=2559"},"modified":"2019-04-01T09:43:23","modified_gmt":"2019-04-01T07:43:23","slug":"preinscripcio-curs-2019-2020","status":"publish","type":"post","link":"https:\/\/agora.xtec.cat\/ceip-enric-granados\/general\/preinscripcio-curs-2019-2020\/","title":{"rendered":"Preinscripci\u00f3 Curs 2019-2020"},"content":{"rendered":"<p><strong>Per\u00edode de preinscripci\u00f3:<\/strong> del 29 de mar\u00e7 al 9 d&#8217;abril de 2019<\/p>\n<p><strong>Per\u00edode de matriculaci\u00f3:<\/strong> del 4 al 8 de juny de 2019<\/p>\n<p><strong>Documentaci\u00f3:<\/strong><\/p>\n<ul>\n<li>DNI-NIE-PASSAPORT de la mare, pare o tutor legal.<\/li>\n<li>3 fotografies carnet.<\/li>\n<li>Fotoc\u00f2pia llibre de fam\u00edlia.<\/li>\n<li>Fotoc\u00f2pia Targeta Sanit\u00e0ria.<\/li>\n<li>Fotoc\u00f2pia del Carnet de vacunaci\u00f3.<\/li>\n<li>Empadronament o conviv\u00e8ncia.<\/li>\n<\/ul>\n<p>Visita al Centre: durant el per\u00edode de preinscripci\u00f3, podeu visitar el centre dins l&#8217;horari escolar (de 9 a 13 i de 15 a 17 hores) trucant al 933 326 247<\/p>\n<p>Sessions informatives del Districte:<\/p>\n<p>Families de P3, dilluns 11 de mar\u00e7 a les 17 hores a la Sala Pepita Casanellas (passeig de la Zona Franca 185).<\/p>\n<p>Families de 1r ESO, dilluns 11 de mar\u00e7 a les 19 hores a la Sala Pepita Casanellas (passeig de la Zona Franca 185).<\/p>\n<p>Podeu clicar el\u00a0<a href=\"https:\/\/agora.xtec.cat\/ceip-enric-granados\/wp-content\/uploads\/usu843\/2019\/02\/diptic-2019-2020.pdf\">D\u00edptic de la matr\u00edcula<\/a><\/p>\n<p>Podeu ampliar la informaci\u00f3 al\u00a0<a href=\"https:\/\/www.edubcn.cat\/ca\/alumnat_i_familia\/informacio_general_matriculacio\/preinscripcio\" target=\"_blank\" rel=\"noopener\">Consorci d&#8217;Educaci\u00f3 de Barcelona<\/a><\/p>\n","protected":false},"excerpt":{"rendered":"<p>Per\u00edode de preinscripci\u00f3: del 29 de mar\u00e7 al 9 d&#8217;abril de 2019 Per\u00edode de matriculaci\u00f3: del 4 al 8 de juny de 2019 Documentaci\u00f3: DNI-NIE-PASSAPORT de la mare, pare o tutor legal. 3 fotografies carnet. Fotoc\u00f2pia llibre de fam\u00edlia. Fotoc\u00f2pia Targeta Sanit\u00e0ria. Fotoc\u00f2pia del Carnet de vacunaci\u00f3. Empadronament o conviv\u00e8ncia. Visita al Centre: durant el [&hellip;]<\/p>\n","protected":false},"author":1,"featured_media":2562,"comment_status":"open","ping_status":"closed","sticky":false,"template":"","format":"standard","meta":{"_bbp_topic_count":0,"_bbp_reply_count":0,"_bbp_total_topic_count":0,"_bbp_total_reply_count":0,"_bbp_voice_count":0,"_bbp_anonymous_reply_count":0,"_bbp_topic_count_hidden":0,"_bbp_reply_count_hidden":0,"_bbp_forum_subforum_count":0,"site-sidebar-layout":"default","site-content-layout":"","ast-site-content-layout":"","site-content-style":"default","site-sidebar-style":"default","ast-global-header-display":"","ast-banner-title-visibility":"","ast-main-header-display":"","ast-hfb-above-header-display":"","ast-hfb-below-header-display":"","ast-hfb-mobile-header-display":"","site-post-title":"","ast-breadcrumbs-content":"","ast-featured-img":"","footer-sml-layout":"","theme-transparent-header-meta":"","adv-header-id-meta":"","stick-header-meta":"","header-above-stick-meta":"","header-main-stick-meta":"","header-below-stick-meta":"","astra-migrate-meta-layouts":"default","ast-page-background-enabled":"default","ast-page-background-meta":{"desktop":{"background-color":"var(--ast-global-color-4)","background-image":"","background-repeat":"repeat","background-position":"center center","background-size":"auto","background-attachment":"scroll","background-type":"","background-media":"","overlay-type":"","overlay-color":"","overlay-opacity":"","overlay-gradient":""},"tablet":{"background-color":"","background-image":"","background-repeat":"repeat","background-position":"center center","background-size":"auto","background-attachment":"scroll","background-type":"","background-media":"","overlay-type":"","overlay-color":"","overlay-opacity":"","overlay-gradient":""},"mobile":{"background-color":"","background-image":"","background-repeat":"repeat","background-position":"center center","background-size":"auto","background-attachment":"scroll","background-type":"","background-media":"","overlay-type":"","overlay-color":"","overlay-opacity":"","overlay-gradient":""}},"ast-content-background-meta":{"desktop":{"background-color":"var(--ast-global-color-5)","background-image":"","background-repeat":"repeat","background-position":"center center","background-size":"auto","background-attachment":"scroll","background-type":"","background-media":"","overlay-type":"","overlay-color":"","overlay-opacity":"","overlay-gradient":""},"tablet":{"background-color":"var(--ast-global-color-5)","background-image":"","background-repeat":"repeat","background-position":"center center","background-size":"auto","background-attachment":"scroll","background-type":"","background-media":"","overlay-type":"","overlay-color":"","overlay-opacity":"","overlay-gradient":""},"mobile":{"background-color":"var(--ast-global-color-5)","background-image":"","background-repeat":"repeat","background-position":"center center","background-size":"auto","background-attachment":"scroll","background-type":"","background-media":"","overlay-type":"","overlay-color":"","overlay-opacity":"","overlay-gradient":""}},"footnotes":""},"categories":[1,4],"tags":[191,25,160],"class_list":["post-2559","post","type-post","status-publish","format-standard","has-post-thumbnail","hentry","category-general","category-portada","tag-escola-publica","tag-matricula","tag-preinscripcio"],"post_mailing_queue_ids":[],"_links":{"self":[{"href":"https:\/\/agora.xtec.cat\/ceip-enric-granados\/wp-json\/wp\/v2\/posts\/2559","targetHints":{"allow":["GET"]}}],"collection":[{"href":"https:\/\/agora.xtec.cat\/ceip-enric-granados\/wp-json\/wp\/v2\/posts"}],"about":[{"href":"https:\/\/agora.xtec.cat\/ceip-enric-granados\/wp-json\/wp\/v2\/types\/post"}],"author":[{"embeddable":true,"href":"https:\/\/agora.xtec.cat\/ceip-enric-granados\/wp-json\/wp\/v2\/users\/1"}],"replies":[{"embeddable":true,"href":"https:\/\/agora.xtec.cat\/ceip-enric-granados\/wp-json\/wp\/v2\/comments?post=2559"}],"version-history":[{"count":2,"href":"https:\/\/agora.xtec.cat\/ceip-enric-granados\/wp-json\/wp\/v2\/posts\/2559\/revisions"}],"predecessor-version":[{"id":2565,"href":"https:\/\/agora.xtec.cat\/ceip-enric-granados\/wp-json\/wp\/v2\/posts\/2559\/revisions\/2565"}],"wp:featuredmedia":[{"embeddable":true,"href":"https:\/\/agora.xtec.cat\/ceip-enric-granados\/wp-json\/wp\/v2\/media\/2562"}],"wp:attachment":[{"href":"https:\/\/agora.xtec.cat\/ceip-enric-granados\/wp-json\/wp\/v2\/media?parent=2559"}],"wp:term":[{"taxonomy":"category","embeddable":true,"href":"https:\/\/agora.xtec.cat\/ceip-enric-granados\/wp-json\/wp\/v2\/categories?post=2559"},{"taxonomy":"post_tag","embeddable":true,"href":"https:\/\/agora.xtec.cat\/ceip-enric-granados\/wp-json\/wp\/v2\/tags?post=2559"}],"curies":[{"name":"wp","href":"https:\/\/api.w.org\/{rel}","templated":true}]}}