{"id":2290,"date":"2018-06-08T13:15:09","date_gmt":"2018-06-08T11:15:09","guid":{"rendered":"http:\/\/agora.xtec.cat\/ceip-enric-granados\/?p=2290"},"modified":"2018-06-08T13:30:33","modified_gmt":"2018-06-08T11:30:33","slug":"tallers-de-primavera-2018-tallers-amb-el-cor","status":"publish","type":"post","link":"https:\/\/agora.xtec.cat\/ceip-enric-granados\/portada\/tallers-de-primavera-2018-tallers-amb-el-cor\/","title":{"rendered":"Tallers de Primavera 2018. Tallers amb el cor."},"content":{"rendered":"<p><a href=\"https:\/\/photos.app.goo.gl\/OjF2It8v3Vw0crjc2\" target=\"_blank\" rel=\"noopener noreferrer\">\u00c0lbum de fotos.<\/a><\/p>\n<p>Els passats dies 31 de maig i 1 de juny v\u00e0rem fer els tallers de primavera 2018 &#8220;Taller amb el cor&#8221;. S\u00f3n dos dies de molta activitat per\u00f2 molt vivencials. Ens barregem per un cant\u00f3 Ed. Infantil i Cicle inicial i per l&#8217;altre Cicle Mitj\u00e0 i Superior. Cada agrupaci\u00f3 fa sis tallers en dos dies. Els tallers que v\u00e0rem realitzar s\u00f3n els seg\u00fcents:<\/p>\n<table style=\"width: 1173px;\">\n<tbody>\n<tr style=\"height: 28px;\">\n<td style=\"width: 104px; height: 28px;\"><strong>INTERCICLE<\/strong><\/td>\n<td style=\"width: 194px; height: 28px;\"><strong>T\u00cdTOL DEL TALLER<\/strong><\/td>\n<td style=\"width: 865px; height: 28px;\"><strong>DESCRIPCI\u00d3 DEL TALLER<\/strong><\/td>\n<\/tr>\n<tr style=\"height: 19px;\">\n<td style=\"width: 104px; height: 19px;\"><strong>EI\/CI<\/strong><\/td>\n<td style=\"width: 194px; height: 19px;\"><strong>Massatges del cor<\/strong><\/td>\n<td style=\"width: 865px; height: 19px;\">L&#8217;hora del massatge, temps per compartir, lloc per escoltar-nos, estimar-nos i gaudir.<\/td>\n<\/tr>\n<tr style=\"height: 55px;\">\n<td style=\"width: 104px; height: 55px;\"><strong>EI\/CI<\/strong><\/td>\n<td style=\"width: 194px; height: 55px;\"><strong>Aix\u00ed \u00e9s el meu cor<\/strong><\/td>\n<td style=\"width: 865px; height: 55px;\">Expliquem el conte i a partir d&#8217;ell expressar sentiments propis conjuntament ( a nivell oral i pl\u00e0stic).<\/td>\n<\/tr>\n<tr style=\"height: 16px;\">\n<td style=\"width: 104px; height: 16px;\"><strong>EI\/CI<\/strong><\/td>\n<td style=\"width: 194px; height: 16px;\"><strong>Mengem amb el cor<\/strong><\/td>\n<td style=\"width: 865px; height: 16px;\">Farem una manualitat amb fruita (un pl\u00e0tan amb cara) per tal de promoure els h\u00e0bits saludables.<\/td>\n<\/tr>\n<tr style=\"height: 19px;\">\n<td style=\"width: 104px; height: 19px;\"><strong>EI\/CI<\/strong><\/td>\n<td style=\"width: 194px; height: 19px;\"><strong>Mirem amb el cor<\/strong><\/td>\n<td style=\"width: 865px; height: 19px;\">Crearem una manualitat que consistir\u00e0 en una lupa en forma de cor per treballar els colors primaris i secundaris.<\/td>\n<\/tr>\n<tr style=\"height: 30px;\">\n<td style=\"width: 104px; height: 30px;\"><strong>EI\/CI<\/strong><\/td>\n<td style=\"width: 194px; height: 30px;\"><strong>Fes bategar el teu cor!<\/strong><\/td>\n<td style=\"width: 865px; height: 30px;\">E ballar\u00e0 una coreografia preparada. D&#8217;aquesta manera, es far\u00e0 entendre que \u00e9s important fer esport per tenir una vida saludable.<\/td>\n<\/tr>\n<tr style=\"height: 24px;\">\n<td style=\"width: 104px; height: 24px;\"><strong>EI\/CI<\/strong><\/td>\n<td style=\"width: 194px; height: 24px;\"><strong>Pintem el mur<\/strong><\/td>\n<td style=\"width: 865px; height: 24px;\">Acabar el mural de la granja del mur de la porta d&#8217;entrada<\/td>\n<\/tr>\n<tr style=\"height: 55px;\">\n<td style=\"width: 104px; height: 55px;\"><\/td>\n<td style=\"width: 194px; height: 55px;\"><\/td>\n<td style=\"width: 865px; height: 55px;\"><\/td>\n<\/tr>\n<tr style=\"height: 37px;\">\n<td style=\"width: 104px; height: 37px;\"><strong>CM\/CS<\/strong><\/td>\n<td style=\"width: 194px; height: 37px;\"><strong>Olor de cor<\/strong><\/td>\n<td style=\"width: 865px; height: 37px;\">Faran un taller d\u2019elaboraci\u00f3 de sabonets de glicerina.<\/td>\n<\/tr>\n<tr style=\"height: 46px;\">\n<td style=\"width: 104px; height: 46px;\"><strong>CM\/CS<\/strong><\/td>\n<td style=\"width: 194px; height: 46px;\"><strong>Escoltem el nostre cor<\/strong><\/td>\n<td style=\"width: 865px; height: 46px;\">er una relaxaci\u00f3 i escoltar el cor, despr\u00e9s fer dos balls i tornar a escoltar<\/td>\n<\/tr>\n<tr style=\"height: 20px;\">\n<td style=\"width: 104px; height: 20px;\"><strong>CM\/CS<\/strong><\/td>\n<td style=\"width: 194px; height: 20px;\"><strong>Dimensi\u00f3 de cor<\/strong><\/td>\n<td style=\"width: 865px; height: 20px;\">Representaci\u00f3 d&#8217;un cor en tres dimensions a partir d&#8217;estructures planes.<\/td>\n<\/tr>\n<tr style=\"height: 33px;\">\n<td style=\"width: 104px; height: 33px;\"><strong>CM\/CS<\/strong><\/td>\n<td style=\"width: 194px; height: 33px;\"><strong>Bateguem amb la m\u00fasica<\/strong><\/td>\n<td style=\"width: 865px; height: 33px;\">Seguirem amb els instruments de petita percussi\u00f3 un musicograma de la can\u00e7\u00f3 &#8220;That one that go away&#8221; de Katy Perry<\/td>\n<\/tr>\n<tr style=\"height: 40px;\">\n<td style=\"width: 104px; height: 40px;\"><strong>CM\/CS<\/strong><\/td>\n<td style=\"width: 194px; height: 40px;\"><strong>Decorem el nostre pati<\/strong><\/td>\n<td style=\"width: 865px; height: 40px;\">Pintarem el pati amb paraules que surten del cor<\/td>\n<\/tr>\n<tr style=\"height: 77px;\">\n<td style=\"width: 104px; height: 77px;\"><strong>CM\/CS<\/strong><\/td>\n<td style=\"width: 194px; height: 77px;\"><strong>Un cor ben fort<\/strong><\/td>\n<td style=\"width: 865px; height: 77px;\">Es realitzar\u00e0 una joc on es treballar\u00e0 la resist\u00e8ncia aer\u00f2bica. Prendrem les pulsacions abans i despr\u00e9s de fer el joc, i comprovarem les diferencies i parlarem de perqu\u00e8 es produeixen.<\/td>\n<\/tr>\n<\/tbody>\n<\/table>\n","protected":false},"excerpt":{"rendered":"<p>\u00c0lbum de fotos. Els passats dies 31 de maig i 1 de juny v\u00e0rem fer els tallers de primavera 2018 &#8220;Taller amb el cor&#8221;. S\u00f3n dos dies de molta activitat per\u00f2 molt vivencials. Ens barregem per un cant\u00f3 Ed. Infantil i Cicle inicial i per l&#8217;altre Cicle Mitj\u00e0 i Superior. Cada agrupaci\u00f3 fa sis tallers [&hellip;]<\/p>\n","protected":false},"author":1,"featured_media":2292,"comment_status":"closed","ping_status":"closed","sticky":false,"template":"","format":"standard","meta":{"_bbp_topic_count":0,"_bbp_reply_count":0,"_bbp_total_topic_count":0,"_bbp_total_reply_count":0,"_bbp_voice_count":0,"_bbp_anonymous_reply_count":0,"_bbp_topic_count_hidden":0,"_bbp_reply_count_hidden":0,"_bbp_forum_subforum_count":0,"site-sidebar-layout":"default","site-content-layout":"","ast-site-content-layout":"","site-content-style":"default","site-sidebar-style":"default","ast-global-header-display":"","ast-banner-title-visibility":"","ast-main-header-display":"","ast-hfb-above-header-display":"","ast-hfb-below-header-display":"","ast-hfb-mobile-header-display":"","site-post-title":"","ast-breadcrumbs-content":"","ast-featured-img":"","footer-sml-layout":"","theme-transparent-header-meta":"","adv-header-id-meta":"","stick-header-meta":"","header-above-stick-meta":"","header-main-stick-meta":"","header-below-stick-meta":"","astra-migrate-meta-layouts":"default","ast-page-background-enabled":"default","ast-page-background-meta":{"desktop":{"background-color":"var(--ast-global-color-4)","background-image":"","background-repeat":"repeat","background-position":"center center","background-size":"auto","background-attachment":"scroll","background-type":"","background-media":"","overlay-type":"","overlay-color":"","overlay-opacity":"","overlay-gradient":""},"tablet":{"background-color":"","background-image":"","background-repeat":"repeat","background-position":"center center","background-size":"auto","background-attachment":"scroll","background-type":"","background-media":"","overlay-type":"","overlay-color":"","overlay-opacity":"","overlay-gradient":""},"mobile":{"background-color":"","background-image":"","background-repeat":"repeat","background-position":"center center","background-size":"auto","background-attachment":"scroll","background-type":"","background-media":"","overlay-type":"","overlay-color":"","overlay-opacity":"","overlay-gradient":""}},"ast-content-background-meta":{"desktop":{"background-color":"var(--ast-global-color-5)","background-image":"","background-repeat":"repeat","background-position":"center center","background-size":"auto","background-attachment":"scroll","background-type":"","background-media":"","overlay-type":"","overlay-color":"","overlay-opacity":"","overlay-gradient":""},"tablet":{"background-color":"var(--ast-global-color-5)","background-image":"","background-repeat":"repeat","background-position":"center center","background-size":"auto","background-attachment":"scroll","background-type":"","background-media":"","overlay-type":"","overlay-color":"","overlay-opacity":"","overlay-gradient":""},"mobile":{"background-color":"var(--ast-global-color-5)","background-image":"","background-repeat":"repeat","background-position":"center center","background-size":"auto","background-attachment":"scroll","background-type":"","background-media":"","overlay-type":"","overlay-color":"","overlay-opacity":"","overlay-gradient":""}},"footnotes":""},"categories":[4,136,43],"tags":[126],"class_list":["post-2290","post","type-post","status-publish","format-standard","has-post-thumbnail","hentry","category-portada","category-rebost-fotos-2017-2018","category-tallers","tag-tallers-de-primavera"],"post_mailing_queue_ids":[],"_links":{"self":[{"href":"https:\/\/agora.xtec.cat\/ceip-enric-granados\/wp-json\/wp\/v2\/posts\/2290","targetHints":{"allow":["GET"]}}],"collection":[{"href":"https:\/\/agora.xtec.cat\/ceip-enric-granados\/wp-json\/wp\/v2\/posts"}],"about":[{"href":"https:\/\/agora.xtec.cat\/ceip-enric-granados\/wp-json\/wp\/v2\/types\/post"}],"author":[{"embeddable":true,"href":"https:\/\/agora.xtec.cat\/ceip-enric-granados\/wp-json\/wp\/v2\/users\/1"}],"replies":[{"embeddable":true,"href":"https:\/\/agora.xtec.cat\/ceip-enric-granados\/wp-json\/wp\/v2\/comments?post=2290"}],"version-history":[{"count":1,"href":"https:\/\/agora.xtec.cat\/ceip-enric-granados\/wp-json\/wp\/v2\/posts\/2290\/revisions"}],"predecessor-version":[{"id":2291,"href":"https:\/\/agora.xtec.cat\/ceip-enric-granados\/wp-json\/wp\/v2\/posts\/2290\/revisions\/2291"}],"wp:featuredmedia":[{"embeddable":true,"href":"https:\/\/agora.xtec.cat\/ceip-enric-granados\/wp-json\/wp\/v2\/media\/2292"}],"wp:attachment":[{"href":"https:\/\/agora.xtec.cat\/ceip-enric-granados\/wp-json\/wp\/v2\/media?parent=2290"}],"wp:term":[{"taxonomy":"category","embeddable":true,"href":"https:\/\/agora.xtec.cat\/ceip-enric-granados\/wp-json\/wp\/v2\/categories?post=2290"},{"taxonomy":"post_tag","embeddable":true,"href":"https:\/\/agora.xtec.cat\/ceip-enric-granados\/wp-json\/wp\/v2\/tags?post=2290"}],"curies":[{"name":"wp","href":"https:\/\/api.w.org\/{rel}","templated":true}]}}