{"id":2110,"date":"2018-03-19T12:05:29","date_gmt":"2018-03-19T11:05:29","guid":{"rendered":"http:\/\/agora.xtec.cat\/ceip-enric-granados\/?p=2110"},"modified":"2018-03-20T10:09:54","modified_gmt":"2018-03-20T09:09:54","slug":"colonies-escolars","status":"publish","type":"post","link":"https:\/\/agora.xtec.cat\/ceip-enric-granados\/portada\/colonies-escolars\/","title":{"rendered":"Col\u00f2nies escolars"},"content":{"rendered":"<p><a href=\"https:\/\/photos.app.goo.gl\/AmqfCGpJFdFKIidm1\" target=\"_blank\" rel=\"noopener noreferrer\">\u00c0lbum de fotografies<\/a>\u00a0\u00a0 Els dies 15 i 16 de mar\u00e7 v\u00e0rem anar de col\u00f2nies a la casa <a href=\"https:\/\/www.peretarres.org\/wps\/wcm\/connect\/peretarres_ca\/peretarres\/webs\/allotjaments\/home\/cercador\/catalunya\/veure_detall_allotjament?Idi=es&amp;CodiInst=2\" target=\"_blank\" rel=\"noopener noreferrer\">&#8220;Artur Martorell&#8221;<\/a>, ubicada al municipi Calafell. Ens va agradar molt\u00edssim. Les activitats, descoberta de la natura, orientaci\u00f3 al bosc, dormir amb les companyes i companys, compartir moments i emocions. Aqu\u00ed teniu un <a href=\"https:\/\/photos.app.goo.gl\/AmqfCGpJFdFKIidm1\" target=\"_blank\" rel=\"noopener noreferrer\">\u00e0lbum de fotografies<\/a> per si voleu compartir amb nosaltres aquests grans moments.<\/p>\n<p><iframe loading=\"lazy\" src=\"https:\/\/www.youtube.com\/embed\/aXliUPpuuP4?rel=0\" width=\"560\" height=\"315\" frameborder=\"0\" allowfullscreen=\"allowfullscreen\"><\/iframe><\/p>\n<p><iframe loading=\"lazy\" src=\"https:\/\/www.youtube.com\/embed\/xvwHwsgPQew?rel=0\" width=\"560\" height=\"315\" frameborder=\"0\" allowfullscreen=\"allowfullscreen\"><\/iframe><\/p>\n","protected":false},"excerpt":{"rendered":"<p>\u00c0lbum de fotografies\u00a0\u00a0 Els dies 15 i 16 de mar\u00e7 v\u00e0rem anar de col\u00f2nies a la casa &#8220;Artur Martorell&#8221;, ubicada al municipi Calafell. Ens va agradar molt\u00edssim. Les activitats, descoberta de la natura, orientaci\u00f3 al bosc, dormir amb les companyes i companys, compartir moments i emocions. Aqu\u00ed teniu un \u00e0lbum de fotografies per si voleu [&hellip;]<\/p>\n","protected":false},"author":1,"featured_media":2122,"comment_status":"closed","ping_status":"closed","sticky":false,"template":"","format":"standard","meta":{"_bbp_topic_count":0,"_bbp_reply_count":0,"_bbp_total_topic_count":0,"_bbp_total_reply_count":0,"_bbp_voice_count":0,"_bbp_anonymous_reply_count":0,"_bbp_topic_count_hidden":0,"_bbp_reply_count_hidden":0,"_bbp_forum_subforum_count":0,"site-sidebar-layout":"default","site-content-layout":"","ast-site-content-layout":"","site-content-style":"default","site-sidebar-style":"default","ast-global-header-display":"","ast-banner-title-visibility":"","ast-main-header-display":"","ast-hfb-above-header-display":"","ast-hfb-below-header-display":"","ast-hfb-mobile-header-display":"","site-post-title":"","ast-breadcrumbs-content":"","ast-featured-img":"","footer-sml-layout":"","theme-transparent-header-meta":"","adv-header-id-meta":"","stick-header-meta":"","header-above-stick-meta":"","header-main-stick-meta":"","header-below-stick-meta":"","astra-migrate-meta-layouts":"default","ast-page-background-enabled":"default","ast-page-background-meta":{"desktop":{"background-color":"var(--ast-global-color-4)","background-image":"","background-repeat":"repeat","background-position":"center center","background-size":"auto","background-attachment":"scroll","background-type":"","background-media":"","overlay-type":"","overlay-color":"","overlay-opacity":"","overlay-gradient":""},"tablet":{"background-color":"","background-image":"","background-repeat":"repeat","background-position":"center center","background-size":"auto","background-attachment":"scroll","background-type":"","background-media":"","overlay-type":"","overlay-color":"","overlay-opacity":"","overlay-gradient":""},"mobile":{"background-color":"","background-image":"","background-repeat":"repeat","background-position":"center center","background-size":"auto","background-attachment":"scroll","background-type":"","background-media":"","overlay-type":"","overlay-color":"","overlay-opacity":"","overlay-gradient":""}},"ast-content-background-meta":{"desktop":{"background-color":"var(--ast-global-color-5)","background-image":"","background-repeat":"repeat","background-position":"center center","background-size":"auto","background-attachment":"scroll","background-type":"","background-media":"","overlay-type":"","overlay-color":"","overlay-opacity":"","overlay-gradient":""},"tablet":{"background-color":"var(--ast-global-color-5)","background-image":"","background-repeat":"repeat","background-position":"center center","background-size":"auto","background-attachment":"scroll","background-type":"","background-media":"","overlay-type":"","overlay-color":"","overlay-opacity":"","overlay-gradient":""},"mobile":{"background-color":"var(--ast-global-color-5)","background-image":"","background-repeat":"repeat","background-position":"center center","background-size":"auto","background-attachment":"scroll","background-type":"","background-media":"","overlay-type":"","overlay-color":"","overlay-opacity":"","overlay-gradient":""}},"footnotes":""},"categories":[47,4,136],"tags":[27,49],"class_list":["post-2110","post","type-post","status-publish","format-standard","has-post-thumbnail","hentry","category-colonies","category-portada","category-rebost-fotos-2017-2018","tag-activitats","tag-colonies"],"post_mailing_queue_ids":[],"_links":{"self":[{"href":"https:\/\/agora.xtec.cat\/ceip-enric-granados\/wp-json\/wp\/v2\/posts\/2110","targetHints":{"allow":["GET"]}}],"collection":[{"href":"https:\/\/agora.xtec.cat\/ceip-enric-granados\/wp-json\/wp\/v2\/posts"}],"about":[{"href":"https:\/\/agora.xtec.cat\/ceip-enric-granados\/wp-json\/wp\/v2\/types\/post"}],"author":[{"embeddable":true,"href":"https:\/\/agora.xtec.cat\/ceip-enric-granados\/wp-json\/wp\/v2\/users\/1"}],"replies":[{"embeddable":true,"href":"https:\/\/agora.xtec.cat\/ceip-enric-granados\/wp-json\/wp\/v2\/comments?post=2110"}],"version-history":[{"count":3,"href":"https:\/\/agora.xtec.cat\/ceip-enric-granados\/wp-json\/wp\/v2\/posts\/2110\/revisions"}],"predecessor-version":[{"id":2125,"href":"https:\/\/agora.xtec.cat\/ceip-enric-granados\/wp-json\/wp\/v2\/posts\/2110\/revisions\/2125"}],"wp:featuredmedia":[{"embeddable":true,"href":"https:\/\/agora.xtec.cat\/ceip-enric-granados\/wp-json\/wp\/v2\/media\/2122"}],"wp:attachment":[{"href":"https:\/\/agora.xtec.cat\/ceip-enric-granados\/wp-json\/wp\/v2\/media?parent=2110"}],"wp:term":[{"taxonomy":"category","embeddable":true,"href":"https:\/\/agora.xtec.cat\/ceip-enric-granados\/wp-json\/wp\/v2\/categories?post=2110"},{"taxonomy":"post_tag","embeddable":true,"href":"https:\/\/agora.xtec.cat\/ceip-enric-granados\/wp-json\/wp\/v2\/tags?post=2110"}],"curies":[{"name":"wp","href":"https:\/\/api.w.org\/{rel}","templated":true}]}}